{"id":265193,"date":"2025-05-10T17:00:00","date_gmt":"2025-05-10T15:00:00","guid":{"rendered":"https:\/\/www.tucomarca.com\/wordpress\/segunda\/?p=265193"},"modified":"2025-05-11T13:47:41","modified_gmt":"2025-05-11T11:47:41","slug":"una-nova-tempesta-amb-fort-granissol-torna-a-afectar-a-villar-del-arzobispo","status":"publish","type":"post","link":"https:\/\/tucomarca.whitekongsoftware.com\/ca\/una-nova-tempesta-amb-fort-granissol-torna-a-afectar-a-villar-del-arzobispo\/","title":{"rendered":"Una nova tempesta amb fort gran\u00edssol torna a afectar a Villar del Arzobispo"},"content":{"rendered":"\n<p class=\"wp-block-paragraph\">El Consorci Provincial de Bombers de Val\u00e8ncia segueix en alerta per les intenses pluges que estan afectant diversos municipis de l&#8217;interior, on la Generalitat Valenciana mant\u00e9 activada l&#8217;alerta taronja.<\/p>\n\n\n\n<p class=\"wp-block-paragraph\">Durant la vesprada d&#8217;aquest dissabte, s&#8217;han mobilitzat efectius per a revisar possibles punts inundats a Camporrobles i Villar del Arzobispo, on, a m\u00e9s, han hagut d&#8217;actuar pel fet que diversos vehicles havien quedat bloquejats per una forta pedregada.<\/p>\n\n\n\n<p class=\"wp-block-paragraph\">Tamb\u00e9 s&#8217;han desplegat unitats de bombers forestals en diferents zones del riu T\u00faria per a fer tasques de verificaci\u00f3 i control. Encara que fins al moment no s&#8217;han registrat incid\u00e8ncies de gravetat, des del Consorci es fa una crida a la ciutadania perqu\u00e8 extreme la precauci\u00f3, especialment en les \u00e0rees m\u00e9s afectades. <\/p>\n\n\n\n<p class=\"wp-block-paragraph\">Aix\u00ed mateix, agraeixen als mitjans de comunicaci\u00f3 la seua col\u00b7laboraci\u00f3 en la difusi\u00f3 de missatges preventius.<\/p>\n","protected":false},"excerpt":{"rendered":"<div class=\"mh-excerpt\">El Consorci Provincial de Bombers de Val\u00e8ncia segueix en alerta per les intenses pluges que estan afectant diversos municipis de l&#8217;interior, on la Generalitat Valenciana mant\u00e9 activada l&#8217;alerta taronja. Durant la vesprada d&#8217;aquest dissabte, s&#8217;han <a class=\"mh-excerpt-more\" href=\"https:\/\/tucomarca.whitekongsoftware.com\/ca\/una-nova-tempesta-amb-fort-granissol-torna-a-afectar-a-villar-del-arzobispo\/\" title=\"Una nova tempesta amb fort gran\u00edssol torna a afectar a Villar del Arzobispo\">[+] <\/a><\/div>\n","protected":false},"author":12,"featured_media":264858,"comment_status":"open","ping_status":"open","sticky":false,"template":"","format":"standard","meta":{"footnotes":""},"categories":[11031,11046,10898,10948,10894,10904,10903,10909,10896,10897,11029],"tags":[11098,20371,11080,10910,11119],"class_list":["post-265193","post","type-post","status-publish","format-standard","has-post-thumbnail","category-camporrobles-ca","category-los-serranos-ca","category-ventana-ca","category-infraestructuras-ca","category-la-comarca-ca","category-sin-categorizar-ca","category-medio-ambiente-la-comarca-ca","category-requena-utiel-ca","category-seccion-ca","category-sucesos-la-comarca-ca","category-villar-del-arzobispo-ca","tag-camporrobles-ca","tag-consorcio-provincial-de-bomberos-ca","tag-los-serranos-ca","tag-requena-utiel-ca","tag-villar-del-arzobispo-ca"],"_links":{"self":[{"href":"https:\/\/tucomarca.whitekongsoftware.com\/ca\/wp-json\/wp\/v2\/posts\/265193","targetHints":{"allow":["GET"]}}],"collection":[{"href":"https:\/\/tucomarca.whitekongsoftware.com\/ca\/wp-json\/wp\/v2\/posts"}],"about":[{"href":"https:\/\/tucomarca.whitekongsoftware.com\/ca\/wp-json\/wp\/v2\/types\/post"}],"author":[{"embeddable":true,"href":"https:\/\/tucomarca.whitekongsoftware.com\/ca\/wp-json\/wp\/v2\/users\/12"}],"replies":[{"embeddable":true,"href":"https:\/\/tucomarca.whitekongsoftware.com\/ca\/wp-json\/wp\/v2\/comments?post=265193"}],"version-history":[{"count":0,"href":"https:\/\/tucomarca.whitekongsoftware.com\/ca\/wp-json\/wp\/v2\/posts\/265193\/revisions"}],"wp:featuredmedia":[{"embeddable":true,"href":"https:\/\/tucomarca.whitekongsoftware.com\/ca\/wp-json\/wp\/v2\/media\/264858"}],"wp:attachment":[{"href":"https:\/\/tucomarca.whitekongsoftware.com\/ca\/wp-json\/wp\/v2\/media?parent=265193"}],"wp:term":[{"taxonomy":"category","embeddable":true,"href":"https:\/\/tucomarca.whitekongsoftware.com\/ca\/wp-json\/wp\/v2\/categories?post=265193"},{"taxonomy":"post_tag","embeddable":true,"href":"https:\/\/tucomarca.whitekongsoftware.com\/ca\/wp-json\/wp\/v2\/tags?post=265193"}],"curies":[{"name":"wp","href":"https:\/\/api.w.org\/{rel}","templated":true}]}}