{"id":265093,"date":"2025-05-10T13:00:00","date_gmt":"2025-05-10T11:00:00","guid":{"rendered":"https:\/\/www.tucomarca.com\/wordpress\/segunda\/?p=265093"},"modified":"2025-05-10T21:45:46","modified_gmt":"2025-05-10T19:45:46","slug":"fotogaleria-la-xviii-fira-de-comerc-i-turisme-de-bunyol-arranca-amb-gran-acolliment-i-suport-institucional","status":"publish","type":"post","link":"https:\/\/tucomarca.whitekongsoftware.com\/ca\/fotogaleria-la-xviii-fira-de-comerc-i-turisme-de-bunyol-arranca-amb-gran-acolliment-i-suport-institucional\/","title":{"rendered":"Fotogaler\u00eda: la XVIII Fira de Comer\u00e7 i Turisme de Bunyol arranca amb gran acolliment i suport institucional"},"content":{"rendered":"\n<p class=\"wp-block-paragraph\">La XVIII Fira de Comer\u00e7 i Turisme de Bunyol ha comen\u00e7at amb un excel\u00b7lent acolliment per part de la ciutadania, gr\u00e0cies al comprom\u00eds i la implicaci\u00f3 del teixit comercial del municipi. Bunyol continua apostant pel comer\u00e7 local com a motor de dinamitzaci\u00f3 econ\u00f2mica i social. La fira continuar\u00e0 durant tot el cap de setmana al parc del Planell, convertit en epicentre de l&#8217;activitat comercial, cultural i festiva.<\/p>\n\n\n\n<p class=\"wp-block-paragraph\">L&#8217;acte inaugural va ser presentat per Regina Mart\u00ednez, fundadora de \u201cNi M\u00e9s ni M\u00e0\u201d, qui va conduir la presentaci\u00f3 i va introduir les intervencions del regidor de Comer\u00e7, Mario Al\u00eds; l&#8217;alcaldessa de Bunyol, Virg\u00ednia Sanz; i el president de la ACyEB, Daniel Vicente. Tots ells van coincidir a destacar la import\u00e0ncia de donar suport al comer\u00e7 local i refor\u00e7ar la col\u00b7laboraci\u00f3 entre institucions, associacions i ciutadania.<\/p>\n\n\n\n<p class=\"wp-block-paragraph\">A m\u00e9s, l&#8217;acte va comptar amb la visita als estands de les autoritats locals, acompanyades per alcaldes i regidors de la comarca, aix\u00ed com pel Rei de les Festes, Yeray Ruiz, i la Fallera Major de la Junta Local, Candela Padilla. Al costat del president de l&#8217;Associaci\u00f3 de Comerciants, Daniel Vicente, van protagonitzar el simb\u00f2lic tall de cinta que va donar pas a l&#8217;obertura oficial del recinte firal al Parc del Planell.<\/p>\n\n\n\n<p class=\"wp-block-paragraph\">Despr\u00e9s d&#8217;aquest acte es va realitzar un lunch per als assistents amb l&#8217;acompanyament musical del grup Nost\u00e0lgia.<\/p>\n\n\n\n<figure class=\"wp-block-gallery has-nested-images columns-2 is-cropped wp-block-gallery-1 is-layout-flex wp-block-gallery-is-layout-flex\">\n<figure class=\"wp-block-image size-large\"><img loading=\"lazy\" decoding=\"async\" width=\"1024\" height=\"682\" data-id=\"265046\" src=\"https:\/\/www.tucomarca.com\/wordpress\/segunda\/wp-content\/uploads\/2025\/05\/FeriaComercio25_01-1024x682.jpg\" alt=\"\" class=\"wp-image-265046\" srcset=\"https:\/\/tucomarca.whitekongsoftware.com\/wp-content\/uploads\/2025\/05\/FeriaComercio25_01-1024x682.jpg 1024w, https:\/\/tucomarca.whitekongsoftware.com\/wp-content\/uploads\/2025\/05\/FeriaComercio25_01-300x200.jpg 300w, https:\/\/tucomarca.whitekongsoftware.com\/wp-content\/uploads\/2025\/05\/FeriaComercio25_01-768x512.jpg 768w, https:\/\/tucomarca.whitekongsoftware.com\/wp-content\/uploads\/2025\/05\/FeriaComercio25_01.jpg 1181w\" sizes=\"auto, (max-width: 1024px) 100vw, 1024px\" \/><\/figure>\n\n\n\n<figure class=\"wp-block-image size-large\"><img loading=\"lazy\" decoding=\"async\" width=\"1024\" height=\"682\" data-id=\"265048\" src=\"https:\/\/www.tucomarca.com\/wordpress\/segunda\/wp-content\/uploads\/2025\/05\/FeriaComercio25_02-1024x682.jpg\" alt=\"\" class=\"wp-image-265048\" srcset=\"https:\/\/tucomarca.whitekongsoftware.com\/wp-content\/uploads\/2025\/05\/FeriaComercio25_02-1024x682.jpg 1024w, https:\/\/tucomarca.whitekongsoftware.com\/wp-content\/uploads\/2025\/05\/FeriaComercio25_02-300x200.jpg 300w, https:\/\/tucomarca.whitekongsoftware.com\/wp-content\/uploads\/2025\/05\/FeriaComercio25_02-768x512.jpg 768w, https:\/\/tucomarca.whitekongsoftware.com\/wp-content\/uploads\/2025\/05\/FeriaComercio25_02.jpg 1181w\" sizes=\"auto, (max-width: 1024px) 100vw, 1024px\" \/><\/figure>\n\n\n\n<figure class=\"wp-block-image size-large\"><img loading=\"lazy\" decoding=\"async\" width=\"1024\" height=\"682\" data-id=\"265050\" src=\"https:\/\/www.tucomarca.com\/wordpress\/segunda\/wp-content\/uploads\/2025\/05\/FeriaComercio25_03-1024x682.jpg\" alt=\"\" class=\"wp-image-265050\" srcset=\"https:\/\/tucomarca.whitekongsoftware.com\/wp-content\/uploads\/2025\/05\/FeriaComercio25_03-1024x682.jpg 1024w, https:\/\/tucomarca.whitekongsoftware.com\/wp-content\/uploads\/2025\/05\/FeriaComercio25_03-300x200.jpg 300w, https:\/\/tucomarca.whitekongsoftware.com\/wp-content\/uploads\/2025\/05\/FeriaComercio25_03-768x512.jpg 768w, https:\/\/tucomarca.whitekongsoftware.com\/wp-content\/uploads\/2025\/05\/FeriaComercio25_03.jpg 1181w\" sizes=\"auto, (max-width: 1024px) 100vw, 1024px\" \/><\/figure>\n\n\n\n<figure class=\"wp-block-image size-large\"><img loading=\"lazy\" decoding=\"async\" width=\"1024\" height=\"682\" data-id=\"265052\" src=\"https:\/\/www.tucomarca.com\/wordpress\/segunda\/wp-content\/uploads\/2025\/05\/FeriaComercio25_04-1024x682.jpg\" alt=\"\" class=\"wp-image-265052\" srcset=\"https:\/\/tucomarca.whitekongsoftware.com\/wp-content\/uploads\/2025\/05\/FeriaComercio25_04-1024x682.jpg 1024w, https:\/\/tucomarca.whitekongsoftware.com\/wp-content\/uploads\/2025\/05\/FeriaComercio25_04-300x200.jpg 300w, https:\/\/tucomarca.whitekongsoftware.com\/wp-content\/uploads\/2025\/05\/FeriaComercio25_04-768x512.jpg 768w, https:\/\/tucomarca.whitekongsoftware.com\/wp-content\/uploads\/2025\/05\/FeriaComercio25_04.jpg 1181w\" sizes=\"auto, (max-width: 1024px) 100vw, 1024px\" \/><\/figure>\n\n\n\n<figure class=\"wp-block-image size-large\"><img loading=\"lazy\" decoding=\"async\" width=\"945\" height=\"630\" data-id=\"265054\" src=\"https:\/\/www.tucomarca.com\/wordpress\/segunda\/wp-content\/uploads\/2025\/05\/FeriaComercio25_05.jpg\" alt=\"\" class=\"wp-image-265054\" srcset=\"https:\/\/tucomarca.whitekongsoftware.com\/wp-content\/uploads\/2025\/05\/FeriaComercio25_05.jpg 945w, https:\/\/tucomarca.whitekongsoftware.com\/wp-content\/uploads\/2025\/05\/FeriaComercio25_05-300x200.jpg 300w, https:\/\/tucomarca.whitekongsoftware.com\/wp-content\/uploads\/2025\/05\/FeriaComercio25_05-768x512.jpg 768w\" sizes=\"auto, (max-width: 945px) 100vw, 945px\" \/><\/figure>\n\n\n\n<figure class=\"wp-block-image size-large\"><img loading=\"lazy\" decoding=\"async\" width=\"945\" height=\"630\" data-id=\"265056\" src=\"https:\/\/www.tucomarca.com\/wordpress\/segunda\/wp-content\/uploads\/2025\/05\/FeriaComercio25_06.jpg\" alt=\"\" class=\"wp-image-265056\" srcset=\"https:\/\/tucomarca.whitekongsoftware.com\/wp-content\/uploads\/2025\/05\/FeriaComercio25_06.jpg 945w, https:\/\/tucomarca.whitekongsoftware.com\/wp-content\/uploads\/2025\/05\/FeriaComercio25_06-300x200.jpg 300w, https:\/\/tucomarca.whitekongsoftware.com\/wp-content\/uploads\/2025\/05\/FeriaComercio25_06-768x512.jpg 768w\" sizes=\"auto, (max-width: 945px) 100vw, 945px\" \/><\/figure>\n\n\n\n<figure class=\"wp-block-image size-large\"><img loading=\"lazy\" decoding=\"async\" width=\"945\" height=\"630\" data-id=\"265058\" src=\"https:\/\/www.tucomarca.com\/wordpress\/segunda\/wp-content\/uploads\/2025\/05\/FeriaComercio25_07.jpg\" alt=\"\" class=\"wp-image-265058\" srcset=\"https:\/\/tucomarca.whitekongsoftware.com\/wp-content\/uploads\/2025\/05\/FeriaComercio25_07.jpg 945w, https:\/\/tucomarca.whitekongsoftware.com\/wp-content\/uploads\/2025\/05\/FeriaComercio25_07-300x200.jpg 300w, https:\/\/tucomarca.whitekongsoftware.com\/wp-content\/uploads\/2025\/05\/FeriaComercio25_07-768x512.jpg 768w\" sizes=\"auto, (max-width: 945px) 100vw, 945px\" \/><\/figure>\n\n\n\n<figure class=\"wp-block-image size-large\"><img loading=\"lazy\" decoding=\"async\" width=\"945\" height=\"630\" data-id=\"265060\" src=\"https:\/\/www.tucomarca.com\/wordpress\/segunda\/wp-content\/uploads\/2025\/05\/FeriaComercio25_08.jpg\" alt=\"\" class=\"wp-image-265060\" srcset=\"https:\/\/tucomarca.whitekongsoftware.com\/wp-content\/uploads\/2025\/05\/FeriaComercio25_08.jpg 945w, https:\/\/tucomarca.whitekongsoftware.com\/wp-content\/uploads\/2025\/05\/FeriaComercio25_08-300x200.jpg 300w, https:\/\/tucomarca.whitekongsoftware.com\/wp-content\/uploads\/2025\/05\/FeriaComercio25_08-768x512.jpg 768w\" sizes=\"auto, (max-width: 945px) 100vw, 945px\" \/><\/figure>\n\n\n\n<figure class=\"wp-block-image size-large\"><img loading=\"lazy\" decoding=\"async\" width=\"945\" height=\"630\" data-id=\"265062\" src=\"https:\/\/www.tucomarca.com\/wordpress\/segunda\/wp-content\/uploads\/2025\/05\/FeriaComercio25_09.jpg\" alt=\"\" class=\"wp-image-265062\" srcset=\"https:\/\/tucomarca.whitekongsoftware.com\/wp-content\/uploads\/2025\/05\/FeriaComercio25_09.jpg 945w, https:\/\/tucomarca.whitekongsoftware.com\/wp-content\/uploads\/2025\/05\/FeriaComercio25_09-300x200.jpg 300w, https:\/\/tucomarca.whitekongsoftware.com\/wp-content\/uploads\/2025\/05\/FeriaComercio25_09-768x512.jpg 768w\" sizes=\"auto, (max-width: 945px) 100vw, 945px\" \/><\/figure>\n\n\n\n<figure class=\"wp-block-image size-large\"><img loading=\"lazy\" decoding=\"async\" width=\"945\" height=\"630\" data-id=\"265064\" src=\"https:\/\/www.tucomarca.com\/wordpress\/segunda\/wp-content\/uploads\/2025\/05\/FeriaComercio25_10.jpg\" alt=\"\" class=\"wp-image-265064\" srcset=\"https:\/\/tucomarca.whitekongsoftware.com\/wp-content\/uploads\/2025\/05\/FeriaComercio25_10.jpg 945w, https:\/\/tucomarca.whitekongsoftware.com\/wp-content\/uploads\/2025\/05\/FeriaComercio25_10-300x200.jpg 300w, https:\/\/tucomarca.whitekongsoftware.com\/wp-content\/uploads\/2025\/05\/FeriaComercio25_10-768x512.jpg 768w\" sizes=\"auto, (max-width: 945px) 100vw, 945px\" \/><\/figure>\n\n\n\n<figure class=\"wp-block-image size-large\"><img loading=\"lazy\" decoding=\"async\" width=\"945\" height=\"709\" data-id=\"265066\" src=\"https:\/\/www.tucomarca.com\/wordpress\/segunda\/wp-content\/uploads\/2025\/05\/FeriaComercio25_11.jpg\" alt=\"\" class=\"wp-image-265066\" srcset=\"https:\/\/tucomarca.whitekongsoftware.com\/wp-content\/uploads\/2025\/05\/FeriaComercio25_11.jpg 945w, https:\/\/tucomarca.whitekongsoftware.com\/wp-content\/uploads\/2025\/05\/FeriaComercio25_11-300x225.jpg 300w, https:\/\/tucomarca.whitekongsoftware.com\/wp-content\/uploads\/2025\/05\/FeriaComercio25_11-768x576.jpg 768w, https:\/\/tucomarca.whitekongsoftware.com\/wp-content\/uploads\/2025\/05\/FeriaComercio25_11-678x509.jpg 678w, https:\/\/tucomarca.whitekongsoftware.com\/wp-content\/uploads\/2025\/05\/FeriaComercio25_11-326x245.jpg 326w, https:\/\/tucomarca.whitekongsoftware.com\/wp-content\/uploads\/2025\/05\/FeriaComercio25_11-80x60.jpg 80w\" sizes=\"auto, (max-width: 945px) 100vw, 945px\" \/><\/figure>\n\n\n\n<figure class=\"wp-block-image size-large\"><img loading=\"lazy\" decoding=\"async\" width=\"945\" height=\"709\" data-id=\"265068\" src=\"https:\/\/www.tucomarca.com\/wordpress\/segunda\/wp-content\/uploads\/2025\/05\/FeriaComercio25_12.jpg\" alt=\"\" class=\"wp-image-265068\" srcset=\"https:\/\/tucomarca.whitekongsoftware.com\/wp-content\/uploads\/2025\/05\/FeriaComercio25_12.jpg 945w, https:\/\/tucomarca.whitekongsoftware.com\/wp-content\/uploads\/2025\/05\/FeriaComercio25_12-300x225.jpg 300w, https:\/\/tucomarca.whitekongsoftware.com\/wp-content\/uploads\/2025\/05\/FeriaComercio25_12-768x576.jpg 768w, https:\/\/tucomarca.whitekongsoftware.com\/wp-content\/uploads\/2025\/05\/FeriaComercio25_12-678x509.jpg 678w, https:\/\/tucomarca.whitekongsoftware.com\/wp-content\/uploads\/2025\/05\/FeriaComercio25_12-326x245.jpg 326w, https:\/\/tucomarca.whitekongsoftware.com\/wp-content\/uploads\/2025\/05\/FeriaComercio25_12-80x60.jpg 80w\" sizes=\"auto, (max-width: 945px) 100vw, 945px\" \/><\/figure>\n\n\n\n<figure class=\"wp-block-image size-large\"><img loading=\"lazy\" decoding=\"async\" width=\"945\" height=\"709\" data-id=\"265070\" src=\"https:\/\/www.tucomarca.com\/wordpress\/segunda\/wp-content\/uploads\/2025\/05\/FeriaComercio25_13.jpg\" alt=\"\" class=\"wp-image-265070\" srcset=\"https:\/\/tucomarca.whitekongsoftware.com\/wp-content\/uploads\/2025\/05\/FeriaComercio25_13.jpg 945w, https:\/\/tucomarca.whitekongsoftware.com\/wp-content\/uploads\/2025\/05\/FeriaComercio25_13-300x225.jpg 300w, https:\/\/tucomarca.whitekongsoftware.com\/wp-content\/uploads\/2025\/05\/FeriaComercio25_13-768x576.jpg 768w, https:\/\/tucomarca.whitekongsoftware.com\/wp-content\/uploads\/2025\/05\/FeriaComercio25_13-678x509.jpg 678w, https:\/\/tucomarca.whitekongsoftware.com\/wp-content\/uploads\/2025\/05\/FeriaComercio25_13-326x245.jpg 326w, https:\/\/tucomarca.whitekongsoftware.com\/wp-content\/uploads\/2025\/05\/FeriaComercio25_13-80x60.jpg 80w\" sizes=\"auto, (max-width: 945px) 100vw, 945px\" \/><\/figure>\n\n\n\n<figure class=\"wp-block-image size-large\"><img loading=\"lazy\" decoding=\"async\" width=\"945\" height=\"709\" data-id=\"265072\" src=\"https:\/\/www.tucomarca.com\/wordpress\/segunda\/wp-content\/uploads\/2025\/05\/FeriaComercio25_14.jpg\" alt=\"\" class=\"wp-image-265072\" srcset=\"https:\/\/tucomarca.whitekongsoftware.com\/wp-content\/uploads\/2025\/05\/FeriaComercio25_14.jpg 945w, https:\/\/tucomarca.whitekongsoftware.com\/wp-content\/uploads\/2025\/05\/FeriaComercio25_14-300x225.jpg 300w, https:\/\/tucomarca.whitekongsoftware.com\/wp-content\/uploads\/2025\/05\/FeriaComercio25_14-768x576.jpg 768w, https:\/\/tucomarca.whitekongsoftware.com\/wp-content\/uploads\/2025\/05\/FeriaComercio25_14-678x509.jpg 678w, https:\/\/tucomarca.whitekongsoftware.com\/wp-content\/uploads\/2025\/05\/FeriaComercio25_14-326x245.jpg 326w, https:\/\/tucomarca.whitekongsoftware.com\/wp-content\/uploads\/2025\/05\/FeriaComercio25_14-80x60.jpg 80w\" sizes=\"auto, (max-width: 945px) 100vw, 945px\" \/><\/figure>\n\n\n\n<figure class=\"wp-block-image size-large\"><img loading=\"lazy\" decoding=\"async\" width=\"945\" height=\"709\" data-id=\"265074\" src=\"https:\/\/www.tucomarca.com\/wordpress\/segunda\/wp-content\/uploads\/2025\/05\/FeriaComercio25_15.jpg\" alt=\"\" class=\"wp-image-265074\" srcset=\"https:\/\/tucomarca.whitekongsoftware.com\/wp-content\/uploads\/2025\/05\/FeriaComercio25_15.jpg 945w, https:\/\/tucomarca.whitekongsoftware.com\/wp-content\/uploads\/2025\/05\/FeriaComercio25_15-300x225.jpg 300w, https:\/\/tucomarca.whitekongsoftware.com\/wp-content\/uploads\/2025\/05\/FeriaComercio25_15-768x576.jpg 768w, https:\/\/tucomarca.whitekongsoftware.com\/wp-content\/uploads\/2025\/05\/FeriaComercio25_15-678x509.jpg 678w, https:\/\/tucomarca.whitekongsoftware.com\/wp-content\/uploads\/2025\/05\/FeriaComercio25_15-326x245.jpg 326w, https:\/\/tucomarca.whitekongsoftware.com\/wp-content\/uploads\/2025\/05\/FeriaComercio25_15-80x60.jpg 80w\" sizes=\"auto, (max-width: 945px) 100vw, 945px\" \/><\/figure>\n\n\n\n<figure class=\"wp-block-image size-large\"><img loading=\"lazy\" decoding=\"async\" width=\"945\" height=\"709\" data-id=\"265076\" src=\"https:\/\/www.tucomarca.com\/wordpress\/segunda\/wp-content\/uploads\/2025\/05\/FeriaComercio25_16.jpg\" alt=\"\" class=\"wp-image-265076\" srcset=\"https:\/\/tucomarca.whitekongsoftware.com\/wp-content\/uploads\/2025\/05\/FeriaComercio25_16.jpg 945w, https:\/\/tucomarca.whitekongsoftware.com\/wp-content\/uploads\/2025\/05\/FeriaComercio25_16-300x225.jpg 300w, https:\/\/tucomarca.whitekongsoftware.com\/wp-content\/uploads\/2025\/05\/FeriaComercio25_16-768x576.jpg 768w, https:\/\/tucomarca.whitekongsoftware.com\/wp-content\/uploads\/2025\/05\/FeriaComercio25_16-678x509.jpg 678w, https:\/\/tucomarca.whitekongsoftware.com\/wp-content\/uploads\/2025\/05\/FeriaComercio25_16-326x245.jpg 326w, https:\/\/tucomarca.whitekongsoftware.com\/wp-content\/uploads\/2025\/05\/FeriaComercio25_16-80x60.jpg 80w\" sizes=\"auto, (max-width: 945px) 100vw, 945px\" \/><\/figure>\n\n\n\n<figure class=\"wp-block-image size-large\"><img loading=\"lazy\" decoding=\"async\" width=\"945\" height=\"709\" data-id=\"265078\" src=\"https:\/\/www.tucomarca.com\/wordpress\/segunda\/wp-content\/uploads\/2025\/05\/FeriaComercio25_17.jpg\" alt=\"\" class=\"wp-image-265078\" srcset=\"https:\/\/tucomarca.whitekongsoftware.com\/wp-content\/uploads\/2025\/05\/FeriaComercio25_17.jpg 945w, https:\/\/tucomarca.whitekongsoftware.com\/wp-content\/uploads\/2025\/05\/FeriaComercio25_17-300x225.jpg 300w, https:\/\/tucomarca.whitekongsoftware.com\/wp-content\/uploads\/2025\/05\/FeriaComercio25_17-768x576.jpg 768w, https:\/\/tucomarca.whitekongsoftware.com\/wp-content\/uploads\/2025\/05\/FeriaComercio25_17-678x509.jpg 678w, https:\/\/tucomarca.whitekongsoftware.com\/wp-content\/uploads\/2025\/05\/FeriaComercio25_17-326x245.jpg 326w, https:\/\/tucomarca.whitekongsoftware.com\/wp-content\/uploads\/2025\/05\/FeriaComercio25_17-80x60.jpg 80w\" sizes=\"auto, (max-width: 945px) 100vw, 945px\" \/><\/figure>\n\n\n\n<figure class=\"wp-block-image size-large\"><img loading=\"lazy\" decoding=\"async\" width=\"945\" height=\"709\" data-id=\"265080\" src=\"https:\/\/www.tucomarca.com\/wordpress\/segunda\/wp-content\/uploads\/2025\/05\/FeriaComercio25_18.jpg\" alt=\"\" class=\"wp-image-265080\" srcset=\"https:\/\/tucomarca.whitekongsoftware.com\/wp-content\/uploads\/2025\/05\/FeriaComercio25_18.jpg 945w, https:\/\/tucomarca.whitekongsoftware.com\/wp-content\/uploads\/2025\/05\/FeriaComercio25_18-300x225.jpg 300w, https:\/\/tucomarca.whitekongsoftware.com\/wp-content\/uploads\/2025\/05\/FeriaComercio25_18-768x576.jpg 768w, https:\/\/tucomarca.whitekongsoftware.com\/wp-content\/uploads\/2025\/05\/FeriaComercio25_18-678x509.jpg 678w, https:\/\/tucomarca.whitekongsoftware.com\/wp-content\/uploads\/2025\/05\/FeriaComercio25_18-326x245.jpg 326w, https:\/\/tucomarca.whitekongsoftware.com\/wp-content\/uploads\/2025\/05\/FeriaComercio25_18-80x60.jpg 80w\" sizes=\"auto, (max-width: 945px) 100vw, 945px\" \/><\/figure>\n\n\n\n<figure class=\"wp-block-image size-large\"><img loading=\"lazy\" decoding=\"async\" width=\"945\" height=\"709\" data-id=\"265082\" src=\"https:\/\/www.tucomarca.com\/wordpress\/segunda\/wp-content\/uploads\/2025\/05\/FeriaComercio25_19.jpg\" alt=\"\" class=\"wp-image-265082\" srcset=\"https:\/\/tucomarca.whitekongsoftware.com\/wp-content\/uploads\/2025\/05\/FeriaComercio25_19.jpg 945w, https:\/\/tucomarca.whitekongsoftware.com\/wp-content\/uploads\/2025\/05\/FeriaComercio25_19-300x225.jpg 300w, https:\/\/tucomarca.whitekongsoftware.com\/wp-content\/uploads\/2025\/05\/FeriaComercio25_19-768x576.jpg 768w, https:\/\/tucomarca.whitekongsoftware.com\/wp-content\/uploads\/2025\/05\/FeriaComercio25_19-678x509.jpg 678w, https:\/\/tucomarca.whitekongsoftware.com\/wp-content\/uploads\/2025\/05\/FeriaComercio25_19-326x245.jpg 326w, https:\/\/tucomarca.whitekongsoftware.com\/wp-content\/uploads\/2025\/05\/FeriaComercio25_19-80x60.jpg 80w\" sizes=\"auto, (max-width: 945px) 100vw, 945px\" \/><\/figure>\n\n\n\n<figure class=\"wp-block-image size-large\"><img loading=\"lazy\" decoding=\"async\" width=\"945\" height=\"709\" data-id=\"265084\" src=\"https:\/\/www.tucomarca.com\/wordpress\/segunda\/wp-content\/uploads\/2025\/05\/FeriaComercio25_20.jpg\" alt=\"\" class=\"wp-image-265084\" srcset=\"https:\/\/tucomarca.whitekongsoftware.com\/wp-content\/uploads\/2025\/05\/FeriaComercio25_20.jpg 945w, https:\/\/tucomarca.whitekongsoftware.com\/wp-content\/uploads\/2025\/05\/FeriaComercio25_20-300x225.jpg 300w, https:\/\/tucomarca.whitekongsoftware.com\/wp-content\/uploads\/2025\/05\/FeriaComercio25_20-768x576.jpg 768w, https:\/\/tucomarca.whitekongsoftware.com\/wp-content\/uploads\/2025\/05\/FeriaComercio25_20-678x509.jpg 678w, https:\/\/tucomarca.whitekongsoftware.com\/wp-content\/uploads\/2025\/05\/FeriaComercio25_20-326x245.jpg 326w, https:\/\/tucomarca.whitekongsoftware.com\/wp-content\/uploads\/2025\/05\/FeriaComercio25_20-80x60.jpg 80w\" sizes=\"auto, (max-width: 945px) 100vw, 945px\" \/><\/figure>\n\n\n\n<figure class=\"wp-block-image size-large\"><img loading=\"lazy\" decoding=\"async\" width=\"945\" height=\"709\" data-id=\"265086\" src=\"https:\/\/www.tucomarca.com\/wordpress\/segunda\/wp-content\/uploads\/2025\/05\/FeriaComercio25_21.jpg\" alt=\"\" class=\"wp-image-265086\" srcset=\"https:\/\/tucomarca.whitekongsoftware.com\/wp-content\/uploads\/2025\/05\/FeriaComercio25_21.jpg 945w, https:\/\/tucomarca.whitekongsoftware.com\/wp-content\/uploads\/2025\/05\/FeriaComercio25_21-300x225.jpg 300w, https:\/\/tucomarca.whitekongsoftware.com\/wp-content\/uploads\/2025\/05\/FeriaComercio25_21-768x576.jpg 768w, https:\/\/tucomarca.whitekongsoftware.com\/wp-content\/uploads\/2025\/05\/FeriaComercio25_21-678x509.jpg 678w, https:\/\/tucomarca.whitekongsoftware.com\/wp-content\/uploads\/2025\/05\/FeriaComercio25_21-326x245.jpg 326w, https:\/\/tucomarca.whitekongsoftware.com\/wp-content\/uploads\/2025\/05\/FeriaComercio25_21-80x60.jpg 80w\" sizes=\"auto, (max-width: 945px) 100vw, 945px\" \/><\/figure>\n\n\n\n<figure class=\"wp-block-image size-large\"><img loading=\"lazy\" decoding=\"async\" width=\"945\" height=\"709\" data-id=\"265088\" src=\"https:\/\/www.tucomarca.com\/wordpress\/segunda\/wp-content\/uploads\/2025\/05\/FeriaComercio25_22.jpg\" alt=\"\" class=\"wp-image-265088\" srcset=\"https:\/\/tucomarca.whitekongsoftware.com\/wp-content\/uploads\/2025\/05\/FeriaComercio25_22.jpg 945w, https:\/\/tucomarca.whitekongsoftware.com\/wp-content\/uploads\/2025\/05\/FeriaComercio25_22-300x225.jpg 300w, https:\/\/tucomarca.whitekongsoftware.com\/wp-content\/uploads\/2025\/05\/FeriaComercio25_22-768x576.jpg 768w, https:\/\/tucomarca.whitekongsoftware.com\/wp-content\/uploads\/2025\/05\/FeriaComercio25_22-678x509.jpg 678w, https:\/\/tucomarca.whitekongsoftware.com\/wp-content\/uploads\/2025\/05\/FeriaComercio25_22-326x245.jpg 326w, https:\/\/tucomarca.whitekongsoftware.com\/wp-content\/uploads\/2025\/05\/FeriaComercio25_22-80x60.jpg 80w\" sizes=\"auto, (max-width: 945px) 100vw, 945px\" \/><\/figure>\n<\/figure>\n","protected":false},"excerpt":{"rendered":"<div class=\"mh-excerpt\">La XVIII Fira de Comer\u00e7 i Turisme de Bunyol ha comen\u00e7at amb un excel\u00b7lent acolliment per part de la ciutadania, gr\u00e0cies al comprom\u00eds i la implicaci\u00f3 del teixit comercial del municipi. Bunyol continua apostant pel <a class=\"mh-excerpt-more\" href=\"https:\/\/tucomarca.whitekongsoftware.com\/ca\/fotogaleria-la-xviii-fira-de-comerc-i-turisme-de-bunyol-arranca-amb-gran-acolliment-i-suport-institucional\/\" title=\"Fotogaler\u00eda: la XVIII Fira de Comer\u00e7 i Turisme de Bunyol arranca amb gran acolliment i suport institucional\">[+] <\/a><\/div>\n","protected":false},"author":12,"featured_media":265092,"comment_status":"open","ping_status":"open","sticky":false,"template":"","format":"gallery","meta":{"footnotes":""},"categories":[10911,10894,10912,11007,10896],"tags":[10913,22294,10914],"class_list":["post-265093","post","type-post","status-publish","format-gallery","has-post-thumbnail","category-bunol-ca","category-la-comarca-ca","category-la-hoya-ca","category-ocio-y-cultura-ca","category-seccion-ca","tag-bunol-ca","tag-feria-de-comercio-2025-ca","tag-la-hoya-de-bunol-chiva-ca","post_format-post-format-gallery"],"_links":{"self":[{"href":"https:\/\/tucomarca.whitekongsoftware.com\/ca\/wp-json\/wp\/v2\/posts\/265093","targetHints":{"allow":["GET"]}}],"collection":[{"href":"https:\/\/tucomarca.whitekongsoftware.com\/ca\/wp-json\/wp\/v2\/posts"}],"about":[{"href":"https:\/\/tucomarca.whitekongsoftware.com\/ca\/wp-json\/wp\/v2\/types\/post"}],"author":[{"embeddable":true,"href":"https:\/\/tucomarca.whitekongsoftware.com\/ca\/wp-json\/wp\/v2\/users\/12"}],"replies":[{"embeddable":true,"href":"https:\/\/tucomarca.whitekongsoftware.com\/ca\/wp-json\/wp\/v2\/comments?post=265093"}],"version-history":[{"count":0,"href":"https:\/\/tucomarca.whitekongsoftware.com\/ca\/wp-json\/wp\/v2\/posts\/265093\/revisions"}],"wp:featuredmedia":[{"embeddable":true,"href":"https:\/\/tucomarca.whitekongsoftware.com\/ca\/wp-json\/wp\/v2\/media\/265092"}],"wp:attachment":[{"href":"https:\/\/tucomarca.whitekongsoftware.com\/ca\/wp-json\/wp\/v2\/media?parent=265093"}],"wp:term":[{"taxonomy":"category","embeddable":true,"href":"https:\/\/tucomarca.whitekongsoftware.com\/ca\/wp-json\/wp\/v2\/categories?post=265093"},{"taxonomy":"post_tag","embeddable":true,"href":"https:\/\/tucomarca.whitekongsoftware.com\/ca\/wp-json\/wp\/v2\/tags?post=265093"}],"curies":[{"name":"wp","href":"https:\/\/api.w.org\/{rel}","templated":true}]}}