{"id":265032,"date":"2025-05-10T12:00:00","date_gmt":"2025-05-10T10:00:00","guid":{"rendered":"https:\/\/www.tucomarca.com\/wordpress\/segunda\/?p=265032"},"modified":"2025-05-10T15:10:20","modified_gmt":"2025-05-10T13:10:20","slug":"fotogaleria-bunyol-ret-homenatge-a-chaplin-amb-el-retorn-del-cicle-viure-de-cinema","status":"publish","type":"post","link":"https:\/\/tucomarca.whitekongsoftware.com\/ca\/fotogaleria-bunyol-ret-homenatge-a-chaplin-amb-el-retorn-del-cicle-viure-de-cinema\/","title":{"rendered":"Fotogaler\u00eda: Bunyol ret homenatge a Chaplin amb el retorn del cicle \u201cViure de Cinema\u201d"},"content":{"rendered":"\n<p class=\"wp-block-paragraph\">La localitat de Bunyol ha tornat a consolidar-se com a referent cultural amb una nova edici\u00f3 del seu cicle cinematogr\u00e0fic \u201cVivir de Cine\u201d, que se celebra tots els dijous del 8 de maig al 26 de juny en espais emblem\u00e0tics com el Teatre Montecarlo, el Palau de la M\u00fasica i la Sala Raga.<\/p>\n\n\n\n<p class=\"wp-block-paragraph\">La inauguraci\u00f3 va tindre lloc aquest passat dijous en el Teatre Montecarlo amb un emotiu acte que va obrir amb la interpretaci\u00f3 de \u201cAlfonsina y el Mar\u201d, de Mercedes Sosa, a c\u00e0rrec de l&#8217;actriu i cantant Mireia Chamb\u00f3. <\/p>\n\n\n\n<p class=\"wp-block-paragraph\">A continuaci\u00f3, l&#8217;actor bunyolense Paco Moril Perell\u00f3, membre fundador de l&#8217;Associaci\u00f3 Toma a Toma, va oferir un recorregut teatral per la hist\u00f2ria del cinema a trav\u00e9s del personatge Segundo de Chom\u00f3n, posant l&#8217;accent principalment en la figura de Charles Chaplin, protagonista tem\u00e0tic d&#8217;aquesta edici\u00f3 pel centenari de la seua emblem\u00e0tica pel\u00b7l\u00edcula La Quimera del Oro.<\/p>\n\n\n\n<figure class=\"wp-block-gallery has-nested-images columns-2 is-cropped wp-block-gallery-1 is-layout-flex wp-block-gallery-is-layout-flex\">\n<figure class=\"wp-block-image size-large\"><img loading=\"lazy\" decoding=\"async\" width=\"1024\" height=\"682\" data-id=\"265016\" src=\"https:\/\/www.tucomarca.com\/wordpress\/segunda\/wp-content\/uploads\/2025\/05\/VivirdeCine25_01-1024x682.jpg\" alt=\"\" class=\"wp-image-265016\" srcset=\"https:\/\/tucomarca.whitekongsoftware.com\/wp-content\/uploads\/2025\/05\/VivirdeCine25_01-1024x682.jpg 1024w, https:\/\/tucomarca.whitekongsoftware.com\/wp-content\/uploads\/2025\/05\/VivirdeCine25_01-300x200.jpg 300w, https:\/\/tucomarca.whitekongsoftware.com\/wp-content\/uploads\/2025\/05\/VivirdeCine25_01-768x512.jpg 768w, https:\/\/tucomarca.whitekongsoftware.com\/wp-content\/uploads\/2025\/05\/VivirdeCine25_01.jpg 1181w\" sizes=\"auto, (max-width: 1024px) 100vw, 1024px\" \/><\/figure>\n\n\n\n<figure class=\"wp-block-image size-large\"><img loading=\"lazy\" decoding=\"async\" width=\"1024\" height=\"682\" data-id=\"265018\" src=\"https:\/\/www.tucomarca.com\/wordpress\/segunda\/wp-content\/uploads\/2025\/05\/VivirdeCine25_02-1024x682.jpg\" alt=\"\" class=\"wp-image-265018\" srcset=\"https:\/\/tucomarca.whitekongsoftware.com\/wp-content\/uploads\/2025\/05\/VivirdeCine25_02-1024x682.jpg 1024w, https:\/\/tucomarca.whitekongsoftware.com\/wp-content\/uploads\/2025\/05\/VivirdeCine25_02-300x200.jpg 300w, https:\/\/tucomarca.whitekongsoftware.com\/wp-content\/uploads\/2025\/05\/VivirdeCine25_02-768x512.jpg 768w, https:\/\/tucomarca.whitekongsoftware.com\/wp-content\/uploads\/2025\/05\/VivirdeCine25_02.jpg 1181w\" sizes=\"auto, (max-width: 1024px) 100vw, 1024px\" \/><\/figure>\n\n\n\n<figure class=\"wp-block-image size-large\"><img loading=\"lazy\" decoding=\"async\" width=\"1024\" height=\"682\" data-id=\"265020\" src=\"https:\/\/www.tucomarca.com\/wordpress\/segunda\/wp-content\/uploads\/2025\/05\/VivirdeCine25_03-1024x682.jpg\" alt=\"\" class=\"wp-image-265020\" srcset=\"https:\/\/tucomarca.whitekongsoftware.com\/wp-content\/uploads\/2025\/05\/VivirdeCine25_03-1024x682.jpg 1024w, https:\/\/tucomarca.whitekongsoftware.com\/wp-content\/uploads\/2025\/05\/VivirdeCine25_03-300x200.jpg 300w, https:\/\/tucomarca.whitekongsoftware.com\/wp-content\/uploads\/2025\/05\/VivirdeCine25_03-768x512.jpg 768w, https:\/\/tucomarca.whitekongsoftware.com\/wp-content\/uploads\/2025\/05\/VivirdeCine25_03.jpg 1181w\" sizes=\"auto, (max-width: 1024px) 100vw, 1024px\" \/><\/figure>\n\n\n\n<figure class=\"wp-block-image size-large\"><img loading=\"lazy\" decoding=\"async\" width=\"1024\" height=\"682\" data-id=\"265024\" src=\"https:\/\/www.tucomarca.com\/wordpress\/segunda\/wp-content\/uploads\/2025\/05\/VivirdeCine25_05-1024x682.jpg\" alt=\"\" class=\"wp-image-265024\" srcset=\"https:\/\/tucomarca.whitekongsoftware.com\/wp-content\/uploads\/2025\/05\/VivirdeCine25_05-1024x682.jpg 1024w, https:\/\/tucomarca.whitekongsoftware.com\/wp-content\/uploads\/2025\/05\/VivirdeCine25_05-300x200.jpg 300w, https:\/\/tucomarca.whitekongsoftware.com\/wp-content\/uploads\/2025\/05\/VivirdeCine25_05-768x512.jpg 768w, https:\/\/tucomarca.whitekongsoftware.com\/wp-content\/uploads\/2025\/05\/VivirdeCine25_05.jpg 1181w\" sizes=\"auto, (max-width: 1024px) 100vw, 1024px\" \/><\/figure>\n\n\n\n<figure class=\"wp-block-image size-large\"><img loading=\"lazy\" decoding=\"async\" width=\"1024\" height=\"682\" data-id=\"265026\" src=\"https:\/\/www.tucomarca.com\/wordpress\/segunda\/wp-content\/uploads\/2025\/05\/VivirdeCine25_06-1024x682.jpg\" alt=\"\" class=\"wp-image-265026\" srcset=\"https:\/\/tucomarca.whitekongsoftware.com\/wp-content\/uploads\/2025\/05\/VivirdeCine25_06-1024x682.jpg 1024w, https:\/\/tucomarca.whitekongsoftware.com\/wp-content\/uploads\/2025\/05\/VivirdeCine25_06-300x200.jpg 300w, https:\/\/tucomarca.whitekongsoftware.com\/wp-content\/uploads\/2025\/05\/VivirdeCine25_06-768x512.jpg 768w, https:\/\/tucomarca.whitekongsoftware.com\/wp-content\/uploads\/2025\/05\/VivirdeCine25_06.jpg 1181w\" sizes=\"auto, (max-width: 1024px) 100vw, 1024px\" \/><\/figure>\n<\/figure>\n\n\n\n<p class=\"wp-block-paragraph\">La pel\u00b7l\u00edcula inaugural va ser El 47, una hist\u00f2ria basada en fets reals que narra el gest de valentia de Manolo Vital, conductor d&#8217;autob\u00fas a la Barcelona dels anys 70, qui es va rebel\u00b7lar contra les injust\u00edcies socials posant en marxa el fam\u00f3s autob\u00fas de Torre Bar\u00f3. Una hist\u00f2ria d&#8217;humanitat, lluita ve\u00efnal i dignitat obrera.<\/p>\n\n\n\n<p class=\"wp-block-paragraph\">Organitzat per la Regidoria de Cultura de l&#8217;Ajuntament de Bunyol, el cicle ofereix una cuidada selecci\u00f3 de t\u00edtols premiats i propostes compromeses per nom\u00e9s 3 euros l&#8217;entrada. La programaci\u00f3 inclou pel\u00b7l\u00edcules de gran valor art\u00edstic i social com <em>Anora<\/em>, <em>Flow<\/em>, <em>Emilia P\u00e9rez<\/em>, i una sessi\u00f3 especial de curts valencians.<\/p>\n\n\n\n<p class=\"wp-block-paragraph\">Un dels moments m\u00e9s esperats arribar\u00e0 el dijous 26 de juny, amb la clausura del cicle: la projecci\u00f3 de La Quimera del Oro de Chaplin, amb m\u00fasica en directe a c\u00e0rrec del grup Manjana, una experi\u00e8ncia cinematogr\u00e0fica \u00fanica per a tancar aquest homenatge al cinema cl\u00e0ssic i contemporani.<\/p>\n\n\n\n<p class=\"wp-block-paragraph\"><strong>Pr\u00f2ximes projeccions<\/strong>:<\/p>\n\n\n\n<ul class=\"wp-block-list\">\n<li><strong>15 maig<\/strong> \u2013 <em>Anora<\/em>, Palacio de la M\u00fasica \u2013 20:00 h<\/li>\n\n\n\n<li><strong>22 maig<\/strong> \u2013 <em>Flow<\/em>, Teatro Montecarlo \u2013 20:00 h<\/li>\n\n\n\n<li><strong>29 maig<\/strong> \u2013 <em>A\u00fan estoy aqu\u00ed<\/em>, Palacio de la M\u00fasica \u2013 20:00 h<\/li>\n\n\n\n<li><strong>5 juny<\/strong> \u2013 <em>Emilia P\u00e9rez<\/em>, Teatro Montecarlo \u2013 20:00 h<\/li>\n\n\n\n<li><strong>12 juny<\/strong> \u2013 <em>La Estrella Azul<\/em>, Palacio de la M\u00fasica \u2013 20:00 h<\/li>\n\n\n\n<li><strong>19 juny<\/strong> \u2013 <em>La noche m\u00e1s corta<\/em> (cortos valencianos), Sala Raga \u2013 20:00 h<\/li>\n\n\n\n<li><strong>26 juny<\/strong> \u2013 <em>La Quimera del Oro<\/em>, Palacio de la M\u00fasica \u2013 19:30 h<\/li>\n<\/ul>\n","protected":false},"excerpt":{"rendered":"<div class=\"mh-excerpt\">La localitat de Bunyol ha tornat a consolidar-se com a referent cultural amb una nova edici\u00f3 del seu cicle cinematogr\u00e0fic \u201cVivir de Cine\u201d, que se celebra tots els dijous del 8 de maig al 26 <a class=\"mh-excerpt-more\" href=\"https:\/\/tucomarca.whitekongsoftware.com\/ca\/fotogaleria-bunyol-ret-homenatge-a-chaplin-amb-el-retorn-del-cicle-viure-de-cinema\/\" title=\"Fotogaler\u00eda: Bunyol ret homenatge a Chaplin amb el retorn del cicle \u201cViure de Cinema\u201d\">[+] <\/a><\/div>\n","protected":false},"author":12,"featured_media":265023,"comment_status":"open","ping_status":"open","sticky":false,"template":"","format":"gallery","meta":{"footnotes":""},"categories":[10911,11005,10894,10912,11007,10896],"tags":[10913,10914,22292,22267],"class_list":["post-265032","post","type-post","status-publish","format-gallery","has-post-thumbnail","category-bunol-ca","category-canal-musica","category-la-comarca-ca","category-la-hoya-ca","category-ocio-y-cultura-ca","category-seccion-ca","tag-bunol-ca","tag-la-hoya-de-bunol-chiva-ca","tag-paco-moril-ca","tag-vivir-de-cine-2025-ca","post_format-post-format-gallery"],"_links":{"self":[{"href":"https:\/\/tucomarca.whitekongsoftware.com\/ca\/wp-json\/wp\/v2\/posts\/265032","targetHints":{"allow":["GET"]}}],"collection":[{"href":"https:\/\/tucomarca.whitekongsoftware.com\/ca\/wp-json\/wp\/v2\/posts"}],"about":[{"href":"https:\/\/tucomarca.whitekongsoftware.com\/ca\/wp-json\/wp\/v2\/types\/post"}],"author":[{"embeddable":true,"href":"https:\/\/tucomarca.whitekongsoftware.com\/ca\/wp-json\/wp\/v2\/users\/12"}],"replies":[{"embeddable":true,"href":"https:\/\/tucomarca.whitekongsoftware.com\/ca\/wp-json\/wp\/v2\/comments?post=265032"}],"version-history":[{"count":0,"href":"https:\/\/tucomarca.whitekongsoftware.com\/ca\/wp-json\/wp\/v2\/posts\/265032\/revisions"}],"wp:featuredmedia":[{"embeddable":true,"href":"https:\/\/tucomarca.whitekongsoftware.com\/ca\/wp-json\/wp\/v2\/media\/265023"}],"wp:attachment":[{"href":"https:\/\/tucomarca.whitekongsoftware.com\/ca\/wp-json\/wp\/v2\/media?parent=265032"}],"wp:term":[{"taxonomy":"category","embeddable":true,"href":"https:\/\/tucomarca.whitekongsoftware.com\/ca\/wp-json\/wp\/v2\/categories?post=265032"},{"taxonomy":"post_tag","embeddable":true,"href":"https:\/\/tucomarca.whitekongsoftware.com\/ca\/wp-json\/wp\/v2\/tags?post=265032"}],"curies":[{"name":"wp","href":"https:\/\/api.w.org\/{rel}","templated":true}]}}