{"id":264908,"date":"2025-05-09T11:15:00","date_gmt":"2025-05-09T09:15:00","guid":{"rendered":"https:\/\/www.tucomarca.com\/wordpress\/segunda\/?p=264908"},"modified":"2025-05-09T14:55:07","modified_gmt":"2025-05-09T12:55:07","slug":"mazon-posarem-en-marxa-un-nou-paquet-dajudes-dotat-amb-mes-de-33-milions-deuros-per-a-pimes-de-la-comunitat-valenciana","status":"publish","type":"post","link":"https:\/\/tucomarca.whitekongsoftware.com\/ca\/mazon-posarem-en-marxa-un-nou-paquet-dajudes-dotat-amb-mes-de-33-milions-deuros-per-a-pimes-de-la-comunitat-valenciana\/","title":{"rendered":"Maz\u00f3n: \u201cPosarem en marxa un nou paquet d&#8217;ajudes dotat amb m\u00e9s de 33 milions d&#8217;euros per a pimes de la Comunitat Valenciana\u201d"},"content":{"rendered":"\n<h3 class=\"wp-block-heading\">Ressalta que aquest fons extraordinari \u00e9s fruit \u201cde les gestions realitzades amb la Uni\u00f3 Europea per a continuar fent costat als nostres sectors productius\u201d i avan\u00e7a que \u201cuna part espec\u00edfica es destinar\u00e0 a les empreses afectades per les riuades\u201d.<\/h3>\n\n\n\n<h3 class=\"wp-block-heading\">Anuncia l&#8217;adjudicaci\u00f3 de m\u00e9s de 10.700 m\u00b2 de s\u00f2l industrial a Xixona a dues empreses aliment\u00e0ries que invertiran 5 milions d&#8217;euros i suposaran un impacte directe sobre l&#8217;ocupaci\u00f3 de la comarca\u201d.<\/h3>\n\n\n\n<h3 class=\"wp-block-heading\">Destaca l&#8217;aposta del Consell amb l&#8217;Estrat\u00e8gia de Reindustrialitzaci\u00f3 2025-2028 amb una dotaci\u00f3 de 2.000 milions d&#8217;euros i remarca l&#8217;objectiu de \u201caugmentar el pes de la ind\u00fastria en el PIB del 14% al 20%\u201d.\u00a0<\/h3>\n\n\n\n<h3 class=\"wp-block-heading\">Posa en valor la qualitat de la ind\u00fastria agroaliment\u00e0ria de la prov\u00edncia d&#8217;Alacant i la Comunitat Valenciana i \u201cel seu potencial per a competir en qualsevol mercat\u201d.<\/h3>\n\n\n\n<p class=\"wp-block-paragraph\">El president de la Generalitat, Carlos Maz\u00f3n, ha anunciat que l&#8217;Executiu valenci\u00e0, \u201cposar\u00e0 en marxa un nou paquet d&#8217;ajudes dotat amb m\u00e9s de 33 milions d&#8217;euros de fons europeus destinat a les pimes de la Comunitat Valenciana\u201d.<\/p>\n\n\n\n<p class=\"wp-block-paragraph\">El cap del Consell ha explicat que aquesta nova l\u00ednia extraordin\u00e0ria, que no estava pressupostada, \u00e9s fruit de les \u201cnegociacions amb responsables de la Uni\u00f3 Europea per a continuar fent costat als nostres sectors productius\u201d.<\/p>\n\n\n\n<p class=\"wp-block-paragraph\">Maz\u00f3n ha indicat que dins d&#8217;aquests 33 milions d&#8217;euros \u201chi haur\u00e0 una l\u00ednia espec\u00edfica per a les empreses afectades per les riuades\u201d. Aix\u00ed, aquesta nova convocat\u00f2ria se sumar\u00e0 a altres actuacions ja posades en marxa com les l\u00ednies de finan\u00e7ament de l&#8217;IVF i Afin SGR, els 100 milions d&#8217;euros per a aut\u00f2noms amb empleats i empreses de la Conselleria d&#8217;Innovaci\u00f3, Ind\u00fastria, Comer\u00e7 i Turisme, i els 90 milions d&#8217;euros per a aut\u00f2noms sense assalariats de la conselleria d&#8217;Ocupaci\u00f3, entre altres.<\/p>\n\n\n\n<p class=\"wp-block-paragraph\">Aix\u00ed s&#8217;ha manifestat el president despr\u00e9s de visitar a les companyies Jomipsa i Antiu Xixona, situades al Parc Empresarial L&#8217;Espartar III, on ha avan\u00e7at l&#8217;adjudicaci\u00f3, a trav\u00e9s d&#8217;IVACE+i \u201cde m\u00e9s de 10.700 m\u00b2 de s\u00f2l industrial a dues empreses aliment\u00e0ries capdavanteres que generaran una inversi\u00f3 de cinc milions d&#8217;euros\u201d.<\/p>\n\n\n\n<p class=\"wp-block-paragraph\">Maz\u00f3n ha detallat que aquesta adjudicaci\u00f3 s&#8217;ha produ\u00eft en la modalitat de compravenda a les signatures L\u00f3pez Mira SL i Progelcone Espa\u00f1a SLU que realitzaran una inversi\u00f3 de 3,5 milions d&#8217;euros i 1,5 milions d&#8217;euros, respectivament, per a la construcci\u00f3 de noves instal\u00b7lacions \u201cen una aposta per cr\u00e9ixer i expandir-se en aquest pol\u00edgon que tindr\u00e0 un impacte directe en l&#8217;ocupaci\u00f3\u201d.&nbsp;<\/p>\n\n\n\n<p class=\"wp-block-paragraph\">El m\u00e0xim representant de l&#8217;Executiu valenci\u00e0 ha assegurat que aquestes actuacions s\u00f3n un exemple que \u201cla ind\u00fastria agroaliment\u00e0ria a la prov\u00edncia d&#8217;Alacant i en la Comunitat Valenciana t\u00e9 bones perspectives per a aprofitar les oportunitats i continuar creixent\u201d.&nbsp;<\/p>\n\n\n\n<p class=\"wp-block-paragraph\">En aquesta l\u00ednia, el president ha apuntat \u201cl&#8217;extraordin\u00e0ria qualitat dels productes que es fabriquen en el nostre territori que ens permet competir en qualsevol mercat i ampliar la nostra capacitat exportadora\u201d.<\/p>\n\n\n\n<p class=\"wp-block-paragraph\">El cap del Consell ha incidit en l&#8217;aposta de la Generalitat per \u201caugmentar el pes de la ind\u00fastria en el nostre Producte Interior Brut (PIB) del 14% al 20%\u201d d&#8217;una manera sostenible i equilibrada potenciant els sectors consolidats i atraient ind\u00fastries emergents.<\/p>\n\n\n\n<p class=\"wp-block-paragraph\">Cal recordar que la Generalitat destinar\u00e0 al voltant de 2.000 milions d&#8217;euros en el per\u00edode 2025-2028 per a impulsar Estrat\u00e8gia de Reindustrialitzaci\u00f3 de la Comunitat Valenciana amb la finalitat d&#8217;adaptar el teixit empresarial a les exig\u00e8ncies del mercat global i les pol\u00edtiques industrials i mediambientals de la Uni\u00f3 Europea.<\/p>\n\n\n\n<p class=\"wp-block-paragraph\">El president ha assegurat que la Comunitat Valenciana \u201cest\u00e0 demostrant que amb ind\u00fastria hi ha creixement que \u00e9s fonamental per a la nostra labor de reconstrucci\u00f3\u201d. Aix\u00ed, ha subratllat que gr\u00e0cies a l&#8217;activitat industrial \u201chem aconseguit xifres hist\u00f2riques en la creaci\u00f3 de llocs de treball\u201d amb la dada de persones desocupades m\u00e9s baixa d&#8217;un mes d&#8217;abril des de 2008.<\/p>\n\n\n\n<p class=\"wp-block-paragraph\"><strong>Pol\u00edgon L\u2019Espartar III<\/strong><\/p>\n\n\n\n<p class=\"wp-block-paragraph\">El Parc Empresarial L\u2019Espartar III, comercialitzat per Ivace+i, est\u00e0 situat en un dels entorns de major tradici\u00f3 en el sector agroalimentari. En ell es troba la seu del Consell Regulador IGP de Xixona i Torr\u00f3 d&#8217;Alacant.&nbsp;<\/p>\n\n\n\n<p class=\"wp-block-paragraph\">Disposa d&#8217;una superf\u00edcie de 105.741,45 m\u00b2 i 76 parcel\u00b7les. Compta amb un total de 14 empreses adjudicat\u00e0ries que generen una inversi\u00f3 de 18,3 milions d&#8217;euros i el manteniment de 146 ocupacions.<\/p>\n","protected":false},"excerpt":{"rendered":"<div class=\"mh-excerpt\">Ressalta que aquest fons extraordinari \u00e9s fruit \u201cde les gestions realitzades amb la Uni\u00f3 Europea per a continuar fent costat als nostres sectors productius\u201d i avan\u00e7a que \u201cuna part espec\u00edfica es destinar\u00e0 a les empreses <a class=\"mh-excerpt-more\" href=\"https:\/\/tucomarca.whitekongsoftware.com\/ca\/mazon-posarem-en-marxa-un-nou-paquet-dajudes-dotat-amb-mes-de-33-milions-deuros-per-a-pimes-de-la-comunitat-valenciana\/\" title=\"Maz\u00f3n: \u201cPosarem en marxa un nou paquet d&#8217;ajudes dotat amb m\u00e9s de 33 milions d&#8217;euros per a pimes de la Comunitat Valenciana\u201d\">[+] <\/a><\/div>\n","protected":false},"author":13,"featured_media":264901,"comment_status":"open","ping_status":"open","sticky":false,"template":"","format":"standard","meta":{"footnotes":""},"categories":[21466,10898,10948,10894,10904,10903,10947,10896,10897],"tags":[18807,15409,11498,15325,21313,11140],"class_list":["post-264908","post","type-post","status-publish","format-standard","has-post-thumbnail","category-dana-ca","category-ventana-ca","category-infraestructuras-ca","category-la-comarca-ca","category-sin-categorizar-ca","category-medio-ambiente-la-comarca-ca","category-politica","category-seccion-ca","category-sucesos-la-comarca-ca","tag-carlos-mazon-ca","tag-dana-2-ca","tag-generalitat-valenciana-ca","tag-gva-ca","tag-la-comarca-ca","tag-politica-ca"],"_links":{"self":[{"href":"https:\/\/tucomarca.whitekongsoftware.com\/ca\/wp-json\/wp\/v2\/posts\/264908","targetHints":{"allow":["GET"]}}],"collection":[{"href":"https:\/\/tucomarca.whitekongsoftware.com\/ca\/wp-json\/wp\/v2\/posts"}],"about":[{"href":"https:\/\/tucomarca.whitekongsoftware.com\/ca\/wp-json\/wp\/v2\/types\/post"}],"author":[{"embeddable":true,"href":"https:\/\/tucomarca.whitekongsoftware.com\/ca\/wp-json\/wp\/v2\/users\/13"}],"replies":[{"embeddable":true,"href":"https:\/\/tucomarca.whitekongsoftware.com\/ca\/wp-json\/wp\/v2\/comments?post=264908"}],"version-history":[{"count":0,"href":"https:\/\/tucomarca.whitekongsoftware.com\/ca\/wp-json\/wp\/v2\/posts\/264908\/revisions"}],"wp:featuredmedia":[{"embeddable":true,"href":"https:\/\/tucomarca.whitekongsoftware.com\/ca\/wp-json\/wp\/v2\/media\/264901"}],"wp:attachment":[{"href":"https:\/\/tucomarca.whitekongsoftware.com\/ca\/wp-json\/wp\/v2\/media?parent=264908"}],"wp:term":[{"taxonomy":"category","embeddable":true,"href":"https:\/\/tucomarca.whitekongsoftware.com\/ca\/wp-json\/wp\/v2\/categories?post=264908"},{"taxonomy":"post_tag","embeddable":true,"href":"https:\/\/tucomarca.whitekongsoftware.com\/ca\/wp-json\/wp\/v2\/tags?post=264908"}],"curies":[{"name":"wp","href":"https:\/\/api.w.org\/{rel}","templated":true}]}}