{"id":264881,"date":"2025-05-08T13:25:00","date_gmt":"2025-05-08T11:25:00","guid":{"rendered":"https:\/\/www.tucomarca.com\/wordpress\/segunda\/?p=264881"},"modified":"2025-05-08T21:49:54","modified_gmt":"2025-05-08T19:49:54","slug":"el-conseller-dagricultura-visita-les-obres-de-recuperacio-de-camins-rurals-de-xest-afectats-despres-de-la-dana","status":"publish","type":"post","link":"https:\/\/tucomarca.whitekongsoftware.com\/ca\/el-conseller-dagricultura-visita-les-obres-de-recuperacio-de-camins-rurals-de-xest-afectats-despres-de-la-dana\/","title":{"rendered":"El Conseller d&#8217;Agricultura visita les obres de recuperaci\u00f3 de camins rurals de Xest afectats despr\u00e9s de la DANA\u00a0"},"content":{"rendered":"\n<p class=\"wp-block-paragraph\">Aquest mat\u00ed, el Conseller d&#8217;Agricultura, Aigua, Ramaderia i Pesca, Miguel Barrachina, ha visitat Xest, on s&#8217;ha reunit amb l&#8217;alcalde, Jos\u00e9 Morell, i membres de la corporaci\u00f3 municipal, i ha visitat un dels camins afectats despr\u00e9s de la DANA en els quals s&#8217;estan duent a terme els treballs de recuperaci\u00f3, situat al costat del Barranc Cova Morica.<\/p>\n\n\n\n<p class=\"wp-block-paragraph\">A Xest, la Conselleria est\u00e0 intervenint en altres tres camins, el Cam\u00ed Seroca o la Canyada Freda, en paratge Ramat, que ja ha sigut completament recuperat, i els camins Barranco del Ganivet i Cuesta del Y\u00e9sar, en avan\u00e7at estat d&#8217;execuci\u00f3. En total la inversi\u00f3 ascendeix a 320.000 euros.<\/p>\n\n\n\n<figure class=\"wp-block-image size-full\"><img loading=\"lazy\" decoding=\"async\" width=\"766\" height=\"511\" src=\"http:\/\/www.tucomarca.com\/wordpress\/segunda\/wp-content\/uploads\/2025\/05\/ChesteConseller2.jpg\" alt=\"\" class=\"wp-image-264878\" srcset=\"https:\/\/tucomarca.whitekongsoftware.com\/wp-content\/uploads\/2025\/05\/ChesteConseller2.jpg 766w, https:\/\/tucomarca.whitekongsoftware.com\/wp-content\/uploads\/2025\/05\/ChesteConseller2-300x200.jpg 300w\" sizes=\"auto, (max-width: 766px) 100vw, 766px\" \/><\/figure>\n\n\n\n<p class=\"wp-block-paragraph\"><strong>Canalitzaci\u00f3 de barrancs<\/strong><\/p>\n\n\n\n<p class=\"wp-block-paragraph\">La Generalitat tamb\u00e9 ha adjudicat un contracte d&#8217;obres d&#8217;emerg\u00e8ncia per a la reparaci\u00f3 dels danys provocats en el barranc del Pedr\u00eds al seu pas pel terme municipal de Xest, on faran treballs de protecci\u00f3 del llit i tal\u00fas mitjan\u00e7ant l&#8217;\u00fas d&#8217;escullera en l&#8217;enlla\u00e7 del Parc Empresarial Circuit Xest amb l&#8217;A-3. La inversi\u00f3 per a aquesta actuaci\u00f3 ascendeix a 2.358.358 euros.<\/p>\n\n\n\n<p class=\"wp-block-paragraph\"><strong>Ajudes a regants<\/strong><\/p>\n\n\n\n<p class=\"wp-block-paragraph\">Quant a les ajudes destinades a les comunitats i entitats de regants, el municipi de Xest ha rebut un total de 275.970 euros en subvencions, sent benefici\u00e0ries quatre comunitats de regants. La comunitat CR Pou La Vaquera compta amb una subvenci\u00f3 de 27.596,47 euros; CR Aig\u00fces de Xest-Xiva, de 100.001,00 euros; CR El Barranc, de 60.267,39 euros; i CR La Sarretilla, de 88.105,50 euros.<\/p>\n","protected":false},"excerpt":{"rendered":"<div class=\"mh-excerpt\">Aquest mat\u00ed, el Conseller d&#8217;Agricultura, Aigua, Ramaderia i Pesca, Miguel Barrachina, ha visitat Xest, on s&#8217;ha reunit amb l&#8217;alcalde, Jos\u00e9 Morell, i membres de la corporaci\u00f3 municipal, i ha visitat un dels camins afectats despr\u00e9s <a class=\"mh-excerpt-more\" href=\"https:\/\/tucomarca.whitekongsoftware.com\/ca\/el-conseller-dagricultura-visita-les-obres-de-recuperacio-de-camins-rurals-de-xest-afectats-despres-de-la-dana\/\" title=\"El Conseller d&#8217;Agricultura visita les obres de recuperaci\u00f3 de camins rurals de Xest afectats despr\u00e9s de la DANA\u00a0\">[+] <\/a><\/div>\n","protected":false},"author":1,"featured_media":264877,"comment_status":"open","ping_status":"open","sticky":false,"template":"","format":"standard","meta":{"footnotes":""},"categories":[10905,21466,10898,10948,10894,10904,10912,10903,10947,10896,10897,10974],"tags":[11222,11071,12856,15409,10914],"class_list":["post-264881","post","type-post","status-publish","format-standard","has-post-thumbnail","category-agricultura-la-comarca-ca","category-dana-ca","category-ventana-ca","category-infraestructuras-ca","category-la-comarca-ca","category-sin-categorizar-ca","category-la-hoya-ca","category-medio-ambiente-la-comarca-ca","category-politica","category-seccion-ca","category-sucesos-la-comarca-ca","category-cheste-ca","tag-ayuntamiento-de-cheste-ca","tag-cheste","tag-conselleria-de-agricultura-ca","tag-dana-2-ca","tag-la-hoya-de-bunol-chiva-ca"],"_links":{"self":[{"href":"https:\/\/tucomarca.whitekongsoftware.com\/ca\/wp-json\/wp\/v2\/posts\/264881","targetHints":{"allow":["GET"]}}],"collection":[{"href":"https:\/\/tucomarca.whitekongsoftware.com\/ca\/wp-json\/wp\/v2\/posts"}],"about":[{"href":"https:\/\/tucomarca.whitekongsoftware.com\/ca\/wp-json\/wp\/v2\/types\/post"}],"author":[{"embeddable":true,"href":"https:\/\/tucomarca.whitekongsoftware.com\/ca\/wp-json\/wp\/v2\/users\/1"}],"replies":[{"embeddable":true,"href":"https:\/\/tucomarca.whitekongsoftware.com\/ca\/wp-json\/wp\/v2\/comments?post=264881"}],"version-history":[{"count":0,"href":"https:\/\/tucomarca.whitekongsoftware.com\/ca\/wp-json\/wp\/v2\/posts\/264881\/revisions"}],"wp:featuredmedia":[{"embeddable":true,"href":"https:\/\/tucomarca.whitekongsoftware.com\/ca\/wp-json\/wp\/v2\/media\/264877"}],"wp:attachment":[{"href":"https:\/\/tucomarca.whitekongsoftware.com\/ca\/wp-json\/wp\/v2\/media?parent=264881"}],"wp:term":[{"taxonomy":"category","embeddable":true,"href":"https:\/\/tucomarca.whitekongsoftware.com\/ca\/wp-json\/wp\/v2\/categories?post=264881"},{"taxonomy":"post_tag","embeddable":true,"href":"https:\/\/tucomarca.whitekongsoftware.com\/ca\/wp-json\/wp\/v2\/tags?post=264881"}],"curies":[{"name":"wp","href":"https:\/\/api.w.org\/{rel}","templated":true}]}}