{"id":264834,"date":"2025-05-08T10:15:00","date_gmt":"2025-05-08T08:15:00","guid":{"rendered":"https:\/\/www.tucomarca.com\/wordpress\/segunda\/?p=264834"},"modified":"2025-05-08T19:00:54","modified_gmt":"2025-05-08T17:00:54","slug":"la-desena-edicio-de-graffitea-xest-es-presentara-a-valencia-en-una-jornada-entorn-de-lart-urba","status":"publish","type":"post","link":"https:\/\/tucomarca.whitekongsoftware.com\/ca\/la-desena-edicio-de-graffitea-xest-es-presentara-a-valencia-en-una-jornada-entorn-de-lart-urba\/","title":{"rendered":"La desena edici\u00f3 de Graffitea Xest es presentar\u00e0 a Val\u00e8ncia en una jornada entorn de l&#8217;Art Urb\u00e0"},"content":{"rendered":"\n<p class=\"wp-block-paragraph\">Dijous que ve, 15 de maig, el Festival d&#8217;Art Urb\u00e0 Graffitea Xest inaugurar\u00e0 el seu programa 2025 amb una jornada de presentaci\u00f3 titulada \u201cArt urb\u00e0: Revoluci\u00f3 Cultural\u201d que tindr\u00e0 lloc en l&#8217;hivernacle cultural i creatiu Lalenta, situat en el Barri del Carmen de Val\u00e8ncia, en la pla\u00e7a de Vicent Iborra n\u00famero 9.<\/p>\n\n\n\n<p class=\"wp-block-paragraph\"><strong>Programa de la jornada<br><\/strong>18.00. Exposici\u00f3 SymbiOsis de Justin Case, per Susana Medina (Bubbles).<br>18.15. Projecci\u00f3 del documental Educar la mirada, dirigit pels germans Garofalo.<br>19.00. Presentaci\u00f3 de la 10a edici\u00f3 de Graffitea Xest.<br>Amb la regidora de Cultura de l&#8217;Ajuntament de Xest, M\u00aa \u00c1ngeles Llorente, i el director art\u00edstic del festival, Toni Espinar.<br>Taula redona amb artistes d&#8217;aquesta edici\u00f3: Susana Medina (Bubbles) i Lluisa Penella i Pons.<br>20.00. Presentaci\u00f3 del llibre Un viatge per els parets de Borriana a Vinar\u00f2s. Or\u00edgens del grafiti a Castell\u00f3, pel seu autor MC Alberto.<br>20.30. Concert a c\u00e0rrec de Gramea Soul.<\/p>\n\n\n\n<figure class=\"wp-block-image size-large\"><img loading=\"lazy\" decoding=\"async\" width=\"724\" height=\"1024\" src=\"http:\/\/www.tucomarca.com\/wordpress\/segunda\/wp-content\/uploads\/2025\/05\/Graffiteapresentacion-724x1024.jpg\" alt=\"\" class=\"wp-image-264831\" srcset=\"https:\/\/tucomarca.whitekongsoftware.com\/wp-content\/uploads\/2025\/05\/Graffiteapresentacion-724x1024.jpg 724w, https:\/\/tucomarca.whitekongsoftware.com\/wp-content\/uploads\/2025\/05\/Graffiteapresentacion-212x300.jpg 212w, https:\/\/tucomarca.whitekongsoftware.com\/wp-content\/uploads\/2025\/05\/Graffiteapresentacion-768x1086.jpg 768w, https:\/\/tucomarca.whitekongsoftware.com\/wp-content\/uploads\/2025\/05\/Graffiteapresentacion-1086x1536.jpg 1086w, https:\/\/tucomarca.whitekongsoftware.com\/wp-content\/uploads\/2025\/05\/Graffiteapresentacion-1448x2048.jpg 1448w, https:\/\/tucomarca.whitekongsoftware.com\/wp-content\/uploads\/2025\/05\/Graffiteapresentacion-scaled.jpg 1810w\" sizes=\"auto, (max-width: 724px) 100vw, 724px\" \/><\/figure>\n\n\n\n<p class=\"wp-block-paragraph\"><strong>Sobre el festival<br><\/strong>El Festival d&#8217;Art urb\u00e0 Graffitea Xest celebrar\u00e0 la seua desena edici\u00f3 del 25 de maig a l&#8217;1 de juny de 2025 en la localitat chestana, en aquesta ocasi\u00f3 sota una tem\u00e0tica ecofemenista, i comptar\u00e0 amb la participaci\u00f3 d&#8217;una quinzena de dones artistes procedents de l&#8217;Argentina, Fran\u00e7a, Portugal i diferents punts de la geografia espanyola, que sumaran les seues obres a les m\u00e9s de 140 que ja llueixen en els murs de la localitat.<\/p>\n","protected":false},"excerpt":{"rendered":"<div class=\"mh-excerpt\">Dijous que ve, 15 de maig, el Festival d&#8217;Art Urb\u00e0 Graffitea Xest inaugurar\u00e0 el seu programa 2025 amb una jornada de presentaci\u00f3 titulada \u201cArt urb\u00e0: Revoluci\u00f3 Cultural\u201d que tindr\u00e0 lloc en l&#8217;hivernacle cultural i creatiu <a class=\"mh-excerpt-more\" href=\"https:\/\/tucomarca.whitekongsoftware.com\/ca\/la-desena-edicio-de-graffitea-xest-es-presentara-a-valencia-en-una-jornada-entorn-de-lart-urba\/\" title=\"La desena edici\u00f3 de Graffitea Xest es presentar\u00e0 a Val\u00e8ncia en una jornada entorn de l&#8217;Art Urb\u00e0\">[+] <\/a><\/div>\n","protected":false},"author":12,"featured_media":264830,"comment_status":"open","ping_status":"open","sticky":false,"template":"","format":"standard","meta":{"footnotes":""},"categories":[11019,10894,10904,10912,11007,10896,10974],"tags":[11071,22288,10914],"class_list":["post-264834","post","type-post","status-publish","format-standard","has-post-thumbnail","category-agenda-ca","category-la-comarca-ca","category-sin-categorizar-ca","category-la-hoya-ca","category-ocio-y-cultura-ca","category-seccion-ca","category-cheste-ca","tag-cheste","tag-graffitea-2025-ca","tag-la-hoya-de-bunol-chiva-ca"],"_links":{"self":[{"href":"https:\/\/tucomarca.whitekongsoftware.com\/ca\/wp-json\/wp\/v2\/posts\/264834","targetHints":{"allow":["GET"]}}],"collection":[{"href":"https:\/\/tucomarca.whitekongsoftware.com\/ca\/wp-json\/wp\/v2\/posts"}],"about":[{"href":"https:\/\/tucomarca.whitekongsoftware.com\/ca\/wp-json\/wp\/v2\/types\/post"}],"author":[{"embeddable":true,"href":"https:\/\/tucomarca.whitekongsoftware.com\/ca\/wp-json\/wp\/v2\/users\/12"}],"replies":[{"embeddable":true,"href":"https:\/\/tucomarca.whitekongsoftware.com\/ca\/wp-json\/wp\/v2\/comments?post=264834"}],"version-history":[{"count":0,"href":"https:\/\/tucomarca.whitekongsoftware.com\/ca\/wp-json\/wp\/v2\/posts\/264834\/revisions"}],"wp:featuredmedia":[{"embeddable":true,"href":"https:\/\/tucomarca.whitekongsoftware.com\/ca\/wp-json\/wp\/v2\/media\/264830"}],"wp:attachment":[{"href":"https:\/\/tucomarca.whitekongsoftware.com\/ca\/wp-json\/wp\/v2\/media?parent=264834"}],"wp:term":[{"taxonomy":"category","embeddable":true,"href":"https:\/\/tucomarca.whitekongsoftware.com\/ca\/wp-json\/wp\/v2\/categories?post=264834"},{"taxonomy":"post_tag","embeddable":true,"href":"https:\/\/tucomarca.whitekongsoftware.com\/ca\/wp-json\/wp\/v2\/tags?post=264834"}],"curies":[{"name":"wp","href":"https:\/\/api.w.org\/{rel}","templated":true}]}}