{"id":264792,"date":"2025-05-09T08:30:00","date_gmt":"2025-05-09T06:30:00","guid":{"rendered":"https:\/\/www.tucomarca.com\/wordpress\/segunda\/?p=264792"},"modified":"2025-05-09T14:27:53","modified_gmt":"2025-05-09T12:27:53","slug":"el-ivc-obri-la-convocatoria-per-a-participar-en-les-sessions-de-pitch-de-curt-creixent","status":"publish","type":"post","link":"https:\/\/tucomarca.whitekongsoftware.com\/ca\/el-ivc-obri-la-convocatoria-per-a-participar-en-les-sessions-de-pitch-de-curt-creixent\/","title":{"rendered":"El IVC obri la convocat\u00f2ria per a participar en les sessions de \u2018pitch\u2019 de Curt Creixent"},"content":{"rendered":"\n<h3 class=\"wp-block-heading\">L&#8217;onzena edici\u00f3 d&#8217;aquestes trobades del curtmetratge se celebra del 23 al 25 de juny en el marc de Cinema Jove.<\/h3>\n\n\n\n<h3 class=\"wp-block-heading\">Podran inscriure&#8217;s fins al 21 de maig curtmetratges en fase de projecte i en fase de postproducci\u00f3.<\/h3>\n\n\n\n<p class=\"wp-block-paragraph\">La Conselleria d&#8217;Educaci\u00f3, Cultura, Universitats i Ocupaci\u00f3, a trav\u00e9s del Institut Valenci\u00e0 de Cultura, organitza l&#8217;onzena edici\u00f3 de \u2018Curt Creixent, trobades del curtmetratge\u2019, que se celebrar\u00e0 del 23 al 25 de juny de 2025 en el marc de Cinema Jove, amb la col\u00b7laboraci\u00f3 del laboratori Emergent! Cinema Lab.<\/p>\n\n\n\n<p class=\"wp-block-paragraph\">Curt Creixent \u00e9s un espai de trobada que promou el potencial creatiu, industrial, social i cultural del curtmetratge. Reuneix i relaciona a professionals i estudiants de l&#8217;audiovisual, la cultura i l&#8217;educaci\u00f3, amb sessions de debat, xarrades, projeccions i sessions de pitch.<\/p>\n\n\n\n<p class=\"wp-block-paragraph\">Un pitch consisteix en una presentaci\u00f3 breu per a promocionar un producte o un projecte. Aix\u00ed, Curt Creixent llan\u00e7a dos tipus de convocat\u00f2ria distintes d&#8217;aquesta mena de presentacions: per a projectes i per a curtmetratges que ja estan en fase de postproducci\u00f3.<\/p>\n\n\n\n<p class=\"wp-block-paragraph\">La convocat\u00f2ria de projectes est\u00e0 dirigida a directores, directors i guionistes nascuts o empadronats en la Comunitat Valenciana o amb empresa productora amb seu social en aquesta comunitat.<\/p>\n\n\n\n<p class=\"wp-block-paragraph\">D&#8217;altra banda, la convocat\u00f2ria per a curtmetratges que ja estan en fase de postproducci\u00f3 est\u00e0 dirigida per a directores i directors nascuts o empadronats en la Comunitat Valenciana o amb empresa productora amb seu social en aquesta comunitat. En el cas de coproduccions, haur\u00e0 de tindre almenys un 50% del percentatge de la producci\u00f3.<\/p>\n\n\n\n<p class=\"wp-block-paragraph\">El termini de presentaci\u00f3 de projectes est\u00e0 obert fins al 21 de maig de 2025 a les 15.00 hores. Les bases completes i el formulari d&#8217;inscripci\u00f3 per a participar en Curt Creixent es poden trobar en aquesta p\u00e0gina web del IVC.<\/p>\n\n\n\n<p class=\"wp-block-paragraph\">Podran conc\u00f3rrer curtmetratges de qualsevol g\u00e8nere. En el cas de la convocat\u00f2ria de pitch per a projectes de curtmetratge, podran participar aquells amb gui\u00f3 acabat i el curtmetratge en fase de producci\u00f3, a m\u00e9s de comptar amb el suport d&#8217;una productora, universitat o escola especialitzada en estudis audiovisuals.<\/p>\n\n\n\n<p class=\"wp-block-paragraph\"><strong>Convocat\u00f2ria de curtmetratges en postproducci\u00f3<\/strong><\/p>\n\n\n\n<p class=\"wp-block-paragraph\">Per a la convocat\u00f2ria de pitch per a projectes de curtmetratge en fase de postproducci\u00f3, s&#8217;haur\u00e0 de presentar un rough cut i que el muntatge final no sobrepasse els 40 minuts de duraci\u00f3.<\/p>\n\n\n\n<p class=\"wp-block-paragraph\">Els curtmetratges seleccionats es presentaran davant un jurat d&#8217;especialistes per a rebre assessorament sobre el seu desenvolupament i distribuci\u00f3. Tamb\u00e9 comptaran amb tres sessions d&#8217;un taller de formaci\u00f3 la setmana pr\u00e8via al \u2018pitch\u2019. Tant la inscripci\u00f3, com la participaci\u00f3 en el taller i la sessi\u00f3 de pitching s\u00f3n gratu\u00eftes. El pitch consistir\u00e0 en una presentaci\u00f3, d&#8217;una duraci\u00f3 m\u00e0xima de set minuts, de cada curtmetratge seleccionat.<\/p>\n\n\n\n<p class=\"wp-block-paragraph\">El jurat seleccionar\u00e0 el curtmetratge guanyador, els drets d&#8217;exhibici\u00f3 del qual seran adquirits, a canvi d&#8217;una contraprestaci\u00f3 econ\u00f2mica, per part del Institut Valenci\u00e0 de Cultura per a la seua projecci\u00f3 en diferents \u00e0mbits, amb un especial enfocament cap a l&#8217;exhibici\u00f3 p\u00fablica no comercial, una vegada finalitzada la seua traject\u00f2ria per festivals.<\/p>\n\n\n\n<p class=\"wp-block-paragraph\"><strong>Convocat\u00f2ria de projectes curtmetratges<\/strong><\/p>\n\n\n\n<p class=\"wp-block-paragraph\">Els projectes seleccionats es presentaran davant un jurat d&#8217;especialistes per a rebre assessorament sobre el seu desenvolupament i distribuci\u00f3. A m\u00e9s, comptaran amb un taller de formaci\u00f3 pr\u00e8via a la sessi\u00f3 de pitch. Tant la inscripci\u00f3 del projecte en la present convocat\u00f2ria, com la participaci\u00f3 en el taller i la sessi\u00f3 de pitching s\u00f3n gratu\u00eftes.<\/p>\n\n\n\n<p class=\"wp-block-paragraph\">El pitch consistir\u00e0 en una exposici\u00f3 de cada projecte seleccionat, que haur\u00e0 de durar com a m\u00e0xim set minuts i participaran en aquesta presentaci\u00f3 tantes persones de l&#8217;equip del projecte de curtmetratge com decidisquen, sempre que siguen les mateixes persones que reben el taller previ a la sessi\u00f3 de pitching.<\/p>\n\n\n\n<p class=\"wp-block-paragraph\">El jurat decidir\u00e0 un projecte finalista, que ser\u00e0 seleccionat autom\u00e0ticament per a la pr\u00f2xima edici\u00f3 del laboratori Emergent! Cinema Lab, que se celebrar\u00e0 en la primera setmana de novembre a Madrid. Aquesta selecci\u00f3 \u00e9s exclusiva per a creadors, productors o guionistes novells. Aquesta condici\u00f3 no \u00e9s excloent a l&#8217;hora de presentar projectes, per\u00f2 s\u00ed que \u00e9s exclusiva per a ser finalista. Emergent! Cinema Lab assumir\u00e0 les despeses per a assistir al seu laboratori de desenvolupament i de les persones representants del projecte finalista.<\/p>\n\n\n\n<p class=\"wp-block-paragraph\">La sessi\u00f3 de pitching, dins de les jornades Curt Creixent, ser\u00e0 el 23 de juny. El taller previ al pitch ser\u00e0 els dies 16, 18 i 20 (mat\u00ed o vesprada) de juny. L&#8217;assist\u00e8ncia a aquestes sessions pr\u00e8vies \u00e9s imprescindible per a participar en la presentaci\u00f3 del dia 23 de juny.<\/p>\n","protected":false},"excerpt":{"rendered":"<div class=\"mh-excerpt\">L&#8217;onzena edici\u00f3 d&#8217;aquestes trobades del curtmetratge se celebra del 23 al 25 de juny en el marc de Cinema Jove. Podran inscriure&#8217;s fins al 21 de maig curtmetratges en fase de projecte i en fase <a class=\"mh-excerpt-more\" href=\"https:\/\/tucomarca.whitekongsoftware.com\/ca\/el-ivc-obri-la-convocatoria-per-a-participar-en-les-sessions-de-pitch-de-curt-creixent\/\" title=\"El IVC obri la convocat\u00f2ria per a participar en les sessions de \u2018pitch\u2019 de Curt Creixent\">[+] <\/a><\/div>\n","protected":false},"author":12,"featured_media":264791,"comment_status":"open","ping_status":"open","sticky":false,"template":"","format":"standard","meta":{"footnotes":""},"categories":[11019,10894,10904,11007,10896],"tags":[22280,13274,17761],"class_list":["post-264792","post","type-post","status-publish","format-standard","has-post-thumbnail","category-agenda-ca","category-la-comarca-ca","category-sin-categorizar-ca","category-ocio-y-cultura-ca","category-seccion-ca","tag-curt-creixent-ca","tag-institut-valencia-de-cultura-ca","tag-ivc-ca"],"_links":{"self":[{"href":"https:\/\/tucomarca.whitekongsoftware.com\/ca\/wp-json\/wp\/v2\/posts\/264792","targetHints":{"allow":["GET"]}}],"collection":[{"href":"https:\/\/tucomarca.whitekongsoftware.com\/ca\/wp-json\/wp\/v2\/posts"}],"about":[{"href":"https:\/\/tucomarca.whitekongsoftware.com\/ca\/wp-json\/wp\/v2\/types\/post"}],"author":[{"embeddable":true,"href":"https:\/\/tucomarca.whitekongsoftware.com\/ca\/wp-json\/wp\/v2\/users\/12"}],"replies":[{"embeddable":true,"href":"https:\/\/tucomarca.whitekongsoftware.com\/ca\/wp-json\/wp\/v2\/comments?post=264792"}],"version-history":[{"count":0,"href":"https:\/\/tucomarca.whitekongsoftware.com\/ca\/wp-json\/wp\/v2\/posts\/264792\/revisions"}],"wp:featuredmedia":[{"embeddable":true,"href":"https:\/\/tucomarca.whitekongsoftware.com\/ca\/wp-json\/wp\/v2\/media\/264791"}],"wp:attachment":[{"href":"https:\/\/tucomarca.whitekongsoftware.com\/ca\/wp-json\/wp\/v2\/media?parent=264792"}],"wp:term":[{"taxonomy":"category","embeddable":true,"href":"https:\/\/tucomarca.whitekongsoftware.com\/ca\/wp-json\/wp\/v2\/categories?post=264792"},{"taxonomy":"post_tag","embeddable":true,"href":"https:\/\/tucomarca.whitekongsoftware.com\/ca\/wp-json\/wp\/v2\/tags?post=264792"}],"curies":[{"name":"wp","href":"https:\/\/api.w.org\/{rel}","templated":true}]}}