{"id":264764,"date":"2025-05-08T13:00:00","date_gmt":"2025-05-08T11:00:00","guid":{"rendered":"https:\/\/www.tucomarca.com\/wordpress\/segunda\/?p=264764"},"modified":"2025-05-08T13:46:11","modified_gmt":"2025-05-08T11:46:11","slug":"xiva-acull-aquest-dissabte-la-presentacio-de-el-asesino-del-acertijo-la-nova-novella-de-maria-escudero-jupiter","status":"publish","type":"post","link":"https:\/\/tucomarca.whitekongsoftware.com\/ca\/xiva-acull-aquest-dissabte-la-presentacio-de-el-asesino-del-acertijo-la-nova-novella-de-maria-escudero-jupiter\/","title":{"rendered":"Xiva acull aquest dissabte la presentaci\u00f3 de &#8216;El Asesino del acertijo&#8217;, la nova novel\u00b7la de Mar\u00eda Escudero, J\u00fapiter"},"content":{"rendered":"<div class=\"wp-block-image\">\n<figure class=\"alignleft size-large is-resized\"><img loading=\"lazy\" decoding=\"async\" width=\"611\" height=\"1024\" src=\"http:\/\/www.tucomarca.com\/wordpress\/segunda\/wp-content\/uploads\/2025\/05\/MariaEscuderoJupiter-611x1024.jpg\" alt=\"\" class=\"wp-image-264760\" style=\"width:344px;height:auto\" srcset=\"https:\/\/tucomarca.whitekongsoftware.com\/wp-content\/uploads\/2025\/05\/MariaEscuderoJupiter-611x1024.jpg 611w, https:\/\/tucomarca.whitekongsoftware.com\/wp-content\/uploads\/2025\/05\/MariaEscuderoJupiter-179x300.jpg 179w, https:\/\/tucomarca.whitekongsoftware.com\/wp-content\/uploads\/2025\/05\/MariaEscuderoJupiter-768x1287.jpg 768w, https:\/\/tucomarca.whitekongsoftware.com\/wp-content\/uploads\/2025\/05\/MariaEscuderoJupiter-917x1536.jpg 917w, https:\/\/tucomarca.whitekongsoftware.com\/wp-content\/uploads\/2025\/05\/MariaEscuderoJupiter.jpg 955w\" sizes=\"auto, (max-width: 611px) 100vw, 611px\" \/><\/figure>\n<\/div>\n\n\n<h3 class=\"wp-block-heading\">Xiva acull aquest dissabte la presentaci\u00f3 de &#8216;El asesino del acertijo&#8217;, la nova novel\u00b7la de Mar\u00eda Escudero, J\u00fapiter, una hist\u00f2ria de suspens, passi\u00f3 i mort en plena festa de les Falles.<\/h3>\n\n\n\n<p class=\"wp-block-paragraph\">Aquest dissabte es publica <em><strong>El asesino del acertijo<\/strong><\/em>, un trepidant thriller rom\u00e0ntic ambientat a Val\u00e8ncia durant les Falles, on el foc no sols crema als carrers, sin\u00f3 tamb\u00e9 en la ment d&#8217;un assass\u00ed que converteix cada crim en un enigma.<\/p>\n\n\n\n<p class=\"wp-block-paragraph\">Aquest \u00e9s l&#8217;argument de <em>El asesino del acertijo<\/em>, la quarta novel\u00b7la de <strong>Mar\u00eda Escudero<\/strong>, <strong>J\u00fapiter<\/strong>, l&#8217;autora manxega, per\u00f2 amb arrels valencianes, qui es caracteritza pel toc rom\u00e0ntic del qual dota a cadascuna de les seues hist\u00f2ries: suspens, misteri, thriller, er\u00f2tica, fantasia&#8230;<\/p>\n\n\n\n<p class=\"wp-block-paragraph\"><em>El asesino del acertijo<\/em> se suma a <em><strong>La sombra de una traici\u00f3n<\/strong><\/em>, <em><strong>Juramento Roto<\/strong><\/em> i <em><strong>El Huargo de Lyons-La-F\u00f4ret<\/strong><\/em>, novel\u00b7la aquesta \u00faltima amb la qual l&#8217;escriptora va obtindre la Menci\u00f3 d&#8217;Honor en els International Llat\u00ed Book Awards, a Los Angeles. Quatre novel\u00b7les que es completen amb la participaci\u00f3 de l&#8217;autora en el llibre de relats solidaris <em>Las voces del bosque<\/em>.&nbsp;<\/p>\n\n\n\n<p class=\"wp-block-paragraph\"><strong>Suspens psicol\u00f2gic amb intensa c\u00e0rrega emocional<\/strong><\/p>\n\n\n<div class=\"wp-block-image\">\n<figure class=\"alignright size-large is-resized\"><img loading=\"lazy\" decoding=\"async\" width=\"692\" height=\"1024\" src=\"http:\/\/www.tucomarca.com\/wordpress\/segunda\/wp-content\/uploads\/2025\/05\/AsesinoAcertijoJupiter-692x1024.jpg\" alt=\"\" class=\"wp-image-264737\" style=\"width:331px;height:auto\" srcset=\"https:\/\/tucomarca.whitekongsoftware.com\/wp-content\/uploads\/2025\/05\/AsesinoAcertijoJupiter-692x1024.jpg 692w, https:\/\/tucomarca.whitekongsoftware.com\/wp-content\/uploads\/2025\/05\/AsesinoAcertijoJupiter-203x300.jpg 203w, https:\/\/tucomarca.whitekongsoftware.com\/wp-content\/uploads\/2025\/05\/AsesinoAcertijoJupiter.jpg 730w\" sizes=\"auto, (max-width: 692px) 100vw, 692px\" \/><\/figure>\n<\/div>\n\n\n<p class=\"wp-block-paragraph\">La protagonista de <em>El asesino del acertijo<\/em>, <strong>Ruth Lago<\/strong>, \u00e9s una agent de la Gu\u00e0rdia Civil que s&#8217;enfronta a un assass\u00ed en s\u00e8rie obsessionat amb dones que s&#8217;assemblen a ella. Cada v\u00edctima ve acompanyada d&#8217;una endevinalla, cada fallada costa una vida, i cada pas l&#8217;acosta m\u00e9s a un dest\u00ed marcat pel perill.<\/p>\n\n\n\n<p class=\"wp-block-paragraph\">Amb una narrativa \u00e0gil, tensi\u00f3 creixent i una ambientaci\u00f3 profundament valenciana, <em>El asesino del acertijo<\/em> mescla el suspens psicol\u00f2gic amb una intensa c\u00e0rrega emocional. \u00c9s una obra ideal per als qui gaudeixen d&#8217;autores com <strong>Carmen Mola<\/strong> o <strong>Eva Garc\u00eda S\u00e1enz de Urturi<\/strong>, per\u00f2 busquen una veu pr\u00f2pia i pr\u00f2xima.<\/p>\n\n\n\n<p class=\"wp-block-paragraph\">La nova novel\u00b7la, escrita en espanyol, estar\u00e0 disponible des del 10 de maig en format digital i paper a trav\u00e9s de Amazon; i tamb\u00e9 mitjan\u00e7ant impressi\u00f3 sota demanda en llibreries.<\/p>\n\n\n\n<p class=\"wp-block-paragraph\">El llibre es presentar\u00e0 oficialment en la <strong>IV Trobada d&#8217;Escriptores<\/strong>, que tindr\u00e0 lloc aquest dissabte, 10 de maig, de 10,00 a 14,00 hores, en el Passeig de l&#8217;Argentina, a <strong>Xiva<\/strong>, on l&#8217;autora ser\u00e0 present per a signar exemplars i conversar amb els lectors.<\/p>\n","protected":false},"excerpt":{"rendered":"<div class=\"mh-excerpt\">Xiva acull aquest dissabte la presentaci\u00f3 de &#8216;El asesino del acertijo&#8217;, la nova novel\u00b7la de Mar\u00eda Escudero, J\u00fapiter, una hist\u00f2ria de suspens, passi\u00f3 i mort en plena festa de les Falles. Aquest dissabte es publica <a class=\"mh-excerpt-more\" href=\"https:\/\/tucomarca.whitekongsoftware.com\/ca\/xiva-acull-aquest-dissabte-la-presentacio-de-el-asesino-del-acertijo-la-nova-novella-de-maria-escudero-jupiter\/\" title=\"Xiva acull aquest dissabte la presentaci\u00f3 de &#8216;El Asesino del acertijo&#8217;, la nova novel\u00b7la de Mar\u00eda Escudero, J\u00fapiter\">[+] <\/a><\/div>\n","protected":false},"author":1,"featured_media":264756,"comment_status":"open","ping_status":"open","sticky":false,"template":"","format":"standard","meta":{"footnotes":""},"categories":[11019,10894,10904,10912,11007,10896,10975],"tags":[11195,12194,10914,22278],"class_list":["post-264764","post","type-post","status-publish","format-standard","has-post-thumbnail","category-agenda-ca","category-la-comarca-ca","category-sin-categorizar-ca","category-la-hoya-ca","category-ocio-y-cultura-ca","category-seccion-ca","category-chiva-ca","tag-chiva-ca","tag-cultura-ca","tag-la-hoya-de-bunol-chiva-ca","tag-novela-ca"],"_links":{"self":[{"href":"https:\/\/tucomarca.whitekongsoftware.com\/ca\/wp-json\/wp\/v2\/posts\/264764","targetHints":{"allow":["GET"]}}],"collection":[{"href":"https:\/\/tucomarca.whitekongsoftware.com\/ca\/wp-json\/wp\/v2\/posts"}],"about":[{"href":"https:\/\/tucomarca.whitekongsoftware.com\/ca\/wp-json\/wp\/v2\/types\/post"}],"author":[{"embeddable":true,"href":"https:\/\/tucomarca.whitekongsoftware.com\/ca\/wp-json\/wp\/v2\/users\/1"}],"replies":[{"embeddable":true,"href":"https:\/\/tucomarca.whitekongsoftware.com\/ca\/wp-json\/wp\/v2\/comments?post=264764"}],"version-history":[{"count":0,"href":"https:\/\/tucomarca.whitekongsoftware.com\/ca\/wp-json\/wp\/v2\/posts\/264764\/revisions"}],"wp:featuredmedia":[{"embeddable":true,"href":"https:\/\/tucomarca.whitekongsoftware.com\/ca\/wp-json\/wp\/v2\/media\/264756"}],"wp:attachment":[{"href":"https:\/\/tucomarca.whitekongsoftware.com\/ca\/wp-json\/wp\/v2\/media?parent=264764"}],"wp:term":[{"taxonomy":"category","embeddable":true,"href":"https:\/\/tucomarca.whitekongsoftware.com\/ca\/wp-json\/wp\/v2\/categories?post=264764"},{"taxonomy":"post_tag","embeddable":true,"href":"https:\/\/tucomarca.whitekongsoftware.com\/ca\/wp-json\/wp\/v2\/tags?post=264764"}],"curies":[{"name":"wp","href":"https:\/\/api.w.org\/{rel}","templated":true}]}}