{"id":264705,"date":"2025-05-08T11:00:00","date_gmt":"2025-05-08T09:00:00","guid":{"rendered":"https:\/\/www.tucomarca.com\/wordpress\/segunda\/?p=264705"},"modified":"2025-05-08T11:21:35","modified_gmt":"2025-05-08T09:21:35","slug":"el-consell-aprova-un-decret-dajudes-per-a-la-formacio-de-professionals-que-treballen-en-la-reconstruccio-de-les-zones-afectades-per-la-dana","status":"publish","type":"post","link":"https:\/\/tucomarca.whitekongsoftware.com\/ca\/el-consell-aprova-un-decret-dajudes-per-a-la-formacio-de-professionals-que-treballen-en-la-reconstruccio-de-les-zones-afectades-per-la-dana\/","title":{"rendered":"El Consell aprova un decret d&#8217;ajudes per a la formaci\u00f3 de professionals que treballen en la reconstrucci\u00f3 de les zones afectades per la DANA"},"content":{"rendered":"\n<h3 class=\"wp-block-heading\">El Ple ha aprovat la concessi\u00f3 de dues subvencions per import total de 757.928,66 euros per a la Fundaci\u00f3 Laboral de la Construcci\u00f3 i la Federaci\u00f3 Empresarial Metal\u00b7l\u00fargica Valenciana.<\/h3>\n\n\n\n<h3 class=\"wp-block-heading\">L&#8217;objectiu \u00e9s finan\u00e7ar la formaci\u00f3 necess\u00e0ria per a disposar de m\u00e0 d&#8217;obra qualificada en el sector de la construcci\u00f3 i la rehabilitaci\u00f3 d&#8217;edificis.<\/h3>\n\n\n\n<p class=\"wp-block-paragraph\">El Consell ha aprovat un decret que estableix les bases reguladores i concessi\u00f3 directa de subvencions per a la realitzaci\u00f3 d&#8217;accions formatives relacionades amb el sector de la construcci\u00f3 i la rehabilitaci\u00f3 d&#8217;edificis, amb l&#8217;objectiu de disposar de la m\u00e0 d&#8217;obra qualificada que requereixen les empreses del sector per a la reconstrucci\u00f3 de les zones afectades per la DANA.<\/p>\n\n\n\n<p class=\"wp-block-paragraph\">A trav\u00e9s d&#8217;aquest decret, Labora subvencionar\u00e0 amb un total de 757.928 euros a la Federaci\u00f3 Empresarial Metal\u00b7l\u00fargica Valenciana (FEMEVAL) i a la Fundaci\u00f3 Laboral de la Construcci\u00f3, cadascuna de les quals rebr\u00e0 378.964 euros, perqu\u00e8 impartisquen de manera immediata accions de formaci\u00f3 no formal, de car\u00e0cter modular i destinades a ajudar a treballadors desocupats residents en la Comunitat Valenciana a adaptar-se a les necessitats del mercat laboral.<\/p>\n\n\n\n<p class=\"wp-block-paragraph\">La formaci\u00f3 se centrar\u00e0 fonamentalment en la rehabilitaci\u00f3 d&#8217;edificis i entorns, en particular en el vessant energ\u00e8tic; i en la construcci\u00f3 d&#8217;edificis eficients i sostenibles. Tindr\u00e0 una duraci\u00f3 de 30 hores i podr\u00e0 iniciar-se a partir dels 10 dies de l&#8217;entrada en vigor d&#8217;aquest decret i finalitzar\u00e0 abans del 30 de juny de 2025.<\/p>\n\n\n\n<p class=\"wp-block-paragraph\"><\/p>\n","protected":false},"excerpt":{"rendered":"<div class=\"mh-excerpt\">El Ple ha aprovat la concessi\u00f3 de dues subvencions per import total de 757.928,66 euros per a la Fundaci\u00f3 Laboral de la Construcci\u00f3 i la Federaci\u00f3 Empresarial Metal\u00b7l\u00fargica Valenciana. L&#8217;objectiu \u00e9s finan\u00e7ar la formaci\u00f3 necess\u00e0ria <a class=\"mh-excerpt-more\" href=\"https:\/\/tucomarca.whitekongsoftware.com\/ca\/el-consell-aprova-un-decret-dajudes-per-a-la-formacio-de-professionals-que-treballen-en-la-reconstruccio-de-les-zones-afectades-per-la-dana\/\" title=\"El Consell aprova un decret d&#8217;ajudes per a la formaci\u00f3 de professionals que treballen en la reconstrucci\u00f3 de les zones afectades per la DANA\">[+] <\/a><\/div>\n","protected":false},"author":12,"featured_media":250748,"comment_status":"open","ping_status":"open","sticky":false,"template":"","format":"standard","meta":{"footnotes":""},"categories":[21466,10898,10948,10894,10904,10903,10947,10896,10897],"tags":[12683,15409,11498],"class_list":["post-264705","post","type-post","status-publish","format-standard","has-post-thumbnail","category-dana-ca","category-ventana-ca","category-infraestructuras-ca","category-la-comarca-ca","category-sin-categorizar-ca","category-medio-ambiente-la-comarca-ca","category-politica","category-seccion-ca","category-sucesos-la-comarca-ca","tag-consell-ca","tag-dana-2-ca","tag-generalitat-valenciana-ca"],"_links":{"self":[{"href":"https:\/\/tucomarca.whitekongsoftware.com\/ca\/wp-json\/wp\/v2\/posts\/264705","targetHints":{"allow":["GET"]}}],"collection":[{"href":"https:\/\/tucomarca.whitekongsoftware.com\/ca\/wp-json\/wp\/v2\/posts"}],"about":[{"href":"https:\/\/tucomarca.whitekongsoftware.com\/ca\/wp-json\/wp\/v2\/types\/post"}],"author":[{"embeddable":true,"href":"https:\/\/tucomarca.whitekongsoftware.com\/ca\/wp-json\/wp\/v2\/users\/12"}],"replies":[{"embeddable":true,"href":"https:\/\/tucomarca.whitekongsoftware.com\/ca\/wp-json\/wp\/v2\/comments?post=264705"}],"version-history":[{"count":0,"href":"https:\/\/tucomarca.whitekongsoftware.com\/ca\/wp-json\/wp\/v2\/posts\/264705\/revisions"}],"wp:featuredmedia":[{"embeddable":true,"href":"https:\/\/tucomarca.whitekongsoftware.com\/ca\/wp-json\/wp\/v2\/media\/250748"}],"wp:attachment":[{"href":"https:\/\/tucomarca.whitekongsoftware.com\/ca\/wp-json\/wp\/v2\/media?parent=264705"}],"wp:term":[{"taxonomy":"category","embeddable":true,"href":"https:\/\/tucomarca.whitekongsoftware.com\/ca\/wp-json\/wp\/v2\/categories?post=264705"},{"taxonomy":"post_tag","embeddable":true,"href":"https:\/\/tucomarca.whitekongsoftware.com\/ca\/wp-json\/wp\/v2\/tags?post=264705"}],"curies":[{"name":"wp","href":"https:\/\/api.w.org\/{rel}","templated":true}]}}