{"id":264642,"date":"2025-05-07T09:30:00","date_gmt":"2025-05-07T07:30:00","guid":{"rendered":"https:\/\/www.tucomarca.com\/wordpress\/segunda\/?p=264642"},"modified":"2025-05-07T22:46:53","modified_gmt":"2025-05-07T20:46:53","slug":"fotogaleria-xest-lliurament-els-premis-del-certamen-literari-ateneu","status":"publish","type":"post","link":"https:\/\/tucomarca.whitekongsoftware.com\/ca\/fotogaleria-xest-lliurament-els-premis-del-certamen-literari-ateneu\/","title":{"rendered":"Fotogaler\u00eda: Xest lliurament els Premis del Certamen Literari Ateneu"},"content":{"rendered":"\n<p class=\"wp-block-paragraph\">La sala d&#8217;actes de la Fundaci\u00f3 cajacheste va acollir ahir, dimarts 6 de maig, la celebraci\u00f3 del Lliurament de Premis de la 24a edici\u00f3 del certamen literari, una iniciativa de la Regidoria de Cultura, la Fundaci\u00f3 cajacheste i la societat Ateneu l&#8217;Alian\u00e7a, en la qual participen els centres educatius p\u00fablics de Prim\u00e0ria, el col\u00b7legi San Jos\u00e9 de la Muntanya, l&#8217;IES Ricardo Mar\u00edn, el CEE Verge de l&#8217;Esperan\u00e7a i el Centre de Formaci\u00f3 de Persones Adultes. Un any m\u00e9s, el certamen ha superat el mig miler d&#8217;obres presentades, aconseguint la xifra de 552 treballs en les modalitats de relat breu, poesia i c\u00f2mic.<\/p>\n\n\n\n<p class=\"wp-block-paragraph\">L&#8217;acte es va obrir amb les paraules de l&#8217;escriptor i rapsode David Vidal, qui va donar la benvinguda a les persones assistents amb originals jocs de paraules, en homenatge als contes, i va convidar als presents a participar en una divertida din\u00e0mica abans de donar pas als discursos.<\/p>\n\n\n\n<figure class=\"wp-block-gallery has-nested-images columns-2 is-cropped wp-block-gallery-1 is-layout-flex wp-block-gallery-is-layout-flex\">\n<figure class=\"wp-block-image size-large\"><img loading=\"lazy\" decoding=\"async\" width=\"1024\" height=\"682\" data-id=\"264637\" src=\"https:\/\/www.tucomarca.com\/wordpress\/segunda\/wp-content\/uploads\/2025\/05\/ChestePremiosAteneo_1-1024x682.jpg\" alt=\"\" class=\"wp-image-264637\" srcset=\"https:\/\/tucomarca.whitekongsoftware.com\/wp-content\/uploads\/2025\/05\/ChestePremiosAteneo_1-1024x682.jpg 1024w, https:\/\/tucomarca.whitekongsoftware.com\/wp-content\/uploads\/2025\/05\/ChestePremiosAteneo_1-300x200.jpg 300w, https:\/\/tucomarca.whitekongsoftware.com\/wp-content\/uploads\/2025\/05\/ChestePremiosAteneo_1-768x512.jpg 768w, https:\/\/tucomarca.whitekongsoftware.com\/wp-content\/uploads\/2025\/05\/ChestePremiosAteneo_1.jpg 1181w\" sizes=\"auto, (max-width: 1024px) 100vw, 1024px\" \/><\/figure>\n\n\n\n<figure class=\"wp-block-image size-large\"><img loading=\"lazy\" decoding=\"async\" width=\"1024\" height=\"682\" data-id=\"264639\" src=\"https:\/\/www.tucomarca.com\/wordpress\/segunda\/wp-content\/uploads\/2025\/05\/ChestePremiosAteneo_2-1024x682.jpg\" alt=\"\" class=\"wp-image-264639\" srcset=\"https:\/\/tucomarca.whitekongsoftware.com\/wp-content\/uploads\/2025\/05\/ChestePremiosAteneo_2-1024x682.jpg 1024w, https:\/\/tucomarca.whitekongsoftware.com\/wp-content\/uploads\/2025\/05\/ChestePremiosAteneo_2-300x200.jpg 300w, https:\/\/tucomarca.whitekongsoftware.com\/wp-content\/uploads\/2025\/05\/ChestePremiosAteneo_2-768x512.jpg 768w, https:\/\/tucomarca.whitekongsoftware.com\/wp-content\/uploads\/2025\/05\/ChestePremiosAteneo_2.jpg 1181w\" sizes=\"auto, (max-width: 1024px) 100vw, 1024px\" \/><\/figure>\n\n\n\n<figure class=\"wp-block-image size-large\"><img loading=\"lazy\" decoding=\"async\" width=\"1024\" height=\"682\" data-id=\"264631\" src=\"https:\/\/www.tucomarca.com\/wordpress\/segunda\/wp-content\/uploads\/2025\/05\/ChestePremiosAteneo_3-1024x682.jpg\" alt=\"\" class=\"wp-image-264631\" srcset=\"https:\/\/tucomarca.whitekongsoftware.com\/wp-content\/uploads\/2025\/05\/ChestePremiosAteneo_3-1024x682.jpg 1024w, https:\/\/tucomarca.whitekongsoftware.com\/wp-content\/uploads\/2025\/05\/ChestePremiosAteneo_3-300x200.jpg 300w, https:\/\/tucomarca.whitekongsoftware.com\/wp-content\/uploads\/2025\/05\/ChestePremiosAteneo_3-768x512.jpg 768w, https:\/\/tucomarca.whitekongsoftware.com\/wp-content\/uploads\/2025\/05\/ChestePremiosAteneo_3.jpg 1181w\" sizes=\"auto, (max-width: 1024px) 100vw, 1024px\" \/><\/figure>\n\n\n\n<figure class=\"wp-block-image size-large\"><img loading=\"lazy\" decoding=\"async\" width=\"1024\" height=\"682\" data-id=\"264633\" src=\"https:\/\/www.tucomarca.com\/wordpress\/segunda\/wp-content\/uploads\/2025\/05\/ChestePremiosAteneo_4-1024x682.jpg\" alt=\"\" class=\"wp-image-264633\" srcset=\"https:\/\/tucomarca.whitekongsoftware.com\/wp-content\/uploads\/2025\/05\/ChestePremiosAteneo_4-1024x682.jpg 1024w, https:\/\/tucomarca.whitekongsoftware.com\/wp-content\/uploads\/2025\/05\/ChestePremiosAteneo_4-300x200.jpg 300w, https:\/\/tucomarca.whitekongsoftware.com\/wp-content\/uploads\/2025\/05\/ChestePremiosAteneo_4-768x512.jpg 768w, https:\/\/tucomarca.whitekongsoftware.com\/wp-content\/uploads\/2025\/05\/ChestePremiosAteneo_4.jpg 1181w\" sizes=\"auto, (max-width: 1024px) 100vw, 1024px\" \/><\/figure>\n<\/figure>\n\n\n\n<p class=\"wp-block-paragraph\">La primera a intervindre va ser la regidora de Cultura, M\u00aa \u00c1ngeles Llorente, donant l&#8217;enhorabona a participants i premiats i agraint la implicaci\u00f3 de les comunitats educatives, dels mestres i mestres que formen el jurat i del personal municipal, aix\u00ed com la participaci\u00f3 altruista de David Vidal moderant i amenitzant l&#8217;acte. \u201cUs anime a tots els que sou ac\u00ed a continuar escrivint tota la vostra vida. Llegim i escriguem, a qualsevol edat i amb qualsevol motiu. Trobem el moment per a parar-nos un instant i pensar en el que succeeix, en les nostres emocions i en els nostres desitjos. Detinguem el temps descobrint el que ens compta un llibre, escrivint una p\u00e0gina, una dedicat\u00f2ria, la carta a un amic o un escrit de protesta, la qual cosa siga\u201d, manifestava la regidora.<\/p>\n\n\n\n<p class=\"wp-block-paragraph\">Per part seua, Gemma Hercio, membre del patronat de la Fundaci\u00f3 cajacheste, va dedicar unes paraules a recon\u00e9ixer la capacitat de l&#8217;escriptura per a unir a les persones. \u201cHui celebrem l&#8217;acte d&#8217;escriure com una manera de trobar-nos. Ens convoca la paraula escrita, eixa eina humil i poderosa que travessa edats, realitats, or\u00edgens i traject\u00f2ries. Cada text premiat i tamb\u00e9 cada text presentat \u00e9s un acte de generositat, \u00e9s una petjada, una llavor, una possibilitat. A tots els participants, i especialment als del Col\u00b7legi Verge de l&#8217;Esperan\u00e7a, que el fan per primera vegada en aquest certamen, gr\u00e0cies per escriure\u201d, declarava Huercio.<\/p>\n\n\n\n<p class=\"wp-block-paragraph\">Finalment, Carmen Delgado, en representaci\u00f3 de la Societat Cultural Ateneu, va tancar les intervencions abans de procedir al lliurament de premis, recordant en el seu discurs la traject\u00f2ria del certamen. \u201cEn 2001, fa ja 24 anys, l&#8217;Ateneu va tindre la brillant idea de convocar un certamen literari; des de fa 9 anys s&#8217;ha incorporat a la iniciativa la Regidoria de Cultura, implicant-se perqu\u00e8 aquest concurs romanga al llarg del temps, comprom\u00eds al qual s&#8217;ha sumat tamb\u00e9 la Fundaci\u00f3 cajacheste. L&#8217;abast del certamen tamb\u00e9 ha crescut amb els anys, amb la participaci\u00f3 del Centre de Formaci\u00f3 Persones Adultes i, des d&#8217;aquesta edici\u00f3, amb el CEE Verge de l&#8217;Esperan\u00e7a\u201d, destacava Delgado.<\/p>\n\n\n\n<p class=\"wp-block-paragraph\">Les 32 persones guardonades en les diferents categories van rebre un diploma de mans dels representants de cada entitat organitzadora. El primer premi de cada categoria va consistir en un val regale de 100 euros canviable per material de lectura i escriptura en papereries de la localitat; el segon premi va comptar amb les mateixes condicions en un val de 50 euros. El jurat del certamen, formant per Pilar Rosell\u00f3, M\u00aa \u00c1ngeles Corber\u00e1n, Francisco Javier Rodrigo, M\u00aa Carmen Corber\u00e1n, Encarna Escobedo i M\u00aa Asunci\u00f3n Boix, tamb\u00e9 va rebre un obsequi per la seua col\u00b7laboraci\u00f3 desinteressada en el certamen i, per a tancar l&#8217;acte, es va realitzar una foto grupal.<\/p>\n\n\n\n<p class=\"wp-block-paragraph\">Llistat de persones premiades<\/p>\n\n\n\n<p class=\"wp-block-paragraph\">Poesia<br>Primera categoria \u00b7 1r i 2n de Prim\u00e0ria.<br>Primer premi a DAVID ARNAU FAUBEL<br>Segundo premi a DAVID CATAL\u00c1 S\u00c1NCHEZ<\/p>\n\n\n\n<p class=\"wp-block-paragraph\">Segunda categoria \u00b7 3r i 4t de Prim\u00e0ria<br>Primer premi a ARTURO VESELINOV KOLEV<br>Segon premi a IV\u00c1N FERN\u00c1NDEZ PORRES<\/p>\n\n\n\n<p class=\"wp-block-paragraph\">Tercera categoria \u00b7 5\u00e9 i 6\u00e9 de Prim\u00e0ria<br>Primer premi a SILVIA VALERO GIL<br>Segundo premi a NICOL\u00c1S CABALLERO RIVED<\/p>\n\n\n\n<p class=\"wp-block-paragraph\">Quarta categoria \u00b7 1r i 2n d&#8217;ESO<br>Primer premi a OLAYA S\u00c1NCHEZ MERL\u00d3S<br>Segon premi a \u00c1LVARO VALERO GIL<\/p>\n\n\n\n<p class=\"wp-block-paragraph\">Quinta categoria \u00b7 3r i 4t d&#8217;ESO<br>Primer premi a NATALIA HERN\u00c1NDEZ FERN\u00c1NDEZ<br>Segundo premi a SIRINE AMAROUCHE FERRAH<\/p>\n\n\n\n<p class=\"wp-block-paragraph\">Huitena categoria \u00b7 CFPA<br>Primer premi a CARMEN MART\u00cdNEZ LAVARIAS<br>Segon premi a M\u00aa CARMEN HUERCIO HURRIAGA<\/p>\n\n\n\n<p class=\"wp-block-paragraph\">Relats curts<br>Primera categoria \u00b7 1r i 2n de Prim\u00e0ria.<br>Primer premi a IN\u00c9S RODRIGO POZAS<br>Segon premi a DOAA ESSEMYHY<\/p>\n\n\n\n<p class=\"wp-block-paragraph\">Segona categoria \u00b7 3r i 4t de Prim\u00e0ria<br>Primer premi a GR\u00c8CIA LORENTE GARC\u00cdA<br>Segundo premi a LUCAS GUERRERO TOM\u00c1S<\/p>\n\n\n\n<p class=\"wp-block-paragraph\">Tercera categoria \u00b7 5\u00e9 i 6\u00e9 de Prim\u00e0ria<br>Primer premi a BIANCA MAR\u00cdA CRACIUN MAICAN<br>Segon premi a LUC\u00cdA RODRIGO POZAS<\/p>\n\n\n\n<p class=\"wp-block-paragraph\">Quarta categoria \u00b7 1r i 2n d&#8217;ESO<br>Primer premi a ALBA MORELL REGIDOR<br>Segon premi a PABLO CABEDO MORENO<\/p>\n\n\n\n<p class=\"wp-block-paragraph\">Quinta categoria \u00b7 3r i 4t d&#8217;ESO<br>Primer premi a EMMA DE LA CREU GUZM\u00c1N<br>Segundo premi a CARLOS S\u00c1NCHEZ RUIZ<\/p>\n\n\n\n<p class=\"wp-block-paragraph\">S\u00e9ptima categoria \u00b7 Batxillerat<br>Primer premi a BALMA SANMILL\u00c1N NAVARRO<br>Segundo premi a LUC\u00cdA SORIANO FORN\u00c9S<\/p>\n\n\n\n<p class=\"wp-block-paragraph\">Octava categoria \u00b7 CFPA<br>Primer premi a CARMEN TAR\u00cdN M\u00c1\u00d1EZ<br>Segundo premi a LUC\u00cdA HERRERO MONTS\u00d3<\/p>\n\n\n\n<p class=\"wp-block-paragraph\">Novena categoria \u00b7 Col\u00b7legi Verge de l&#8217;Esperan\u00e7a.<br>Primer premi a PATRICIA CORT\u00c9S PIOSA<\/p>\n\n\n\n<p class=\"wp-block-paragraph\"><strong>C\u00f2mic<\/strong><br>Primera categoria \u00b7 1r i 2n de Prim\u00e0ria.<br>Primer premi a PAU NAVARRO ROIG<\/p>\n\n\n\n<p class=\"wp-block-paragraph\">Tercera categoria \u00b7 5\u00e9 i 6\u00e9 de Prim\u00e0ria<br>Primer premi a DANIEL ROSELL\u00d3 P\u00c9REZ<\/p>\n\n\n\n<p class=\"wp-block-paragraph\">Cuarta categoria \u00b7 1r i 2n d&#8217;ESO<br>Primer premi a LOLA MONTOYA PERONA<\/p>\n\n\n\n<p class=\"wp-block-paragraph\">Novena categoria \u00b7 Col\u00b7legi Verge de l&#8217;Esperan\u00e7a.<br>Primer premi a PAULA HERN\u00c1NDEZ FITA<br>Segundo premi a STEFAN SAMAK<\/p>\n","protected":false},"excerpt":{"rendered":"<div class=\"mh-excerpt\">La sala d&#8217;actes de la Fundaci\u00f3 cajacheste va acollir ahir, dimarts 6 de maig, la celebraci\u00f3 del Lliurament de Premis de la 24a edici\u00f3 del certamen literari, una iniciativa de la Regidoria de Cultura, la <a class=\"mh-excerpt-more\" href=\"https:\/\/tucomarca.whitekongsoftware.com\/ca\/fotogaleria-xest-lliurament-els-premis-del-certamen-literari-ateneu\/\" title=\"Fotogaler\u00eda: Xest lliurament els Premis del Certamen Literari Ateneu\">[+] <\/a><\/div>\n","protected":false},"author":12,"featured_media":264636,"comment_status":"open","ping_status":"open","sticky":false,"template":"","format":"gallery","meta":{"footnotes":""},"categories":[10894,10912,11007,10896,10974],"tags":[19113,11071,10914],"class_list":["post-264642","post","type-post","status-publish","format-gallery","has-post-thumbnail","category-la-comarca-ca","category-la-hoya-ca","category-ocio-y-cultura-ca","category-seccion-ca","category-cheste-ca","tag-certamen-literario-ateneo-la-alianza-ca","tag-cheste","tag-la-hoya-de-bunol-chiva-ca","post_format-post-format-gallery"],"_links":{"self":[{"href":"https:\/\/tucomarca.whitekongsoftware.com\/ca\/wp-json\/wp\/v2\/posts\/264642","targetHints":{"allow":["GET"]}}],"collection":[{"href":"https:\/\/tucomarca.whitekongsoftware.com\/ca\/wp-json\/wp\/v2\/posts"}],"about":[{"href":"https:\/\/tucomarca.whitekongsoftware.com\/ca\/wp-json\/wp\/v2\/types\/post"}],"author":[{"embeddable":true,"href":"https:\/\/tucomarca.whitekongsoftware.com\/ca\/wp-json\/wp\/v2\/users\/12"}],"replies":[{"embeddable":true,"href":"https:\/\/tucomarca.whitekongsoftware.com\/ca\/wp-json\/wp\/v2\/comments?post=264642"}],"version-history":[{"count":0,"href":"https:\/\/tucomarca.whitekongsoftware.com\/ca\/wp-json\/wp\/v2\/posts\/264642\/revisions"}],"wp:featuredmedia":[{"embeddable":true,"href":"https:\/\/tucomarca.whitekongsoftware.com\/ca\/wp-json\/wp\/v2\/media\/264636"}],"wp:attachment":[{"href":"https:\/\/tucomarca.whitekongsoftware.com\/ca\/wp-json\/wp\/v2\/media?parent=264642"}],"wp:term":[{"taxonomy":"category","embeddable":true,"href":"https:\/\/tucomarca.whitekongsoftware.com\/ca\/wp-json\/wp\/v2\/categories?post=264642"},{"taxonomy":"post_tag","embeddable":true,"href":"https:\/\/tucomarca.whitekongsoftware.com\/ca\/wp-json\/wp\/v2\/tags?post=264642"}],"curies":[{"name":"wp","href":"https:\/\/api.w.org\/{rel}","templated":true}]}}