{"id":264613,"date":"2025-05-07T10:00:00","date_gmt":"2025-05-07T08:00:00","guid":{"rendered":"https:\/\/www.tucomarca.com\/wordpress\/segunda\/?p=264613"},"modified":"2025-05-07T14:45:21","modified_gmt":"2025-05-07T12:45:21","slug":"el-cim-la-armonica-homenatja-aquest-dissabte-als-seus-musics-amb-un-emotiu-concert","status":"publish","type":"post","link":"https:\/\/tucomarca.whitekongsoftware.com\/ca\/el-cim-la-armonica-homenatja-aquest-dissabte-als-seus-musics-amb-un-emotiu-concert\/","title":{"rendered":"El CIM &#8220;La Arm\u00f3nica&#8221; homenatja aquest dissabte als seus m\u00fasics amb un emotiu concert"},"content":{"rendered":"\n<p class=\"wp-block-paragraph\">El Palacio de la M\u00fasica de Bunyol acollir\u00e0, aquest dissabte, 10 de maig, a les 19.00 h, un dels actes m\u00e9s entranyables del calendari musical de la localitat. El Centre Instructiu Musical \u201cLa Arm\u00f3nica\u201d retr\u00e0 homenatge a la dedicaci\u00f3 i traject\u00f2ria dels m\u00fasics en actiu de la seua banda simf\u00f2nica, en un concert que es preveu carregat d&#8217;emoci\u00f3, records i gratitud.<\/p>\n\n\n<div class=\"wp-block-image\">\n<figure class=\"alignleft size-large is-resized\"><img loading=\"lazy\" decoding=\"async\" width=\"819\" height=\"1024\" src=\"http:\/\/www.tucomarca.com\/wordpress\/segunda\/wp-content\/uploads\/2025\/05\/conciertolitro-819x1024.jpg\" alt=\"\" class=\"wp-image-264610\" style=\"width:439px;height:auto\" srcset=\"https:\/\/tucomarca.whitekongsoftware.com\/wp-content\/uploads\/2025\/05\/conciertolitro-819x1024.jpg 819w, https:\/\/tucomarca.whitekongsoftware.com\/wp-content\/uploads\/2025\/05\/conciertolitro-240x300.jpg 240w, https:\/\/tucomarca.whitekongsoftware.com\/wp-content\/uploads\/2025\/05\/conciertolitro-768x960.jpg 768w, https:\/\/tucomarca.whitekongsoftware.com\/wp-content\/uploads\/2025\/05\/conciertolitro.jpg 1018w\" sizes=\"auto, (max-width: 819px) 100vw, 819px\" \/><\/figure>\n<\/div>\n\n\n<p class=\"wp-block-paragraph\">Durant l&#8217;acte, es far\u00e0 lliurament de les ins\u00edgnies commemoratives a aquells m\u00fasics que han mantingut el seu comprom\u00eds amb l&#8217;agrupaci\u00f3 durant m\u00e9s de 20, 30, 40 i fins i tot m\u00e9s de 50 anys, reconeixent aix\u00ed el seu lliurament a la m\u00fasica i a la societat bu\u00f1olense a trav\u00e9s de \u201cLa Arm\u00f3nica\u201d.<\/p>\n\n\n\n<p class=\"wp-block-paragraph\">El concert inclour\u00e0 tamb\u00e9 un moment molt especial: un sentit recorde als m\u00fasics Nuria Carre\u00f1o i Ciro Rodr\u00edguez, companys recentment morts, la mem\u00f2ria dels quals seguir\u00e0 present en el cor de la banda.<\/p>\n\n\n\n<p class=\"wp-block-paragraph\">Les entrades anticipades estaran disponibles el dijous 8 de maig de 19.00 a 20.00 h en taquilla.<\/p>\n\n\n\n<p class=\"wp-block-paragraph\">Com a fermall final, despr\u00e9s del concert, la fam\u00edlia musical es reunir\u00e0 per a compartir el tradicional Sopar en Honor al M\u00fasic, que enguany se celebrar\u00e0 en Tr\u00e9bede, tancant aix\u00ed una jornada d&#8217;homenatge i germanor.<\/p>\n","protected":false},"excerpt":{"rendered":"<div class=\"mh-excerpt\">El Palacio de la M\u00fasica de Bunyol acollir\u00e0, aquest dissabte, 10 de maig, a les 19.00 h, un dels actes m\u00e9s entranyables del calendari musical de la localitat. El Centre Instructiu Musical \u201cLa Arm\u00f3nica\u201d retr\u00e0 <a class=\"mh-excerpt-more\" href=\"https:\/\/tucomarca.whitekongsoftware.com\/ca\/el-cim-la-armonica-homenatja-aquest-dissabte-als-seus-musics-amb-un-emotiu-concert\/\" title=\"El CIM &#8220;La Arm\u00f3nica&#8221; homenatja aquest dissabte als seus m\u00fasics amb un emotiu concert\">[+] <\/a><\/div>\n","protected":false},"author":12,"featured_media":264611,"comment_status":"open","ping_status":"open","sticky":false,"template":"","format":"standard","meta":{"footnotes":""},"categories":[11019,10911,10894,10912,11007,10896],"tags":[10913,11209,10914],"class_list":["post-264613","post","type-post","status-publish","format-standard","has-post-thumbnail","category-agenda-ca","category-bunol-ca","category-la-comarca-ca","category-la-hoya-ca","category-ocio-y-cultura-ca","category-seccion-ca","tag-bunol-ca","tag-cim-la-armonica-de-bunol-ca","tag-la-hoya-de-bunol-chiva-ca"],"_links":{"self":[{"href":"https:\/\/tucomarca.whitekongsoftware.com\/ca\/wp-json\/wp\/v2\/posts\/264613","targetHints":{"allow":["GET"]}}],"collection":[{"href":"https:\/\/tucomarca.whitekongsoftware.com\/ca\/wp-json\/wp\/v2\/posts"}],"about":[{"href":"https:\/\/tucomarca.whitekongsoftware.com\/ca\/wp-json\/wp\/v2\/types\/post"}],"author":[{"embeddable":true,"href":"https:\/\/tucomarca.whitekongsoftware.com\/ca\/wp-json\/wp\/v2\/users\/12"}],"replies":[{"embeddable":true,"href":"https:\/\/tucomarca.whitekongsoftware.com\/ca\/wp-json\/wp\/v2\/comments?post=264613"}],"version-history":[{"count":0,"href":"https:\/\/tucomarca.whitekongsoftware.com\/ca\/wp-json\/wp\/v2\/posts\/264613\/revisions"}],"wp:featuredmedia":[{"embeddable":true,"href":"https:\/\/tucomarca.whitekongsoftware.com\/ca\/wp-json\/wp\/v2\/media\/264611"}],"wp:attachment":[{"href":"https:\/\/tucomarca.whitekongsoftware.com\/ca\/wp-json\/wp\/v2\/media?parent=264613"}],"wp:term":[{"taxonomy":"category","embeddable":true,"href":"https:\/\/tucomarca.whitekongsoftware.com\/ca\/wp-json\/wp\/v2\/categories?post=264613"},{"taxonomy":"post_tag","embeddable":true,"href":"https:\/\/tucomarca.whitekongsoftware.com\/ca\/wp-json\/wp\/v2\/tags?post=264613"}],"curies":[{"name":"wp","href":"https:\/\/api.w.org\/{rel}","templated":true}]}}