{"id":264543,"date":"2025-05-06T10:50:00","date_gmt":"2025-05-06T08:50:00","guid":{"rendered":"https:\/\/www.tucomarca.com\/wordpress\/segunda\/?p=264543"},"modified":"2025-05-06T20:56:45","modified_gmt":"2025-05-06T18:56:45","slug":"la-produccio-propia-de-linstitut-valencia-de-cultura-plenamar-recala-en-el-teatre-rialto-de-valencia","status":"publish","type":"post","link":"https:\/\/tucomarca.whitekongsoftware.com\/ca\/la-produccio-propia-de-linstitut-valencia-de-cultura-plenamar-recala-en-el-teatre-rialto-de-valencia\/","title":{"rendered":"La producci\u00f3 pr\u00f2pia de l\u2019Institut Valenci\u00e0 de Cultura \u2018Plenamar\u2019 recala en el Teatre Rialto de Val\u00e8ncia"},"content":{"rendered":"\n<h3 class=\"wp-block-heading\">L\u2019obra t\u00e9 segell castellonenc, tant en l\u2019autoria de Bego\u00f1a Tena com en la direcci\u00f3 de Laia Porcar i N\u00faria Vizcarro.<\/h3>\n\n\n\n<h3 class=\"wp-block-heading\">Es podr\u00e0 vore del 7 al 18 de maig en el Teatre Rialto de Val\u00e8ncia i posteriorment, del 23 al 25 en el Teatre Arniches.<\/h3>\n\n\n\n<p class=\"wp-block-paragraph\">L\u2019Institut Valenci\u00e0 de Cultura ha presentat la seua nova producci\u00f3 pr\u00f2pia&nbsp;<em>Plenamar<\/em>, que arriba al Teatre Rialto despr\u00e9s de la seua estrena el passat cap de setmana en el Teatre Principal de Castell\u00f3.<\/p>\n\n\n\n<p class=\"wp-block-paragraph\">L\u2019obra es podr\u00e0 vore del 7 al 18 de maig en el Teatre Rialto de Val\u00e8ncia i posteriorment, del 23 al 25 en el Teatre Arniches. Per al director general de Cultura, Miquel Nadal, \u201ceste fet demostra, d\u2019una banda, el nostre inter\u00e9s per la creaci\u00f3 pr\u00f2pia, per portar les nostres produccions a tots els ciutadans de la Comunitat Valenciana i tamb\u00e9 per descentralitzar la producci\u00f3 esc\u00e8nica durant tot el proc\u00e9s de creaci\u00f3\u201d.<\/p>\n\n\n\n<p class=\"wp-block-paragraph\">En este cas l\u2019obra t\u00e9 segell castellonenc tant en l\u2019autoria de Bego\u00f1a Tena, com en la direcci\u00f3 de Laia Porcar i N\u00faria Vizcarro, presents tamb\u00e9 en la roda de premsa. A m\u00e9s, tant l\u2019estrena, com els processos previs de producci\u00f3 i els assajos s\u2019han realitzat a Castell\u00f3 de la Plana.<\/p>\n\n\n\n<figure class=\"wp-block-gallery has-nested-images columns-default is-cropped wp-block-gallery-1 is-layout-flex wp-block-gallery-is-layout-flex\">\n<figure class=\"wp-block-image size-large\"><img loading=\"lazy\" decoding=\"async\" width=\"1024\" height=\"682\" data-id=\"264535\" src=\"https:\/\/www.tucomarca.com\/wordpress\/segunda\/wp-content\/uploads\/2025\/05\/IVC_Plenamar_Vlc-1-1024x682.jpg\" alt=\"\" class=\"wp-image-264535\" srcset=\"https:\/\/tucomarca.whitekongsoftware.com\/wp-content\/uploads\/2025\/05\/IVC_Plenamar_Vlc-1-1024x682.jpg 1024w, https:\/\/tucomarca.whitekongsoftware.com\/wp-content\/uploads\/2025\/05\/IVC_Plenamar_Vlc-1-300x200.jpg 300w, https:\/\/tucomarca.whitekongsoftware.com\/wp-content\/uploads\/2025\/05\/IVC_Plenamar_Vlc-1-768x512.jpg 768w, https:\/\/tucomarca.whitekongsoftware.com\/wp-content\/uploads\/2025\/05\/IVC_Plenamar_Vlc-1.jpg 1181w\" sizes=\"auto, (max-width: 1024px) 100vw, 1024px\" \/><\/figure>\n\n\n\n<figure class=\"wp-block-image size-large\"><img loading=\"lazy\" decoding=\"async\" width=\"1024\" height=\"768\" data-id=\"264539\" src=\"https:\/\/www.tucomarca.com\/wordpress\/segunda\/wp-content\/uploads\/2025\/05\/IVC_Plenamar_Vlc-3-1024x768.jpg\" alt=\"\" class=\"wp-image-264539\" srcset=\"https:\/\/tucomarca.whitekongsoftware.com\/wp-content\/uploads\/2025\/05\/IVC_Plenamar_Vlc-3-1024x768.jpg 1024w, https:\/\/tucomarca.whitekongsoftware.com\/wp-content\/uploads\/2025\/05\/IVC_Plenamar_Vlc-3-300x225.jpg 300w, https:\/\/tucomarca.whitekongsoftware.com\/wp-content\/uploads\/2025\/05\/IVC_Plenamar_Vlc-3-768x576.jpg 768w, https:\/\/tucomarca.whitekongsoftware.com\/wp-content\/uploads\/2025\/05\/IVC_Plenamar_Vlc-3-678x509.jpg 678w, https:\/\/tucomarca.whitekongsoftware.com\/wp-content\/uploads\/2025\/05\/IVC_Plenamar_Vlc-3-326x245.jpg 326w, https:\/\/tucomarca.whitekongsoftware.com\/wp-content\/uploads\/2025\/05\/IVC_Plenamar_Vlc-3-80x60.jpg 80w, https:\/\/tucomarca.whitekongsoftware.com\/wp-content\/uploads\/2025\/05\/IVC_Plenamar_Vlc-3.jpg 1181w\" sizes=\"auto, (max-width: 1024px) 100vw, 1024px\" \/><\/figure>\n<\/figure>\n\n\n\n<p class=\"wp-block-paragraph\">La directora adjunta d\u2019Arts Esc\u00e8niques de l\u2019Institut Valenci\u00e0 de Cultura, Mar\u00eda Jos\u00e9 Mora, ha assenyalat que, amb esta nova producci\u00f3 pr\u00f2pia l\u2019IVC complix amb este objectiu de descentralitzar tant l\u2019oferta cultural com els processos i equips de treball. Mora ha afegit que \u201ces refor\u00e7a el nostre comprom\u00eds d\u2019enfortir la creaci\u00f3 esc\u00e8nica valenciana, impulsant l\u2019autoria, en este cas d\u2019una dramaturga com Bego\u00f1a Tena, i oferint la direcci\u00f3 de projectes a creadores, com ho s\u00f3n Laia Porcar i N\u00faria Vizcarro\u201d.<\/p>\n\n\n\n<p class=\"wp-block-paragraph\">Mar\u00eda Jos\u00e9 Mora ha destacat el treball de tots els professionals que participen en la producci\u00f3. \u201cTots els elements aporten valor a la producci\u00f3 i tot est\u00e0 en una perfecta conjunci\u00f3\u201d, ha assenyalat.<\/p>\n\n\n\n<p class=\"wp-block-paragraph\"><em>Plenamar&nbsp;<\/em>est\u00e0 protagonitzada per Carme Juan, Laura Useleti, Merce Tienda, Pau Gregori, Silvia Valero i Talia Bobany. L\u2019obra compta amb m\u00fasica en directe creada i interpretada per Versonautas.<\/p>\n\n\n\n<p class=\"wp-block-paragraph\">Els audiovisuals, l\u2019escenografia i el disseny de llums transformen l\u2019escenari del Teatre Rialto de Val\u00e8ncia en una illa remota, creant un ambient inquietant que amaga m\u00e9s d\u2019un misteri. L\u2019espai esc\u00e8nic est\u00e0 dirigit per Anna Fonollosa, els visuals per Andreu Signes i el disseny de vestuari \u00e9s de Marian Varela.<\/p>\n\n\n\n<p class=\"wp-block-paragraph\">L\u2019Institut Valenci\u00e0 de Cultura ha organitzat tres funcions matinals per a grups d\u2019escolars amb col\u00b7loqui postfunci\u00f3 que permet als j\u00f3vens con\u00e9ixer a fons i de la m\u00e0 dels artistes el proc\u00e9s de producci\u00f3 de l\u2019obra.<\/p>\n\n\n\n<p class=\"wp-block-paragraph\">A m\u00e9s, l\u201911 de maig es realitzar\u00e0 una funci\u00f3 accessible per a persones amb discapacitat sensorial i el 14 de maig, una funci\u00f3 relaxada, que permeta acollir persones amb patrons d\u2019interacci\u00f3 social no normalitzats o amb extrema sensibilitat a est\u00edmuls sensorials.<\/p>\n\n\n\n<p class=\"wp-block-paragraph\"><strong>L\u2019a\u00efllament voluntari<\/strong><\/p>\n\n\n\n<p class=\"wp-block-paragraph\"><em>Plenamar&nbsp;<\/em>tracta sobre la incomunicaci\u00f3 i l\u2019a\u00efllament, la naturalesa amena\u00e7adora i la incapacitat humana per a controlar-la. La hist\u00f2ria se situa en un arxip\u00e8lag connectat a la pen\u00ednsula per una carretera practicable solament amb marea baixa. Els habitants s\u2019enfronten per la construcci\u00f3 d\u2019un pont que els unir\u00e0 al continent permanentment.<\/p>\n\n\n\n<p class=\"wp-block-paragraph\">Bego\u00f1a Tena, autora de&nbsp;<em>Plenamar&nbsp;<\/em>s\u2019ha mostrat agra\u00efda a l\u2019IVC. \u201cPer poder escriure des de la llibertat, exposar temes que sempre m\u2019han interessat com l\u2019a\u00efllament voluntari de les persones, per a fugir o per a retrobar-se. A m\u00e9s, estic agra\u00efda de poder escriure un text per a diversos personatges, ja que els \u00faltims que havia escrit sempre eren per a dos o tres\u201d.<\/p>\n\n\n\n<p class=\"wp-block-paragraph\">Per la seua part, Laia Porcar ha apuntat que la direcci\u00f3 d\u2019esta obra \u201cest\u00e0 sent per a nosaltres una experi\u00e8ncia molt intensa i interessant. El text de Bego\u00f1a i la proposta de codirecci\u00f3 de l\u2019IVC ens ha perm\u00e9s treballar per a crear un muntatge que conjuga diferents llenguatges i en el qual tot es posa al servici per a poder contar la hist\u00f2ria d\u2019unes dones que decidixen crear el seu propi m\u00f3n\u201d.<\/p>\n\n\n\n<p class=\"wp-block-paragraph\">N\u00faria Vizcarro ha incidit en la import\u00e0ncia que des del teatre p\u00fablic \u201ces continue apostant per donar cabuda a diferents grups de creadores que ens permeten continuar creixent art\u00edsticament\u201d. En eixe sentit, ha assegurat que este suport \u201cno ha de ser \u00fanicament per a un creixement en l&#8217;aspecte individual del sector cultural sin\u00f3 dirigit tamb\u00e9 amb especial atenci\u00f3 cap al p\u00fablic. Un treball col\u00b7lectiu per a fomentar, acompanyar i alimentar el panorama cultural valenci\u00e0\u201d.<\/p>\n\n\n\n<p class=\"wp-block-paragraph\">\u201cEn esta ocasi\u00f3 ens hem envoltat d\u2019un grup de creadores de diferents proced\u00e8ncies, afavorint la pres\u00e8ncia de professionals de les comarques de Castell\u00f3 i que, a m\u00e9s, ha donat com a resultat un equip majorit\u00e0riament femen\u00ed\u201d, han destacat les dos directores.<\/p>\n\n\n\n<p class=\"wp-block-paragraph\">Les entrades es poden adquirir en la taquilla del teatre i en la&nbsp;<a href=\"https:\/\/taquilla.ivc.gva.es\/es\/espectaculo\/plenamar\/PLENAMAR\">taquilla en l\u00ednia de l\u2019IVC<\/a>.<\/p>\n\n\n\n<p class=\"wp-block-paragraph\"><\/p>\n","protected":false},"excerpt":{"rendered":"<div class=\"mh-excerpt\">L\u2019obra t\u00e9 segell castellonenc, tant en l\u2019autoria de Bego\u00f1a Tena com en la direcci\u00f3 de Laia Porcar i N\u00faria Vizcarro. Es podr\u00e0 vore del 7 al 18 de maig en el Teatre Rialto de Val\u00e8ncia <a class=\"mh-excerpt-more\" href=\"https:\/\/tucomarca.whitekongsoftware.com\/ca\/la-produccio-propia-de-linstitut-valencia-de-cultura-plenamar-recala-en-el-teatre-rialto-de-valencia\/\" title=\"La producci\u00f3 pr\u00f2pia de l\u2019Institut Valenci\u00e0 de Cultura \u2018Plenamar\u2019 recala en el Teatre Rialto de Val\u00e8ncia\">[+] <\/a><\/div>\n","protected":false},"author":12,"featured_media":264538,"comment_status":"open","ping_status":"open","sticky":false,"template":"","format":"gallery","meta":{"footnotes":""},"categories":[11019,10898,10894,10904,11007,10896],"tags":[13274,17761,22265,21286],"class_list":["post-264543","post","type-post","status-publish","format-gallery","has-post-thumbnail","category-agenda-ca","category-ventana-ca","category-la-comarca-ca","category-sin-categorizar-ca","category-ocio-y-cultura-ca","category-seccion-ca","tag-institut-valencia-de-cultura-ca","tag-ivc-ca","tag-plenamar-ca","tag-teatro-rialto-ca","post_format-post-format-gallery"],"_links":{"self":[{"href":"https:\/\/tucomarca.whitekongsoftware.com\/ca\/wp-json\/wp\/v2\/posts\/264543","targetHints":{"allow":["GET"]}}],"collection":[{"href":"https:\/\/tucomarca.whitekongsoftware.com\/ca\/wp-json\/wp\/v2\/posts"}],"about":[{"href":"https:\/\/tucomarca.whitekongsoftware.com\/ca\/wp-json\/wp\/v2\/types\/post"}],"author":[{"embeddable":true,"href":"https:\/\/tucomarca.whitekongsoftware.com\/ca\/wp-json\/wp\/v2\/users\/12"}],"replies":[{"embeddable":true,"href":"https:\/\/tucomarca.whitekongsoftware.com\/ca\/wp-json\/wp\/v2\/comments?post=264543"}],"version-history":[{"count":0,"href":"https:\/\/tucomarca.whitekongsoftware.com\/ca\/wp-json\/wp\/v2\/posts\/264543\/revisions"}],"wp:featuredmedia":[{"embeddable":true,"href":"https:\/\/tucomarca.whitekongsoftware.com\/ca\/wp-json\/wp\/v2\/media\/264538"}],"wp:attachment":[{"href":"https:\/\/tucomarca.whitekongsoftware.com\/ca\/wp-json\/wp\/v2\/media?parent=264543"}],"wp:term":[{"taxonomy":"category","embeddable":true,"href":"https:\/\/tucomarca.whitekongsoftware.com\/ca\/wp-json\/wp\/v2\/categories?post=264543"},{"taxonomy":"post_tag","embeddable":true,"href":"https:\/\/tucomarca.whitekongsoftware.com\/ca\/wp-json\/wp\/v2\/tags?post=264543"}],"curies":[{"name":"wp","href":"https:\/\/api.w.org\/{rel}","templated":true}]}}