{"id":264445,"date":"2025-05-03T10:00:00","date_gmt":"2025-05-03T08:00:00","guid":{"rendered":"https:\/\/www.tucomarca.com\/wordpress\/segunda\/?p=264445"},"modified":"2025-05-06T09:03:09","modified_gmt":"2025-05-06T07:03:09","slug":"un-incendi-afecta-a-campa-de-remolcs-de-camions-en-desus-a-carlet","status":"publish","type":"post","link":"https:\/\/tucomarca.whitekongsoftware.com\/ca\/un-incendi-afecta-a-campa-de-remolcs-de-camions-en-desus-a-carlet\/","title":{"rendered":"Un incendi afecta a campa de remolcs de camions en des\u00fas a Carlet"},"content":{"rendered":"\n<p class=\"wp-block-paragraph\">Un incendi s&#8217;ha declarat a la 18,01 d&#8217;aquest divendres a Carlet, en els treballs d&#8217;extinci\u00f3 del qual han treballat fins a quatre dotacions del Consorci Provincial de Bombers de Val\u00e8ncia dels parcs de Silla, Alzira i Torrent, a m\u00e9s del cap del sector i un sergent d&#8217;Alzira. <\/p>\n\n\n\n<p class=\"wp-block-paragraph\">Les flames han afectat una campa on hi havia remolcs de camions en des\u00fas i, pel que sembla huit d&#8217;ells s&#8217;haurien vist afectats, segons fonts del consorci. Els bombers ho han atallat tallant aix\u00ed el risc de propagaci\u00f3 cap a una edificaci\u00f3 pr\u00f2xima.<\/p>\n\n\n\n<p class=\"wp-block-paragraph\"><\/p>\n\n\n\n<figure class=\"wp-block-gallery has-nested-images columns-1 is-cropped wp-block-gallery-1 is-layout-flex wp-block-gallery-is-layout-flex\">\n<figure class=\"wp-block-image size-large\"><img loading=\"lazy\" decoding=\"async\" width=\"1024\" height=\"562\" data-id=\"264441\" src=\"https:\/\/www.tucomarca.com\/wordpress\/segunda\/wp-content\/uploads\/2025\/05\/IncendioCarletCamiones3-1024x562.jpg\" alt=\"\" class=\"wp-image-264441\" srcset=\"https:\/\/tucomarca.whitekongsoftware.com\/wp-content\/uploads\/2025\/05\/IncendioCarletCamiones3-1024x562.jpg 1024w, https:\/\/tucomarca.whitekongsoftware.com\/wp-content\/uploads\/2025\/05\/IncendioCarletCamiones3-300x165.jpg 300w, https:\/\/tucomarca.whitekongsoftware.com\/wp-content\/uploads\/2025\/05\/IncendioCarletCamiones3-768x422.jpg 768w, https:\/\/tucomarca.whitekongsoftware.com\/wp-content\/uploads\/2025\/05\/IncendioCarletCamiones3-1536x843.jpg 1536w, https:\/\/tucomarca.whitekongsoftware.com\/wp-content\/uploads\/2025\/05\/IncendioCarletCamiones3.jpg 1599w\" sizes=\"auto, (max-width: 1024px) 100vw, 1024px\" \/><\/figure>\n\n\n\n<figure class=\"wp-block-image size-large\"><img loading=\"lazy\" decoding=\"async\" width=\"1024\" height=\"544\" data-id=\"264437\" src=\"https:\/\/www.tucomarca.com\/wordpress\/segunda\/wp-content\/uploads\/2025\/05\/IncendioCarletCamiones1-1024x544.jpg\" alt=\"\" class=\"wp-image-264437\" srcset=\"https:\/\/tucomarca.whitekongsoftware.com\/wp-content\/uploads\/2025\/05\/IncendioCarletCamiones1-1024x544.jpg 1024w, https:\/\/tucomarca.whitekongsoftware.com\/wp-content\/uploads\/2025\/05\/IncendioCarletCamiones1-300x159.jpg 300w, https:\/\/tucomarca.whitekongsoftware.com\/wp-content\/uploads\/2025\/05\/IncendioCarletCamiones1-768x408.jpg 768w, https:\/\/tucomarca.whitekongsoftware.com\/wp-content\/uploads\/2025\/05\/IncendioCarletCamiones1-1536x816.jpg 1536w, https:\/\/tucomarca.whitekongsoftware.com\/wp-content\/uploads\/2025\/05\/IncendioCarletCamiones1.jpg 1599w\" sizes=\"auto, (max-width: 1024px) 100vw, 1024px\" \/><\/figure>\n<\/figure>\n","protected":false},"excerpt":{"rendered":"<div class=\"mh-excerpt\">Un incendi s&#8217;ha declarat a la 18,01 d&#8217;aquest divendres a Carlet, en els treballs d&#8217;extinci\u00f3 del qual han treballat fins a quatre dotacions del Consorci Provincial de Bombers de Val\u00e8ncia dels parcs de Silla, Alzira <a class=\"mh-excerpt-more\" href=\"https:\/\/tucomarca.whitekongsoftware.com\/ca\/un-incendi-afecta-a-campa-de-remolcs-de-camions-en-desus-a-carlet\/\" title=\"Un incendi afecta a campa de remolcs de camions en des\u00fas a Carlet\">[+] <\/a><\/div>\n","protected":false},"author":1,"featured_media":264440,"comment_status":"open","ping_status":"open","sticky":false,"template":"","format":"gallery","meta":{"footnotes":""},"categories":[10990,10898,10948,10894,10904,10902,10903,10896,10897],"tags":[11082,20371,12755,11077],"class_list":["post-264445","post","type-post","status-publish","format-gallery","has-post-thumbnail","category-carlet-ca","category-ventana-ca","category-infraestructuras-ca","category-la-comarca-ca","category-sin-categorizar-ca","category-la-ribera-ca","category-medio-ambiente-la-comarca-ca","category-seccion-ca","category-sucesos-la-comarca-ca","tag-carlet-ca","tag-consorcio-provincial-de-bomberos-ca","tag-incendio-ca","tag-la-ribera-alta-ca","post_format-post-format-gallery"],"_links":{"self":[{"href":"https:\/\/tucomarca.whitekongsoftware.com\/ca\/wp-json\/wp\/v2\/posts\/264445","targetHints":{"allow":["GET"]}}],"collection":[{"href":"https:\/\/tucomarca.whitekongsoftware.com\/ca\/wp-json\/wp\/v2\/posts"}],"about":[{"href":"https:\/\/tucomarca.whitekongsoftware.com\/ca\/wp-json\/wp\/v2\/types\/post"}],"author":[{"embeddable":true,"href":"https:\/\/tucomarca.whitekongsoftware.com\/ca\/wp-json\/wp\/v2\/users\/1"}],"replies":[{"embeddable":true,"href":"https:\/\/tucomarca.whitekongsoftware.com\/ca\/wp-json\/wp\/v2\/comments?post=264445"}],"version-history":[{"count":0,"href":"https:\/\/tucomarca.whitekongsoftware.com\/ca\/wp-json\/wp\/v2\/posts\/264445\/revisions"}],"wp:featuredmedia":[{"embeddable":true,"href":"https:\/\/tucomarca.whitekongsoftware.com\/ca\/wp-json\/wp\/v2\/media\/264440"}],"wp:attachment":[{"href":"https:\/\/tucomarca.whitekongsoftware.com\/ca\/wp-json\/wp\/v2\/media?parent=264445"}],"wp:term":[{"taxonomy":"category","embeddable":true,"href":"https:\/\/tucomarca.whitekongsoftware.com\/ca\/wp-json\/wp\/v2\/categories?post=264445"},{"taxonomy":"post_tag","embeddable":true,"href":"https:\/\/tucomarca.whitekongsoftware.com\/ca\/wp-json\/wp\/v2\/tags?post=264445"}],"curies":[{"name":"wp","href":"https:\/\/api.w.org\/{rel}","templated":true}]}}