{"id":264374,"date":"2025-05-05T13:00:00","date_gmt":"2025-05-05T11:00:00","guid":{"rendered":"https:\/\/www.tucomarca.com\/wordpress\/segunda\/?p=264374"},"modified":"2025-05-05T19:20:41","modified_gmt":"2025-05-05T17:20:41","slug":"mazon-activem-tres-noves-linies-dajudes-per-valor-de-48-milions-deuros-per-a-vehicles-mancomunitats-i-bo-turistic","status":"publish","type":"post","link":"https:\/\/tucomarca.whitekongsoftware.com\/ca\/mazon-activem-tres-noves-linies-dajudes-per-valor-de-48-milions-deuros-per-a-vehicles-mancomunitats-i-bo-turistic\/","title":{"rendered":"Maz\u00f3n: \u201cActivem tres noves l\u00ednies d\u2019ajudes per valor de 48 milions d\u2019euros per a vehicles, mancomunitats i bo tur\u00edstic\u201d"},"content":{"rendered":"\n<h3 class=\"wp-block-heading\">Anuncia que es destinaran 35,8 milions d\u2019euros, en ajudes de fins a 15.000 euros, per a ampliar la tipologia dels vehicles perduts que poden acollir-se a la compensaci\u00f3, que tamb\u00e9 podran sol\u00b7licitar les persones jur\u00eddiques.<\/h3>\n\n\n\n<h3 class=\"wp-block-heading\">Destaca una nova l\u00ednia dotada amb 7,1 milions dirigits a 9 mancomunitats per a la recuperaci\u00f3 d\u2019infraestructures tur\u00edstiques i el desenrotllament de mesures de prevenci\u00f3 de riscos clim\u00e0tics.<\/h3>\n\n\n\n<h3 class=\"wp-block-heading\">Avan\u00e7a que el Bo \u2018Recuperem Turisme\u2019, dotat amb 5,1 milions d\u2019euros, es podr\u00e0 sol\u00b7licitar a partir del 12 de maig i arribar\u00e0 a 17.000 beneficiaris.<\/h3>\n\n\n\n<h3 class=\"wp-block-heading\">Subratlla que estes mesures reforcen els 2.302 milions d\u2019euros ja mobilitzats per la Generalitat i recorda que ja \u201chem pagat prop del 50 % de les ajudes sol\u00b7licitades davant del 14 % del Govern d\u2019Espanya\u201d.<\/h3>\n\n\n\n<h3 class=\"wp-block-heading\"><strong>Retrau el \u201csilenci\u201d de l\u2019executiu central als recursos que necessiten els valencians i reclama \u201ccoordinaci\u00f3 i unitat\u201d per a afrontar \u201cun repte descomunal que assumix quasi en solitari la Generalitat sense m\u00e9s recursos que l\u2019endeutament\u201d<\/strong>.<\/h3>\n\n\n\n<p class=\"wp-block-paragraph\">El president de la Generalitat, Carlos Maz\u00f3n, ha presentat tres noves l\u00ednies d\u2019ajudes amb un valor estimat i ampliable de 48 milions d\u2019euros dirigides a pal\u00b7liar la p\u00e8rdua de vehicles en les riuades del 29 d\u2019octubre, a la reconstrucci\u00f3 d\u2019infraestructures de les mancomunitats i a la posada en marxa del Bo \u2018Recuperem Turisme\u2019.<\/p>\n\n\n\n<p class=\"wp-block-paragraph\">Este nou paquet refor\u00e7a els 2.302 milions d\u2019euros que porta mobilitzats la Generalitat fins a este moment entre contractes, ajudes de tota classe i beneficis i incentius fiscals, en el que \u00e9s \u201cel major desplegament de recursos econ\u00f2mics i de gesti\u00f3 de tota la seua hist\u00f2ria\u201d.<\/p>\n\n\n\n<p class=\"wp-block-paragraph\">Maz\u00f3n ha recordat que el passat 14 de gener es va presentar un decret d\u2019ajudes directes per a les persones que van perdre el seu vehicle, dotat amb 250 milions i que ha beneficiat 87.000 afectats, dirigit a persones f\u00edsiques i que inclo\u00efa deu tipus de vehicles, com ciclomotors, furgonetes o turismes, entre altres.<\/p>\n\n\n\n<p class=\"wp-block-paragraph\">D\u2019estes ajudes, \u201chem concedit, en quasi quatre mesos, m\u00e9s de 170 milions d\u2019euros\u201d, ha destacat el president, qui ha afegit que el sobrant d\u2019esta l\u00ednia s\u2019utilitzar\u00e0 ara per a ampliar tant la tipologia dels vehicles perduts com la seua titularitat. En este sentit ha indicat que \u201cla quantia de les ajudes \u00e9s ampliable, en funci\u00f3 de les necessitats\u201d, i que tant estes com la pr\u00f2rroga de les ajudes anteriors, \u201cno tributaran\u201d.<\/p>\n\n\n\n<p class=\"wp-block-paragraph\">Aix\u00ed, \u201cs\u2019inclouran autobusos, camions de m\u00e9s de 3.500 quilos, tractors, caravanes i autocaravanes, remolcs i maquin\u00e0ria automotriu i remolcada, entre altres\u201d, i s\u2019estendran les ajudes a les persones jur\u00eddiques, com empreses i entitats, \u201cque podran sol\u00b7licitar la compensaci\u00f3 per tots els tipus de vehicles inclosos en el decret anterior i els que s\u2019afigen a este\u201d, ha afegit.<\/p>\n\n\n\n<p class=\"wp-block-paragraph\">L\u2019import de les ajudes \u201cvariar\u00e0 dels 250 euros per un xicotet ciclomotor als 15.000 per un autob\u00fas\u201d, ha especificat el president, qui ha subratllat que, igual que en l\u2019anterior decret, estes ajudes no estan subjectes a la compra d\u2019un vehicle i que en els pr\u00f2xims dies s\u2019aprovar\u00e0 un altre decret perqu\u00e8 les persones f\u00edsiques que no van poder sol\u00b7licitar les ajudes puguen fer-ho ara.<\/p>\n\n\n\n<p class=\"wp-block-paragraph\">El cap de l\u2019executiu valenci\u00e0 ha estimat que es destinaran al voltant de 35,8 milions, \u201cja que s\u2019ha calculat que les riuades van afectar uns 1.300 vehicles agr\u00edcoles, industrials o de servicis i tamb\u00e9 10.000 vehicles propietat de persones jur\u00eddiques\u201d.<\/p>\n\n\n\n<p class=\"wp-block-paragraph\"><strong>Ajudes a mancomunitats<\/strong><\/p>\n\n\n\n<p class=\"wp-block-paragraph\">D\u2019altra banda, el president ha explicat que les ajudes destinades a mancomunitats situades en comarques afectades compta amb un pressupost de 7,1 milions d\u2019euros, que es pot ampliar \u201cen funci\u00f3 de les sol\u00b7licituds que es reben\u201d, i que anir\u00e0 destinat \u201ca la recuperaci\u00f3 d\u2019infraestructures i recursos tur\u00edstics danyats i a la posada en marxa de mesures de mitigaci\u00f3 i prevenci\u00f3 de riscos clim\u00e0tics\u201d, com adequaci\u00f3 de llits i rambles, creaci\u00f3 de plans de prevenci\u00f3 o instal\u00b7laci\u00f3 de sistemes d\u2019alerta primerenca.<\/p>\n\n\n\n<p class=\"wp-block-paragraph\">Es tracta de subvencions a fons perdut dirigides a les mancomunitats del Camp i l\u2019Alt T\u00faria, les dos Riberes, l\u2019Horta Sud, la Foia de Bunyol-Chiva, la Serrania, la Terra del Vi i la Safor.<\/p>\n\n\n\n<p class=\"wp-block-paragraph\"><\/p>\n\n\n\n<figure class=\"wp-block-gallery has-nested-images columns-default is-cropped wp-block-gallery-1 is-layout-flex wp-block-gallery-is-layout-flex\">\n<figure class=\"wp-block-image size-large\"><img loading=\"lazy\" decoding=\"async\" width=\"1024\" height=\"683\" data-id=\"264370\" src=\"https:\/\/www.tucomarca.com\/wordpress\/segunda\/wp-content\/uploads\/2025\/05\/Mazon_RecuperemTurisme03-1024x683.jpeg\" alt=\"\" class=\"wp-image-264370\" srcset=\"https:\/\/tucomarca.whitekongsoftware.com\/wp-content\/uploads\/2025\/05\/Mazon_RecuperemTurisme03-1024x683.jpeg 1024w, https:\/\/tucomarca.whitekongsoftware.com\/wp-content\/uploads\/2025\/05\/Mazon_RecuperemTurisme03-300x200.jpeg 300w, https:\/\/tucomarca.whitekongsoftware.com\/wp-content\/uploads\/2025\/05\/Mazon_RecuperemTurisme03-768x512.jpeg 768w, https:\/\/tucomarca.whitekongsoftware.com\/wp-content\/uploads\/2025\/05\/Mazon_RecuperemTurisme03-1536x1024.jpeg 1536w, https:\/\/tucomarca.whitekongsoftware.com\/wp-content\/uploads\/2025\/05\/Mazon_RecuperemTurisme03-2048x1365.jpeg 2048w\" sizes=\"auto, (max-width: 1024px) 100vw, 1024px\" \/><\/figure>\n<\/figure>\n\n\n\n<p class=\"wp-block-paragraph\"><\/p>\n\n\n\n<p class=\"wp-block-paragraph\"><strong>Bo \u2018Recuperem Turisme\u2019<\/strong><\/p>\n\n\n\n<p class=\"wp-block-paragraph\">El cap del Consell ha presentat tamb\u00e9 el Bo \u2018Recuperem Turisme\u2019, dotat amb prop de 5,1 milions i que arribar\u00e0 al voltant de 17.000 beneficiaris, pel qual els afectats per les riuades tindran acc\u00e9s a un bo de fins a 350 euros, \u201cper a gaudir de l\u2019oferta tur\u00edstica de la Comunitat Valenciana\u201d.<\/p>\n\n\n\n<p class=\"wp-block-paragraph\">El termini de sol\u00b7licitud d\u2019estos bons estar\u00e0 disponible a partir del pr\u00f2xim 12 de maig \u201cper a viatjar durant tot el que queda d\u2019any\u201d, ha explicat el president, qui ha indicat que el turisme, \u201c\u00e9s tamb\u00e9 important de cara a la recuperaci\u00f3 emocional de les persones afectades\u201d. Respecte a la fiscalitat d\u2019este bo, el president ha indicat que \u201csol\u00b7licitarem i exigirem al govern d\u2019Espanya, perqu\u00e8 dep\u00e9n d\u2019ells, l\u2019exempci\u00f3 tribut\u00e0ria del bo turisme. Esperem tindre millor sort que amb les ajudes a aut\u00f2noms, que dep\u00e9n de la seua voluntat\u201d.<\/p>\n\n\n\n<p class=\"wp-block-paragraph\">Carlos Maz\u00f3n ha assenyalat que totes estes ajudes constaten que la Generalitat \u201cha fet de la recuperaci\u00f3 la seua m\u00e0xima prioritat\u201d i reforcen \u201cuna acci\u00f3 sense precedents\u201d, amb m\u00e9s de 2.300 milions mobilitzats, en la qual estan implicats \u201camb tota intensitat tots els departaments del govern auton\u00f2mic\u201d.<\/p>\n\n\n\n<p class=\"wp-block-paragraph\">Aix\u00ed, ha destacat que \u201cnom\u00e9s en ajudes directes, la Generalitat est\u00e0 tramitant ara mateix m\u00e9s de 165.000 sol\u00b7licituds, de les quals s\u2019han resolt el 86 % i ha pagat quasi 480 milions\u201d, als quals cal afegir \u201cels m\u00e9s de 930 milions d\u2019euros mobilitzats en contractes que ens permetran, entre altres, recuperar el servici complet de metro i tramvia en l\u2019\u00e0rea metropolitana de Val\u00e8ncia este estiu\u201d.<\/p>\n\n\n\n<p class=\"wp-block-paragraph\">Este esfor\u00e7 del Consell ha ressaltat, \u201ccontrasta\u201d amb l\u2019acci\u00f3 del Govern central, ja que mentres la Generalitat \u201cja ha pagat quasi el 50 % de les ajudes sol\u00b7licitades, el Govern seguix ancorat en un desesperant 14 %\u201d.<\/p>\n\n\n\n<p class=\"wp-block-paragraph\"><\/p>\n\n\n\n<figure class=\"wp-block-gallery has-nested-images columns-default is-cropped wp-block-gallery-2 is-layout-flex wp-block-gallery-is-layout-flex\">\n<figure class=\"wp-block-image size-large\"><img loading=\"lazy\" decoding=\"async\" width=\"1024\" height=\"683\" data-id=\"264366\" src=\"https:\/\/www.tucomarca.com\/wordpress\/segunda\/wp-content\/uploads\/2025\/05\/Mazon_RecuperemTurisme01-1024x683.jpeg\" alt=\"\" class=\"wp-image-264366\" srcset=\"https:\/\/tucomarca.whitekongsoftware.com\/wp-content\/uploads\/2025\/05\/Mazon_RecuperemTurisme01-1024x683.jpeg 1024w, https:\/\/tucomarca.whitekongsoftware.com\/wp-content\/uploads\/2025\/05\/Mazon_RecuperemTurisme01-300x200.jpeg 300w, https:\/\/tucomarca.whitekongsoftware.com\/wp-content\/uploads\/2025\/05\/Mazon_RecuperemTurisme01-768x512.jpeg 768w, https:\/\/tucomarca.whitekongsoftware.com\/wp-content\/uploads\/2025\/05\/Mazon_RecuperemTurisme01-1536x1024.jpeg 1536w, https:\/\/tucomarca.whitekongsoftware.com\/wp-content\/uploads\/2025\/05\/Mazon_RecuperemTurisme01-2048x1365.jpeg 2048w\" sizes=\"auto, (max-width: 1024px) 100vw, 1024px\" \/><\/figure>\n<\/figure>\n\n\n\n<p class=\"wp-block-paragraph\"><\/p>\n\n\n\n<p class=\"wp-block-paragraph\"><strong>El Govern nega ajuda<\/strong><\/p>\n\n\n\n<p class=\"wp-block-paragraph\">El president ha denunciat, aix\u00ed mateix, que el Govern no haja facilitat instruments als ajuntaments per a gestionar les ajudes, per la qual cosa \u201cla Generalitat ha hagut d\u2019eixir al seu rescat\u201d per a oferir-los assist\u00e8ncia, i que s\u2019haja negat \u201ca participar en el finan\u00e7ament de la targeta de transport gratu\u00eft per als afectats, que ha d\u2019assumir el Consell en solitari, inclosos els Rodalia, o concretar projectes i terminis per a dur a terme obres pendents en el barranc de Poio i la Saleta\u201d.<\/p>\n\n\n\n<p class=\"wp-block-paragraph\">Aix\u00ed mateix, ha afegit, l\u2019executiu central \u201crebutja crear una comissi\u00f3 mixta per a coordinar, conjuminar esfor\u00e7os, evitar duplicitats i codirigir de manera efectiva les actuacions, com s\u00ed que va fer amb el volc\u00e0 de La Palma\u201d i \u201cnom\u00e9s oferix silenci davant la nostra petici\u00f3 d\u2019una partida extraordin\u00e0ria de 15 milions per a llan\u00e7ar un bo cultural o per a sufragar part dels danys patits en centres educatius, socials i sanitaris\u201d.<\/p>\n\n\n\n<p class=\"wp-block-paragraph\">Per a Carlos Maz\u00f3n, estos \u201csilencis\u201d del Govern es tradu\u00efxen en el fet que sis mesos despr\u00e9s de les riuades, \u201cla Generalitat continua amb el proc\u00e9s de recuperaci\u00f3 m\u00e9s sola que el que els valencians mereixen\u201d. A pesar d\u2019aix\u00f2, ha agregat, \u201cnosaltres continuarem treballant fins als l\u00edmits de les nostres compet\u00e8ncies i recursos en una recuperaci\u00f3 que continua en marxa\u201d.<\/p>\n\n\n\n<p class=\"wp-block-paragraph\">En este sentit, el president ha denunciat la \u201csituaci\u00f3 d\u2019ofegament creixent\u201d a la qual el Govern est\u00e0 sotmetent la Comunitat Valenciana, ja que \u201ca la falta d\u2019un finan\u00e7ament just se suma la falta del Fons de liquiditat auton\u00f2mica (FLA) extraordinari, que seguix sense aprovar-se el mes de maig quan hauria d\u2019haver estat en desembre, i que est\u00e0 posant en un greu risc el nostre sistema de protecci\u00f3 social p\u00fablic\u201d.<\/p>\n\n\n\n<p class=\"wp-block-paragraph\">En este sentit, ha reclamat \u201cunitat i una total coordinaci\u00f3 i suma d\u2019esfor\u00e7os entre els tres nivells de l\u2019Administraci\u00f3, no solament per lleialtat institucional, sin\u00f3 perqu\u00e8 la recuperaci\u00f3 suposa un repte descomunal que la Generalitat no pot continuar assumint quasi en solitari com fins ara i sense m\u00e9s recursos que l\u2019endeutament\u201d.<\/p>\n","protected":false},"excerpt":{"rendered":"<div class=\"mh-excerpt\">Anuncia que es destinaran 35,8 milions d\u2019euros, en ajudes de fins a 15.000 euros, per a ampliar la tipologia dels vehicles perduts que poden acollir-se a la compensaci\u00f3, que tamb\u00e9 podran sol\u00b7licitar les persones jur\u00eddiques. <a class=\"mh-excerpt-more\" href=\"https:\/\/tucomarca.whitekongsoftware.com\/ca\/mazon-activem-tres-noves-linies-dajudes-per-valor-de-48-milions-deuros-per-a-vehicles-mancomunitats-i-bo-turistic\/\" title=\"Maz\u00f3n: \u201cActivem tres noves l\u00ednies d\u2019ajudes per valor de 48 milions d\u2019euros per a vehicles, mancomunitats i bo tur\u00edstic\u201d\">[+] <\/a><\/div>\n","protected":false},"author":13,"featured_media":264369,"comment_status":"open","ping_status":"open","sticky":false,"template":"","format":"standard","meta":{"footnotes":""},"categories":[21466,10898,10948,10894,10904,10903,10947,10896,10897],"tags":[15409,11199,11140,12962],"class_list":["post-264374","post","type-post","status-publish","format-standard","has-post-thumbnail","category-dana-ca","category-ventana-ca","category-infraestructuras-ca","category-la-comarca-ca","category-sin-categorizar-ca","category-medio-ambiente-la-comarca-ca","category-politica","category-seccion-ca","category-sucesos-la-comarca-ca","tag-dana-2-ca","tag-la-comunitat-ca","tag-politica-ca","tag-turismo-ca"],"_links":{"self":[{"href":"https:\/\/tucomarca.whitekongsoftware.com\/ca\/wp-json\/wp\/v2\/posts\/264374","targetHints":{"allow":["GET"]}}],"collection":[{"href":"https:\/\/tucomarca.whitekongsoftware.com\/ca\/wp-json\/wp\/v2\/posts"}],"about":[{"href":"https:\/\/tucomarca.whitekongsoftware.com\/ca\/wp-json\/wp\/v2\/types\/post"}],"author":[{"embeddable":true,"href":"https:\/\/tucomarca.whitekongsoftware.com\/ca\/wp-json\/wp\/v2\/users\/13"}],"replies":[{"embeddable":true,"href":"https:\/\/tucomarca.whitekongsoftware.com\/ca\/wp-json\/wp\/v2\/comments?post=264374"}],"version-history":[{"count":0,"href":"https:\/\/tucomarca.whitekongsoftware.com\/ca\/wp-json\/wp\/v2\/posts\/264374\/revisions"}],"wp:featuredmedia":[{"embeddable":true,"href":"https:\/\/tucomarca.whitekongsoftware.com\/ca\/wp-json\/wp\/v2\/media\/264369"}],"wp:attachment":[{"href":"https:\/\/tucomarca.whitekongsoftware.com\/ca\/wp-json\/wp\/v2\/media?parent=264374"}],"wp:term":[{"taxonomy":"category","embeddable":true,"href":"https:\/\/tucomarca.whitekongsoftware.com\/ca\/wp-json\/wp\/v2\/categories?post=264374"},{"taxonomy":"post_tag","embeddable":true,"href":"https:\/\/tucomarca.whitekongsoftware.com\/ca\/wp-json\/wp\/v2\/tags?post=264374"}],"curies":[{"name":"wp","href":"https:\/\/api.w.org\/{rel}","templated":true}]}}