{"id":264313,"date":"2025-05-05T10:30:00","date_gmt":"2025-05-05T08:30:00","guid":{"rendered":"https:\/\/www.tucomarca.com\/wordpress\/segunda\/?p=264313"},"modified":"2025-05-05T19:48:23","modified_gmt":"2025-05-05T17:48:23","slug":"cortes-de-pallas-celebra-el-dia-de-la-familia-amb-un-divertit-taller-masterchef-familiar","status":"publish","type":"post","link":"https:\/\/tucomarca.whitekongsoftware.com\/ca\/cortes-de-pallas-celebra-el-dia-de-la-familia-amb-un-divertit-taller-masterchef-familiar\/","title":{"rendered":"Cortes de Pall\u00e1s celebrar\u00e0 el Dia de la Fam\u00edlia amb un divertit Taller MasterChef Familiar"},"content":{"rendered":"\n<p class=\"wp-block-paragraph\">Amb motiu del Dia de la Fam\u00edlia, que se celebra el pr\u00f2xim 15 de maig, l&#8217;Ajuntament de Cortes de Pall\u00e1s, a trav\u00e9s de l&#8217;\u00c0rea de Benestar Social i Igualtat, ha organitzat un Taller MasterChef Familiar els dies 8 i 15 de maig, en horari de 17.30 a 19.30 hores, en el Centre Social de Cortes de Pall\u00e1s.<\/p>\n\n\n<div class=\"wp-block-image\">\n<figure class=\"alignleft size-large is-resized\"><img loading=\"lazy\" decoding=\"async\" width=\"819\" height=\"1024\" src=\"https:\/\/www.tucomarca.com\/wordpress\/segunda\/wp-content\/uploads\/2025\/05\/CortesMasterChef-819x1024.jpg\" alt=\"\" class=\"wp-image-264309\" style=\"width:388px;height:auto\" srcset=\"https:\/\/tucomarca.whitekongsoftware.com\/wp-content\/uploads\/2025\/05\/CortesMasterChef-819x1024.jpg 819w, https:\/\/tucomarca.whitekongsoftware.com\/wp-content\/uploads\/2025\/05\/CortesMasterChef-240x300.jpg 240w, https:\/\/tucomarca.whitekongsoftware.com\/wp-content\/uploads\/2025\/05\/CortesMasterChef-768x960.jpg 768w, https:\/\/tucomarca.whitekongsoftware.com\/wp-content\/uploads\/2025\/05\/CortesMasterChef.jpg 1080w\" sizes=\"auto, (max-width: 819px) 100vw, 819px\" \/><\/figure>\n<\/div>\n\n\n<p class=\"wp-block-paragraph\">L&#8217;activitat est\u00e0 dirigida a xiquets i xiquetes de qualsevol edat acompanyats per un o diversos adults, i t\u00e9 com a objectiu principal fomentar la participaci\u00f3 activa i l&#8217;aprenentatge de la cuina en fam\u00edlia, promovent valors com la col\u00b7laboraci\u00f3, la creativitat i la diversi\u00f3 mitjan\u00e7ant activitats culin\u00e0ries.<\/p>\n\n\n\n<p class=\"wp-block-paragraph\">Durant el taller, es convidar\u00e0 als participants a explorar ingredients, aprendre receptes, adquirir habilitats culin\u00e0ries i, sobretot, a gaudir del proc\u00e9s de cuinar junts. A m\u00e9s, es posar\u00e0 en valor la import\u00e0ncia de mantindre una dieta equilibrada.<\/p>\n\n\n\n<p class=\"wp-block-paragraph\">Les inscripcions estan obertes del 2 al 6 de maig, cridant a l&#8217;Ajuntament de Cortes de Pallars al tel\u00e8fon 96.251.70.01 (preguntar per Noelia del Sol). El taller ser\u00e0 impartit per la nutricionista Diana Beneixama.<\/p>\n\n\n\n<p class=\"wp-block-paragraph\">Una proposta ideal per a enfortir els lla\u00e7os familiars a trav\u00e9s de la cuina i celebrar junts aquesta data tan significativa.<\/p>\n","protected":false},"excerpt":{"rendered":"<div class=\"mh-excerpt\">Amb motiu del Dia de la Fam\u00edlia, que se celebra el pr\u00f2xim 15 de maig, l&#8217;Ajuntament de Cortes de Pall\u00e1s, a trav\u00e9s de l&#8217;\u00c0rea de Benestar Social i Igualtat, ha organitzat un Taller MasterChef Familiar <a class=\"mh-excerpt-more\" href=\"https:\/\/tucomarca.whitekongsoftware.com\/ca\/cortes-de-pallas-celebra-el-dia-de-la-familia-amb-un-divertit-taller-masterchef-familiar\/\" title=\"Cortes de Pall\u00e1s celebrar\u00e0 el Dia de la Fam\u00edlia amb un divertit Taller MasterChef Familiar\">[+] <\/a><\/div>\n","protected":false},"author":12,"featured_media":264310,"comment_status":"open","ping_status":"open","sticky":false,"template":"","format":"standard","meta":{"footnotes":""},"categories":[11019,10951,10953,10894,11007,10896],"tags":[11230,22256,11934],"class_list":["post-264313","post","type-post","status-publish","format-standard","has-post-thumbnail","category-agenda-ca","category-ayora-cofrentes-ca","category-cortes-de-pallas-ca","category-la-comarca-ca","category-ocio-y-cultura-ca","category-seccion-ca","tag-cortes-de-pallas-ca","tag-dia-de-la-familia-ca","tag-el-valle-de-ayora-cofrentes-ca"],"_links":{"self":[{"href":"https:\/\/tucomarca.whitekongsoftware.com\/ca\/wp-json\/wp\/v2\/posts\/264313","targetHints":{"allow":["GET"]}}],"collection":[{"href":"https:\/\/tucomarca.whitekongsoftware.com\/ca\/wp-json\/wp\/v2\/posts"}],"about":[{"href":"https:\/\/tucomarca.whitekongsoftware.com\/ca\/wp-json\/wp\/v2\/types\/post"}],"author":[{"embeddable":true,"href":"https:\/\/tucomarca.whitekongsoftware.com\/ca\/wp-json\/wp\/v2\/users\/12"}],"replies":[{"embeddable":true,"href":"https:\/\/tucomarca.whitekongsoftware.com\/ca\/wp-json\/wp\/v2\/comments?post=264313"}],"version-history":[{"count":0,"href":"https:\/\/tucomarca.whitekongsoftware.com\/ca\/wp-json\/wp\/v2\/posts\/264313\/revisions"}],"wp:featuredmedia":[{"embeddable":true,"href":"https:\/\/tucomarca.whitekongsoftware.com\/ca\/wp-json\/wp\/v2\/media\/264310"}],"wp:attachment":[{"href":"https:\/\/tucomarca.whitekongsoftware.com\/ca\/wp-json\/wp\/v2\/media?parent=264313"}],"wp:term":[{"taxonomy":"category","embeddable":true,"href":"https:\/\/tucomarca.whitekongsoftware.com\/ca\/wp-json\/wp\/v2\/categories?post=264313"},{"taxonomy":"post_tag","embeddable":true,"href":"https:\/\/tucomarca.whitekongsoftware.com\/ca\/wp-json\/wp\/v2\/tags?post=264313"}],"curies":[{"name":"wp","href":"https:\/\/api.w.org\/{rel}","templated":true}]}}