{"id":264246,"date":"2025-05-04T11:00:00","date_gmt":"2025-05-04T09:00:00","guid":{"rendered":"https:\/\/www.tucomarca.com\/wordpress\/segunda\/?p=264246"},"modified":"2025-05-04T13:36:59","modified_gmt":"2025-05-04T11:36:59","slug":"un-senderista-ha-sigut-rescatat-en-helicopter-despres-de-patir-una-caiguda-en-la-ruta-dels-ponts-penjants-de-xulilla","status":"publish","type":"post","link":"https:\/\/tucomarca.whitekongsoftware.com\/ca\/un-senderista-ha-sigut-rescatat-en-helicopter-despres-de-patir-una-caiguda-en-la-ruta-dels-ponts-penjants-de-xulilla\/","title":{"rendered":"Rescatat un senderista en helic\u00f2pter despr\u00e9s de patir una caiguda en la ruta dels ponts penjants de Xulilla"},"content":{"rendered":"\n<p class=\"wp-block-paragraph\">Els bombers del Consorci Provincial de Val\u00e8ncia han intervingut aquest dissabte en un rescat d&#8217;emerg\u00e8ncia en la coneguda ruta dels ponts penjants de Xulilla, on un home ha patit una caiguda despr\u00e9s d&#8217;esvarar-se i colpejar-se el cap mentre practicava senderisme.<\/p>\n\n\n\n<p class=\"wp-block-paragraph\">L&#8217;av\u00eds s&#8217;ha rebut a les 12.23 hores, activant un ampli dispositiu de rescat que ha incl\u00f2s mitjans aeris del Consorci, amb helic\u00f2pter d&#8217;evacuaci\u00f3, aix\u00ed com el suport terrestre del coordinador forestal del Consorci i bombers forestals de la Generalitat Valenciana (GVA).<\/p>\n\n\n\n<p class=\"wp-block-paragraph\">El ferit ha sigut evacuat per via a\u00e8ria a l&#8217;hospital de Ll\u00edria, on ha sigut transferit als serveis sanitaris per a la seua atenci\u00f3 m\u00e8dica.<\/p>\n\n\n\n<p class=\"wp-block-paragraph\">Gr\u00e0cies a la r\u00e0pida intervenci\u00f3 i a la coordinaci\u00f3 dels equips d&#8217;emerg\u00e8ncia, el rescat s&#8217;ha dut a terme amb efic\u00e0cia i seguretat, garantint una atenci\u00f3 immediata a l&#8217;afectat en una zona de dif\u00edcil acc\u00e9s.<\/p>\n\n\n\n<figure class=\"wp-block-gallery has-nested-images columns-default is-cropped wp-block-gallery-1 is-layout-flex wp-block-gallery-is-layout-flex\">\n<figure class=\"wp-block-image size-large\"><img loading=\"lazy\" decoding=\"async\" width=\"675\" height=\"1024\" data-id=\"264237\" src=\"https:\/\/www.tucomarca.com\/wordpress\/segunda\/wp-content\/uploads\/2025\/05\/Bomberoschulilla-675x1024.jpeg\" alt=\"\" class=\"wp-image-264237\" srcset=\"https:\/\/tucomarca.whitekongsoftware.com\/wp-content\/uploads\/2025\/05\/Bomberoschulilla-675x1024.jpeg 675w, https:\/\/tucomarca.whitekongsoftware.com\/wp-content\/uploads\/2025\/05\/Bomberoschulilla-198x300.jpeg 198w, https:\/\/tucomarca.whitekongsoftware.com\/wp-content\/uploads\/2025\/05\/Bomberoschulilla-768x1165.jpeg 768w, https:\/\/tucomarca.whitekongsoftware.com\/wp-content\/uploads\/2025\/05\/Bomberoschulilla-1012x1536.jpeg 1012w, https:\/\/tucomarca.whitekongsoftware.com\/wp-content\/uploads\/2025\/05\/Bomberoschulilla.jpeg 1054w\" sizes=\"auto, (max-width: 675px) 100vw, 675px\" \/><\/figure>\n\n\n\n<figure class=\"wp-block-image size-large\"><img loading=\"lazy\" decoding=\"async\" width=\"576\" height=\"1024\" data-id=\"264239\" src=\"https:\/\/www.tucomarca.com\/wordpress\/segunda\/wp-content\/uploads\/2025\/05\/Bomberoschulilla3-576x1024.jpeg\" alt=\"\" class=\"wp-image-264239\" srcset=\"https:\/\/tucomarca.whitekongsoftware.com\/wp-content\/uploads\/2025\/05\/Bomberoschulilla3-576x1024.jpeg 576w, https:\/\/tucomarca.whitekongsoftware.com\/wp-content\/uploads\/2025\/05\/Bomberoschulilla3-169x300.jpeg 169w, https:\/\/tucomarca.whitekongsoftware.com\/wp-content\/uploads\/2025\/05\/Bomberoschulilla3-768x1366.jpeg 768w, https:\/\/tucomarca.whitekongsoftware.com\/wp-content\/uploads\/2025\/05\/Bomberoschulilla3-864x1536.jpeg 864w, https:\/\/tucomarca.whitekongsoftware.com\/wp-content\/uploads\/2025\/05\/Bomberoschulilla3.jpeg 899w\" sizes=\"auto, (max-width: 576px) 100vw, 576px\" \/><\/figure>\n<\/figure>\n","protected":false},"excerpt":{"rendered":"<div class=\"mh-excerpt\">Els bombers del Consorci Provincial de Val\u00e8ncia han intervingut aquest dissabte en un rescat d&#8217;emerg\u00e8ncia en la coneguda ruta dels ponts penjants de Xulilla, on un home ha patit una caiguda despr\u00e9s d&#8217;esvarar-se i colpejar-se <a class=\"mh-excerpt-more\" href=\"https:\/\/tucomarca.whitekongsoftware.com\/ca\/un-senderista-ha-sigut-rescatat-en-helicopter-despres-de-patir-una-caiguda-en-la-ruta-dels-ponts-penjants-de-xulilla\/\" title=\"Rescatat un senderista en helic\u00f2pter despr\u00e9s de patir una caiguda en la ruta dels ponts penjants de Xulilla\">[+] <\/a><\/div>\n","protected":false},"author":12,"featured_media":264245,"comment_status":"open","ping_status":"open","sticky":false,"template":"","format":"standard","meta":{"footnotes":""},"categories":[11036,11046,10898,10948,10894,10903,10896,10897],"tags":[11084,20371,11080],"class_list":["post-264246","post","type-post","status-publish","format-standard","has-post-thumbnail","category-chulilla-ca","category-los-serranos-ca","category-ventana-ca","category-infraestructuras-ca","category-la-comarca-ca","category-medio-ambiente-la-comarca-ca","category-seccion-ca","category-sucesos-la-comarca-ca","tag-chulilla-ca","tag-consorcio-provincial-de-bomberos-ca","tag-los-serranos-ca"],"_links":{"self":[{"href":"https:\/\/tucomarca.whitekongsoftware.com\/ca\/wp-json\/wp\/v2\/posts\/264246","targetHints":{"allow":["GET"]}}],"collection":[{"href":"https:\/\/tucomarca.whitekongsoftware.com\/ca\/wp-json\/wp\/v2\/posts"}],"about":[{"href":"https:\/\/tucomarca.whitekongsoftware.com\/ca\/wp-json\/wp\/v2\/types\/post"}],"author":[{"embeddable":true,"href":"https:\/\/tucomarca.whitekongsoftware.com\/ca\/wp-json\/wp\/v2\/users\/12"}],"replies":[{"embeddable":true,"href":"https:\/\/tucomarca.whitekongsoftware.com\/ca\/wp-json\/wp\/v2\/comments?post=264246"}],"version-history":[{"count":0,"href":"https:\/\/tucomarca.whitekongsoftware.com\/ca\/wp-json\/wp\/v2\/posts\/264246\/revisions"}],"wp:featuredmedia":[{"embeddable":true,"href":"https:\/\/tucomarca.whitekongsoftware.com\/ca\/wp-json\/wp\/v2\/media\/264245"}],"wp:attachment":[{"href":"https:\/\/tucomarca.whitekongsoftware.com\/ca\/wp-json\/wp\/v2\/media?parent=264246"}],"wp:term":[{"taxonomy":"category","embeddable":true,"href":"https:\/\/tucomarca.whitekongsoftware.com\/ca\/wp-json\/wp\/v2\/categories?post=264246"},{"taxonomy":"post_tag","embeddable":true,"href":"https:\/\/tucomarca.whitekongsoftware.com\/ca\/wp-json\/wp\/v2\/tags?post=264246"}],"curies":[{"name":"wp","href":"https:\/\/api.w.org\/{rel}","templated":true}]}}