{"id":264182,"date":"2025-05-03T12:00:00","date_gmt":"2025-05-03T10:00:00","guid":{"rendered":"https:\/\/www.tucomarca.com\/wordpress\/segunda\/?p=264182"},"modified":"2025-05-03T15:20:50","modified_gmt":"2025-05-03T13:20:50","slug":"fotogaleria-la-diputada-provincial-dhisenda-laura-saez-inaugura-la-xx-fira-de-comerc-de-turis","status":"publish","type":"post","link":"https:\/\/tucomarca.whitekongsoftware.com\/ca\/fotogaleria-la-diputada-provincial-dhisenda-laura-saez-inaugura-la-xx-fira-de-comerc-de-turis\/","title":{"rendered":"Fotogaler\u00eda: la diputada provincial d&#8217;Hisenda, Laura S\u00e1ez, inaugura la XX Fira de Comer\u00e7 de Tur\u00eds"},"content":{"rendered":"\n<p class=\"wp-block-paragraph\">La Pla\u00e7a Vicent Ribes s&#8217;ha convertit aquest cap de setmana en el centre neur\u00e0lgic del comer\u00e7, la festa i la vida social de Tur\u00eds amb motiu de la inauguraci\u00f3 de la XX edici\u00f3 de la Fira de Comer\u00e7 \u201cFira Tur\u00eds\u201d.<\/p>\n\n\n\n<p class=\"wp-block-paragraph\">L&#8217;acte inaugural ha comptat amb la pres\u00e8ncia de la diputada provincial d&#8217;Hisenda i alcaldessa de Carlet, Laura S\u00e1ez, encarregada de pronunciar el discurs d&#8217;obertura en un esdeveniment que tamb\u00e9 ha reunit la corporaci\u00f3 municipal de Tur\u00eds, encap\u00e7alada per l&#8217;alcalde Ismael Corell i el regidor d&#8217;Agricultura, Paco Ricau; aix\u00ed com a alcaldes i regidors de municipis ve\u00efns convidats per a l&#8217;ocasi\u00f3, com l&#8217;alcaldessa de Godelleta, Amparo Pardo, i el regidor d&#8217;Agricultura, Jos\u00e9 Miguel Caballero.<\/p>\n\n\n\n<p class=\"wp-block-paragraph\">Despr\u00e9s de l&#8217;obertura oficial, els assistents han pogut escoltar les intervencions de la presidenta de l&#8217;Associaci\u00f3 de Comerciants de Tur\u00eds, Mar\u00eda Luisa Palmero, seguida per la de l&#8217;alcalde de Tur\u00eds, i finalment la de Laura S\u00e1ez, qui ha destacat la import\u00e0ncia del comer\u00e7 local com a motor econ\u00f2mic i social del municipi.<\/p>\n\n\n\n<p class=\"wp-block-paragraph\">En aquesta edici\u00f3, m\u00e9s d&#8217;una vintena d&#8217;expositors mostren al p\u00fablic una \u00e0mplia varietat de productes que inclouen des de maquin\u00e0ria, complements, t\u00e8xtil, cal\u00e7at i dol\u00e7os, fins a mel i els seus derivats. L&#8217;oferta comercial es complementa amb activitats d&#8217;animaci\u00f3 de carrer, classes de zumba, i la participaci\u00f3 destacada de la cooperativa hortofruct\u00edcola La Turisana i el celler vin\u00edcola La Baronia de Tur\u00eds.<\/p>\n\n\n\n<p class=\"wp-block-paragraph\">La fira mant\u00e9 la seua ubicaci\u00f3 en la Pla\u00e7a Vicent Ribes, una decisi\u00f3 que, en paraules de l&#8217;alcalde Ismael Corell, respon a l&#8217;objectiu de \u201ccentralitzar l&#8217;oferta en el nucli urb\u00e0, integrant-la amb el mercat municipal i els bars de la zona\u201d.<\/p>\n\n\n\n<p class=\"wp-block-paragraph\">La Fira Tur\u00eds, en el seu vint\u00e9 aniversari, refor\u00e7a el seu paper com a aparador del comer\u00e7 local i com a punt de trobada per a ve\u00efns i visitants. Un esdeveniment que convida a rec\u00f3rrer el centre de Tur\u00eds, descobrir el seu barri antic, i gaudir en un sol lloc de comer\u00e7, gastronomia i tradici\u00f3.<\/p>\n\n\n\n<figure class=\"wp-block-gallery has-nested-images columns-1 is-cropped wp-block-gallery-1 is-layout-flex wp-block-gallery-is-layout-flex\">\n<figure class=\"wp-block-image size-large\"><img loading=\"lazy\" decoding=\"async\" width=\"945\" height=\"630\" data-id=\"264122\" src=\"https:\/\/www.tucomarca.com\/wordpress\/segunda\/wp-content\/uploads\/2025\/05\/TurisFeria25_01.jpg\" alt=\"\" class=\"wp-image-264122\" srcset=\"https:\/\/tucomarca.whitekongsoftware.com\/wp-content\/uploads\/2025\/05\/TurisFeria25_01.jpg 945w, https:\/\/tucomarca.whitekongsoftware.com\/wp-content\/uploads\/2025\/05\/TurisFeria25_01-300x200.jpg 300w, https:\/\/tucomarca.whitekongsoftware.com\/wp-content\/uploads\/2025\/05\/TurisFeria25_01-768x512.jpg 768w\" sizes=\"auto, (max-width: 945px) 100vw, 945px\" \/><\/figure>\n\n\n\n<figure class=\"wp-block-image size-large\"><img loading=\"lazy\" decoding=\"async\" width=\"945\" height=\"630\" data-id=\"264124\" src=\"https:\/\/www.tucomarca.com\/wordpress\/segunda\/wp-content\/uploads\/2025\/05\/TurisFeria25_02.jpg\" alt=\"\" class=\"wp-image-264124\" srcset=\"https:\/\/tucomarca.whitekongsoftware.com\/wp-content\/uploads\/2025\/05\/TurisFeria25_02.jpg 945w, https:\/\/tucomarca.whitekongsoftware.com\/wp-content\/uploads\/2025\/05\/TurisFeria25_02-300x200.jpg 300w, https:\/\/tucomarca.whitekongsoftware.com\/wp-content\/uploads\/2025\/05\/TurisFeria25_02-768x512.jpg 768w\" sizes=\"auto, (max-width: 945px) 100vw, 945px\" \/><\/figure>\n\n\n\n<figure class=\"wp-block-image size-large\"><img loading=\"lazy\" decoding=\"async\" width=\"945\" height=\"630\" data-id=\"264126\" src=\"https:\/\/www.tucomarca.com\/wordpress\/segunda\/wp-content\/uploads\/2025\/05\/TurisFeria25_03.jpg\" alt=\"\" class=\"wp-image-264126\" srcset=\"https:\/\/tucomarca.whitekongsoftware.com\/wp-content\/uploads\/2025\/05\/TurisFeria25_03.jpg 945w, https:\/\/tucomarca.whitekongsoftware.com\/wp-content\/uploads\/2025\/05\/TurisFeria25_03-300x200.jpg 300w, https:\/\/tucomarca.whitekongsoftware.com\/wp-content\/uploads\/2025\/05\/TurisFeria25_03-768x512.jpg 768w\" sizes=\"auto, (max-width: 945px) 100vw, 945px\" \/><\/figure>\n\n\n\n<figure class=\"wp-block-image size-large\"><img loading=\"lazy\" decoding=\"async\" width=\"945\" height=\"630\" data-id=\"264128\" src=\"https:\/\/www.tucomarca.com\/wordpress\/segunda\/wp-content\/uploads\/2025\/05\/TurisFeria25_04.jpg\" alt=\"\" class=\"wp-image-264128\" srcset=\"https:\/\/tucomarca.whitekongsoftware.com\/wp-content\/uploads\/2025\/05\/TurisFeria25_04.jpg 945w, https:\/\/tucomarca.whitekongsoftware.com\/wp-content\/uploads\/2025\/05\/TurisFeria25_04-300x200.jpg 300w, https:\/\/tucomarca.whitekongsoftware.com\/wp-content\/uploads\/2025\/05\/TurisFeria25_04-768x512.jpg 768w\" sizes=\"auto, (max-width: 945px) 100vw, 945px\" \/><\/figure>\n\n\n\n<figure class=\"wp-block-image size-large\"><img loading=\"lazy\" decoding=\"async\" width=\"945\" height=\"630\" data-id=\"264130\" src=\"https:\/\/www.tucomarca.com\/wordpress\/segunda\/wp-content\/uploads\/2025\/05\/TurisFeria25_05.jpg\" alt=\"\" class=\"wp-image-264130\" srcset=\"https:\/\/tucomarca.whitekongsoftware.com\/wp-content\/uploads\/2025\/05\/TurisFeria25_05.jpg 945w, https:\/\/tucomarca.whitekongsoftware.com\/wp-content\/uploads\/2025\/05\/TurisFeria25_05-300x200.jpg 300w, https:\/\/tucomarca.whitekongsoftware.com\/wp-content\/uploads\/2025\/05\/TurisFeria25_05-768x512.jpg 768w\" sizes=\"auto, (max-width: 945px) 100vw, 945px\" \/><\/figure>\n\n\n\n<figure class=\"wp-block-image size-large\"><img loading=\"lazy\" decoding=\"async\" width=\"945\" height=\"630\" data-id=\"264132\" src=\"https:\/\/www.tucomarca.com\/wordpress\/segunda\/wp-content\/uploads\/2025\/05\/TurisFeria25_06.jpg\" alt=\"\" class=\"wp-image-264132\" srcset=\"https:\/\/tucomarca.whitekongsoftware.com\/wp-content\/uploads\/2025\/05\/TurisFeria25_06.jpg 945w, https:\/\/tucomarca.whitekongsoftware.com\/wp-content\/uploads\/2025\/05\/TurisFeria25_06-300x200.jpg 300w, https:\/\/tucomarca.whitekongsoftware.com\/wp-content\/uploads\/2025\/05\/TurisFeria25_06-768x512.jpg 768w\" sizes=\"auto, (max-width: 945px) 100vw, 945px\" \/><\/figure>\n\n\n\n<figure class=\"wp-block-image size-large\"><img loading=\"lazy\" decoding=\"async\" width=\"945\" height=\"630\" data-id=\"264134\" src=\"https:\/\/www.tucomarca.com\/wordpress\/segunda\/wp-content\/uploads\/2025\/05\/TurisFeria25_07.jpg\" alt=\"\" class=\"wp-image-264134\" srcset=\"https:\/\/tucomarca.whitekongsoftware.com\/wp-content\/uploads\/2025\/05\/TurisFeria25_07.jpg 945w, https:\/\/tucomarca.whitekongsoftware.com\/wp-content\/uploads\/2025\/05\/TurisFeria25_07-300x200.jpg 300w, https:\/\/tucomarca.whitekongsoftware.com\/wp-content\/uploads\/2025\/05\/TurisFeria25_07-768x512.jpg 768w\" sizes=\"auto, (max-width: 945px) 100vw, 945px\" \/><\/figure>\n\n\n\n<figure class=\"wp-block-image size-large\"><img loading=\"lazy\" decoding=\"async\" width=\"945\" height=\"630\" data-id=\"264138\" src=\"https:\/\/www.tucomarca.com\/wordpress\/segunda\/wp-content\/uploads\/2025\/05\/TurisFeria25_09.jpg\" alt=\"\" class=\"wp-image-264138\" srcset=\"https:\/\/tucomarca.whitekongsoftware.com\/wp-content\/uploads\/2025\/05\/TurisFeria25_09.jpg 945w, https:\/\/tucomarca.whitekongsoftware.com\/wp-content\/uploads\/2025\/05\/TurisFeria25_09-300x200.jpg 300w, https:\/\/tucomarca.whitekongsoftware.com\/wp-content\/uploads\/2025\/05\/TurisFeria25_09-768x512.jpg 768w\" sizes=\"auto, (max-width: 945px) 100vw, 945px\" \/><\/figure>\n\n\n\n<figure class=\"wp-block-image size-large\"><img loading=\"lazy\" decoding=\"async\" width=\"945\" height=\"630\" data-id=\"264140\" src=\"https:\/\/www.tucomarca.com\/wordpress\/segunda\/wp-content\/uploads\/2025\/05\/TurisFeria25_10.jpg\" alt=\"\" class=\"wp-image-264140\" srcset=\"https:\/\/tucomarca.whitekongsoftware.com\/wp-content\/uploads\/2025\/05\/TurisFeria25_10.jpg 945w, https:\/\/tucomarca.whitekongsoftware.com\/wp-content\/uploads\/2025\/05\/TurisFeria25_10-300x200.jpg 300w, https:\/\/tucomarca.whitekongsoftware.com\/wp-content\/uploads\/2025\/05\/TurisFeria25_10-768x512.jpg 768w\" sizes=\"auto, (max-width: 945px) 100vw, 945px\" \/><\/figure>\n\n\n\n<figure class=\"wp-block-image size-large\"><img loading=\"lazy\" decoding=\"async\" width=\"945\" height=\"630\" data-id=\"264142\" src=\"https:\/\/www.tucomarca.com\/wordpress\/segunda\/wp-content\/uploads\/2025\/05\/TurisFeria25_11.jpg\" alt=\"\" class=\"wp-image-264142\" srcset=\"https:\/\/tucomarca.whitekongsoftware.com\/wp-content\/uploads\/2025\/05\/TurisFeria25_11.jpg 945w, https:\/\/tucomarca.whitekongsoftware.com\/wp-content\/uploads\/2025\/05\/TurisFeria25_11-300x200.jpg 300w, https:\/\/tucomarca.whitekongsoftware.com\/wp-content\/uploads\/2025\/05\/TurisFeria25_11-768x512.jpg 768w\" sizes=\"auto, (max-width: 945px) 100vw, 945px\" \/><\/figure>\n\n\n\n<figure class=\"wp-block-image size-large\"><img loading=\"lazy\" decoding=\"async\" width=\"945\" height=\"630\" data-id=\"264144\" src=\"https:\/\/www.tucomarca.com\/wordpress\/segunda\/wp-content\/uploads\/2025\/05\/TurisFeria25_12.jpg\" alt=\"\" class=\"wp-image-264144\" srcset=\"https:\/\/tucomarca.whitekongsoftware.com\/wp-content\/uploads\/2025\/05\/TurisFeria25_12.jpg 945w, https:\/\/tucomarca.whitekongsoftware.com\/wp-content\/uploads\/2025\/05\/TurisFeria25_12-300x200.jpg 300w, https:\/\/tucomarca.whitekongsoftware.com\/wp-content\/uploads\/2025\/05\/TurisFeria25_12-768x512.jpg 768w\" sizes=\"auto, (max-width: 945px) 100vw, 945px\" \/><\/figure>\n\n\n\n<figure class=\"wp-block-image size-large\"><img loading=\"lazy\" decoding=\"async\" width=\"945\" height=\"630\" data-id=\"264146\" src=\"https:\/\/www.tucomarca.com\/wordpress\/segunda\/wp-content\/uploads\/2025\/05\/TurisFeria25_13.jpg\" alt=\"\" class=\"wp-image-264146\" srcset=\"https:\/\/tucomarca.whitekongsoftware.com\/wp-content\/uploads\/2025\/05\/TurisFeria25_13.jpg 945w, https:\/\/tucomarca.whitekongsoftware.com\/wp-content\/uploads\/2025\/05\/TurisFeria25_13-300x200.jpg 300w, https:\/\/tucomarca.whitekongsoftware.com\/wp-content\/uploads\/2025\/05\/TurisFeria25_13-768x512.jpg 768w\" sizes=\"auto, (max-width: 945px) 100vw, 945px\" \/><\/figure>\n\n\n\n<figure class=\"wp-block-image size-large\"><img loading=\"lazy\" decoding=\"async\" width=\"945\" height=\"630\" data-id=\"264148\" src=\"https:\/\/www.tucomarca.com\/wordpress\/segunda\/wp-content\/uploads\/2025\/05\/TurisFeria25_14.jpg\" alt=\"\" class=\"wp-image-264148\" srcset=\"https:\/\/tucomarca.whitekongsoftware.com\/wp-content\/uploads\/2025\/05\/TurisFeria25_14.jpg 945w, https:\/\/tucomarca.whitekongsoftware.com\/wp-content\/uploads\/2025\/05\/TurisFeria25_14-300x200.jpg 300w, https:\/\/tucomarca.whitekongsoftware.com\/wp-content\/uploads\/2025\/05\/TurisFeria25_14-768x512.jpg 768w\" sizes=\"auto, (max-width: 945px) 100vw, 945px\" \/><\/figure>\n\n\n\n<figure class=\"wp-block-image size-large\"><img loading=\"lazy\" decoding=\"async\" width=\"945\" height=\"630\" data-id=\"264150\" src=\"https:\/\/www.tucomarca.com\/wordpress\/segunda\/wp-content\/uploads\/2025\/05\/TurisFeria25_15.jpg\" alt=\"\" class=\"wp-image-264150\" srcset=\"https:\/\/tucomarca.whitekongsoftware.com\/wp-content\/uploads\/2025\/05\/TurisFeria25_15.jpg 945w, https:\/\/tucomarca.whitekongsoftware.com\/wp-content\/uploads\/2025\/05\/TurisFeria25_15-300x200.jpg 300w, https:\/\/tucomarca.whitekongsoftware.com\/wp-content\/uploads\/2025\/05\/TurisFeria25_15-768x512.jpg 768w\" sizes=\"auto, (max-width: 945px) 100vw, 945px\" \/><\/figure>\n\n\n\n<figure class=\"wp-block-image size-large\"><img loading=\"lazy\" decoding=\"async\" width=\"945\" height=\"630\" data-id=\"264152\" src=\"https:\/\/www.tucomarca.com\/wordpress\/segunda\/wp-content\/uploads\/2025\/05\/TurisFeria25_16.jpg\" alt=\"\" class=\"wp-image-264152\" srcset=\"https:\/\/tucomarca.whitekongsoftware.com\/wp-content\/uploads\/2025\/05\/TurisFeria25_16.jpg 945w, https:\/\/tucomarca.whitekongsoftware.com\/wp-content\/uploads\/2025\/05\/TurisFeria25_16-300x200.jpg 300w, https:\/\/tucomarca.whitekongsoftware.com\/wp-content\/uploads\/2025\/05\/TurisFeria25_16-768x512.jpg 768w\" sizes=\"auto, (max-width: 945px) 100vw, 945px\" \/><\/figure>\n\n\n\n<figure class=\"wp-block-image size-large\"><img loading=\"lazy\" decoding=\"async\" width=\"945\" height=\"630\" data-id=\"264154\" src=\"https:\/\/www.tucomarca.com\/wordpress\/segunda\/wp-content\/uploads\/2025\/05\/TurisFeria25_17.jpg\" alt=\"\" class=\"wp-image-264154\" srcset=\"https:\/\/tucomarca.whitekongsoftware.com\/wp-content\/uploads\/2025\/05\/TurisFeria25_17.jpg 945w, https:\/\/tucomarca.whitekongsoftware.com\/wp-content\/uploads\/2025\/05\/TurisFeria25_17-300x200.jpg 300w, https:\/\/tucomarca.whitekongsoftware.com\/wp-content\/uploads\/2025\/05\/TurisFeria25_17-768x512.jpg 768w\" sizes=\"auto, (max-width: 945px) 100vw, 945px\" \/><\/figure>\n\n\n\n<figure class=\"wp-block-image size-large\"><img loading=\"lazy\" decoding=\"async\" width=\"945\" height=\"630\" data-id=\"264156\" src=\"https:\/\/www.tucomarca.com\/wordpress\/segunda\/wp-content\/uploads\/2025\/05\/TurisFeria25_18.jpg\" alt=\"\" class=\"wp-image-264156\" srcset=\"https:\/\/tucomarca.whitekongsoftware.com\/wp-content\/uploads\/2025\/05\/TurisFeria25_18.jpg 945w, https:\/\/tucomarca.whitekongsoftware.com\/wp-content\/uploads\/2025\/05\/TurisFeria25_18-300x200.jpg 300w, https:\/\/tucomarca.whitekongsoftware.com\/wp-content\/uploads\/2025\/05\/TurisFeria25_18-768x512.jpg 768w\" sizes=\"auto, (max-width: 945px) 100vw, 945px\" \/><\/figure>\n\n\n\n<figure class=\"wp-block-image size-large\"><img loading=\"lazy\" decoding=\"async\" width=\"945\" height=\"630\" data-id=\"264158\" src=\"https:\/\/www.tucomarca.com\/wordpress\/segunda\/wp-content\/uploads\/2025\/05\/TurisFeria25_19.jpg\" alt=\"\" class=\"wp-image-264158\" srcset=\"https:\/\/tucomarca.whitekongsoftware.com\/wp-content\/uploads\/2025\/05\/TurisFeria25_19.jpg 945w, https:\/\/tucomarca.whitekongsoftware.com\/wp-content\/uploads\/2025\/05\/TurisFeria25_19-300x200.jpg 300w, https:\/\/tucomarca.whitekongsoftware.com\/wp-content\/uploads\/2025\/05\/TurisFeria25_19-768x512.jpg 768w\" sizes=\"auto, (max-width: 945px) 100vw, 945px\" \/><\/figure>\n\n\n\n<figure class=\"wp-block-image size-large\"><img loading=\"lazy\" decoding=\"async\" width=\"945\" height=\"630\" data-id=\"264160\" src=\"https:\/\/www.tucomarca.com\/wordpress\/segunda\/wp-content\/uploads\/2025\/05\/TurisFeria25_20.jpg\" alt=\"\" class=\"wp-image-264160\" srcset=\"https:\/\/tucomarca.whitekongsoftware.com\/wp-content\/uploads\/2025\/05\/TurisFeria25_20.jpg 945w, https:\/\/tucomarca.whitekongsoftware.com\/wp-content\/uploads\/2025\/05\/TurisFeria25_20-300x200.jpg 300w, https:\/\/tucomarca.whitekongsoftware.com\/wp-content\/uploads\/2025\/05\/TurisFeria25_20-768x512.jpg 768w\" sizes=\"auto, (max-width: 945px) 100vw, 945px\" \/><\/figure>\n\n\n\n<figure class=\"wp-block-image size-large\"><img loading=\"lazy\" decoding=\"async\" width=\"945\" height=\"630\" data-id=\"264162\" src=\"https:\/\/www.tucomarca.com\/wordpress\/segunda\/wp-content\/uploads\/2025\/05\/TurisFeria25_21.jpg\" alt=\"\" class=\"wp-image-264162\" srcset=\"https:\/\/tucomarca.whitekongsoftware.com\/wp-content\/uploads\/2025\/05\/TurisFeria25_21.jpg 945w, https:\/\/tucomarca.whitekongsoftware.com\/wp-content\/uploads\/2025\/05\/TurisFeria25_21-300x200.jpg 300w, https:\/\/tucomarca.whitekongsoftware.com\/wp-content\/uploads\/2025\/05\/TurisFeria25_21-768x512.jpg 768w\" sizes=\"auto, (max-width: 945px) 100vw, 945px\" \/><\/figure>\n\n\n\n<figure class=\"wp-block-image size-large\"><img loading=\"lazy\" decoding=\"async\" width=\"945\" height=\"630\" data-id=\"264164\" src=\"https:\/\/www.tucomarca.com\/wordpress\/segunda\/wp-content\/uploads\/2025\/05\/TurisFeria25_22.jpg\" alt=\"\" class=\"wp-image-264164\" srcset=\"https:\/\/tucomarca.whitekongsoftware.com\/wp-content\/uploads\/2025\/05\/TurisFeria25_22.jpg 945w, https:\/\/tucomarca.whitekongsoftware.com\/wp-content\/uploads\/2025\/05\/TurisFeria25_22-300x200.jpg 300w, https:\/\/tucomarca.whitekongsoftware.com\/wp-content\/uploads\/2025\/05\/TurisFeria25_22-768x512.jpg 768w\" sizes=\"auto, (max-width: 945px) 100vw, 945px\" \/><\/figure>\n\n\n\n<figure class=\"wp-block-image size-large\"><img loading=\"lazy\" decoding=\"async\" width=\"945\" height=\"630\" data-id=\"264166\" src=\"https:\/\/www.tucomarca.com\/wordpress\/segunda\/wp-content\/uploads\/2025\/05\/TurisFeria25_23.jpg\" alt=\"\" class=\"wp-image-264166\" srcset=\"https:\/\/tucomarca.whitekongsoftware.com\/wp-content\/uploads\/2025\/05\/TurisFeria25_23.jpg 945w, https:\/\/tucomarca.whitekongsoftware.com\/wp-content\/uploads\/2025\/05\/TurisFeria25_23-300x200.jpg 300w, https:\/\/tucomarca.whitekongsoftware.com\/wp-content\/uploads\/2025\/05\/TurisFeria25_23-768x512.jpg 768w\" sizes=\"auto, (max-width: 945px) 100vw, 945px\" \/><\/figure>\n\n\n\n<figure class=\"wp-block-image size-large\"><img loading=\"lazy\" decoding=\"async\" width=\"945\" height=\"630\" data-id=\"264168\" src=\"https:\/\/www.tucomarca.com\/wordpress\/segunda\/wp-content\/uploads\/2025\/05\/TurisFeria25_24.jpg\" alt=\"\" class=\"wp-image-264168\" srcset=\"https:\/\/tucomarca.whitekongsoftware.com\/wp-content\/uploads\/2025\/05\/TurisFeria25_24.jpg 945w, https:\/\/tucomarca.whitekongsoftware.com\/wp-content\/uploads\/2025\/05\/TurisFeria25_24-300x200.jpg 300w, https:\/\/tucomarca.whitekongsoftware.com\/wp-content\/uploads\/2025\/05\/TurisFeria25_24-768x512.jpg 768w\" sizes=\"auto, (max-width: 945px) 100vw, 945px\" \/><\/figure>\n\n\n\n<figure class=\"wp-block-image size-large\"><img loading=\"lazy\" decoding=\"async\" width=\"945\" height=\"630\" data-id=\"264170\" src=\"https:\/\/www.tucomarca.com\/wordpress\/segunda\/wp-content\/uploads\/2025\/05\/TurisFeria25_25.jpg\" alt=\"\" class=\"wp-image-264170\" srcset=\"https:\/\/tucomarca.whitekongsoftware.com\/wp-content\/uploads\/2025\/05\/TurisFeria25_25.jpg 945w, https:\/\/tucomarca.whitekongsoftware.com\/wp-content\/uploads\/2025\/05\/TurisFeria25_25-300x200.jpg 300w, https:\/\/tucomarca.whitekongsoftware.com\/wp-content\/uploads\/2025\/05\/TurisFeria25_25-768x512.jpg 768w\" sizes=\"auto, (max-width: 945px) 100vw, 945px\" \/><\/figure>\n\n\n\n<figure class=\"wp-block-image size-large\"><img loading=\"lazy\" decoding=\"async\" width=\"945\" height=\"630\" data-id=\"264172\" src=\"https:\/\/www.tucomarca.com\/wordpress\/segunda\/wp-content\/uploads\/2025\/05\/TurisFeria25_26.jpg\" alt=\"\" class=\"wp-image-264172\" srcset=\"https:\/\/tucomarca.whitekongsoftware.com\/wp-content\/uploads\/2025\/05\/TurisFeria25_26.jpg 945w, https:\/\/tucomarca.whitekongsoftware.com\/wp-content\/uploads\/2025\/05\/TurisFeria25_26-300x200.jpg 300w, https:\/\/tucomarca.whitekongsoftware.com\/wp-content\/uploads\/2025\/05\/TurisFeria25_26-768x512.jpg 768w\" sizes=\"auto, (max-width: 945px) 100vw, 945px\" \/><\/figure>\n\n\n\n<figure class=\"wp-block-image size-large\"><img loading=\"lazy\" decoding=\"async\" width=\"945\" height=\"630\" data-id=\"264174\" src=\"https:\/\/www.tucomarca.com\/wordpress\/segunda\/wp-content\/uploads\/2025\/05\/TurisFeria25_27.jpg\" alt=\"\" class=\"wp-image-264174\" srcset=\"https:\/\/tucomarca.whitekongsoftware.com\/wp-content\/uploads\/2025\/05\/TurisFeria25_27.jpg 945w, https:\/\/tucomarca.whitekongsoftware.com\/wp-content\/uploads\/2025\/05\/TurisFeria25_27-300x200.jpg 300w, https:\/\/tucomarca.whitekongsoftware.com\/wp-content\/uploads\/2025\/05\/TurisFeria25_27-768x512.jpg 768w\" sizes=\"auto, (max-width: 945px) 100vw, 945px\" \/><\/figure>\n\n\n\n<figure class=\"wp-block-image size-large\"><img loading=\"lazy\" decoding=\"async\" width=\"945\" height=\"630\" data-id=\"264176\" src=\"https:\/\/www.tucomarca.com\/wordpress\/segunda\/wp-content\/uploads\/2025\/05\/TurisFeria25_28.jpg\" alt=\"\" class=\"wp-image-264176\" srcset=\"https:\/\/tucomarca.whitekongsoftware.com\/wp-content\/uploads\/2025\/05\/TurisFeria25_28.jpg 945w, https:\/\/tucomarca.whitekongsoftware.com\/wp-content\/uploads\/2025\/05\/TurisFeria25_28-300x200.jpg 300w, https:\/\/tucomarca.whitekongsoftware.com\/wp-content\/uploads\/2025\/05\/TurisFeria25_28-768x512.jpg 768w\" sizes=\"auto, (max-width: 945px) 100vw, 945px\" \/><\/figure>\n<\/figure>\n","protected":false},"excerpt":{"rendered":"<div class=\"mh-excerpt\">La Pla\u00e7a Vicent Ribes s&#8217;ha convertit aquest cap de setmana en el centre neur\u00e0lgic del comer\u00e7, la festa i la vida social de Tur\u00eds amb motiu de la inauguraci\u00f3 de la XX edici\u00f3 de la <a class=\"mh-excerpt-more\" href=\"https:\/\/tucomarca.whitekongsoftware.com\/ca\/fotogaleria-la-diputada-provincial-dhisenda-laura-saez-inaugura-la-xx-fira-de-comerc-de-turis\/\" title=\"Fotogaler\u00eda: la diputada provincial d&#8217;Hisenda, Laura S\u00e1ez, inaugura la XX Fira de Comer\u00e7 de Tur\u00eds\">[+] <\/a><\/div>\n","protected":false},"author":12,"featured_media":264137,"comment_status":"open","ping_status":"open","sticky":false,"template":"","format":"gallery","meta":{"footnotes":""},"categories":[10990,10898,10894,10902,11004,11007,11008,10896,11047],"tags":[22247,11356,11093],"class_list":["post-264182","post","type-post","status-publish","format-gallery","has-post-thumbnail","category-carlet-ca","category-ventana-ca","category-la-comarca-ca","category-la-ribera-ca","category-la-semana-en-imagenes-ca","category-ocio-y-cultura-ca","category-pueblos-en-fiestas-ca","category-seccion-ca","category-turis-ca","tag-feria-de-comercio-de-turis-ca","tag-ribera-alta-ca","tag-turis-ca","post_format-post-format-gallery"],"_links":{"self":[{"href":"https:\/\/tucomarca.whitekongsoftware.com\/ca\/wp-json\/wp\/v2\/posts\/264182","targetHints":{"allow":["GET"]}}],"collection":[{"href":"https:\/\/tucomarca.whitekongsoftware.com\/ca\/wp-json\/wp\/v2\/posts"}],"about":[{"href":"https:\/\/tucomarca.whitekongsoftware.com\/ca\/wp-json\/wp\/v2\/types\/post"}],"author":[{"embeddable":true,"href":"https:\/\/tucomarca.whitekongsoftware.com\/ca\/wp-json\/wp\/v2\/users\/12"}],"replies":[{"embeddable":true,"href":"https:\/\/tucomarca.whitekongsoftware.com\/ca\/wp-json\/wp\/v2\/comments?post=264182"}],"version-history":[{"count":0,"href":"https:\/\/tucomarca.whitekongsoftware.com\/ca\/wp-json\/wp\/v2\/posts\/264182\/revisions"}],"wp:featuredmedia":[{"embeddable":true,"href":"https:\/\/tucomarca.whitekongsoftware.com\/ca\/wp-json\/wp\/v2\/media\/264137"}],"wp:attachment":[{"href":"https:\/\/tucomarca.whitekongsoftware.com\/ca\/wp-json\/wp\/v2\/media?parent=264182"}],"wp:term":[{"taxonomy":"category","embeddable":true,"href":"https:\/\/tucomarca.whitekongsoftware.com\/ca\/wp-json\/wp\/v2\/categories?post=264182"},{"taxonomy":"post_tag","embeddable":true,"href":"https:\/\/tucomarca.whitekongsoftware.com\/ca\/wp-json\/wp\/v2\/tags?post=264182"}],"curies":[{"name":"wp","href":"https:\/\/api.w.org\/{rel}","templated":true}]}}