{"id":264112,"date":"2025-05-03T10:30:00","date_gmt":"2025-05-03T08:30:00","guid":{"rendered":"https:\/\/www.tucomarca.com\/wordpress\/segunda\/?p=264112"},"modified":"2025-05-03T12:29:46","modified_gmt":"2025-05-03T10:29:46","slug":"el-director-general-de-cultura-anuncia-noves-ajudes-per-a-les-llibreries-que-no-han-pogut-obrir-despres-de-la-riuada","status":"publish","type":"post","link":"https:\/\/tucomarca.whitekongsoftware.com\/ca\/el-director-general-de-cultura-anuncia-noves-ajudes-per-a-les-llibreries-que-no-han-pogut-obrir-despres-de-la-riuada\/","title":{"rendered":"El director general de Cultura anuncia noves ajudes per a les llibreries que no han pogut obrir despr\u00e9s de la riuada"},"content":{"rendered":"\n<h3 class=\"wp-block-heading\">La Generalitat ha destinat m\u00e9s d&#8217;un mili\u00f3 d&#8217;euros al sector editorial en ajudes despr\u00e9s de la riuada.<\/h3>\n\n\n\n<h3 class=\"wp-block-heading\">El comprom\u00eds del Consell, amb una ajuda de 130.000 euros, ha perm\u00e9s la celebraci\u00f3 de la Fira del Llibre.<\/h3>\n\n\n\n<p class=\"wp-block-paragraph\">El director general de Cultura, Miquel Nadal, ha visitat novament aquest divendres la Fira del Llibre i ha anunciat que &#8220;s&#8217;habilitaran noves l\u00ednies d&#8217;ajudes per a contribuir al fet que les llibreries que encara no han pogut reobrir puguen tornar a fer-ho\u201d.<\/p>\n\n\n\n<p class=\"wp-block-paragraph\">Durant un recorregut pels estands de les llibreries afectades per la riuada, el director general de Cultural ha assenyalat que es destinaran m\u00e9s recursos a les llibreries de municipis afectats per la riuada.<\/p>\n\n\n\n<p class=\"wp-block-paragraph\">En aquest sentit Nadal ha avan\u00e7at que &#8220;s&#8217;incrementar\u00e0 l&#8217;import de les ajudes singulars al sector per a secundar de manera directa a tot el teixit editorial afectat&#8221;.<\/p>\n\n\n\n<p class=\"wp-block-paragraph\">Aix\u00ed mateix, Miquel Nadal ha recordat que el cost zero de les casetes de la Fira del Llibre de Val\u00e8ncia \u201cha sigut possible gr\u00e0cies a les ajudes de la Generalitat i de l&#8217;Ajuntament de Val\u00e8ncia\u201d, i ha subratllat que, des de Cultura, al costat del Gremi de Llibrers, s&#8217;han at\u00e9s les necessitats de finan\u00e7ament per a garantir la celebraci\u00f3 d&#8217;aquesta fira\u201d. Aix\u00ed, des del govern valenci\u00e0 es va habilitar una ajuda de m\u00e9s de 130.000 euros per a fer possible la celebraci\u00f3 d&#8217;aquesta edici\u00f3.&nbsp;<\/p>\n\n\n\n<p class=\"wp-block-paragraph\">\u201cSi com alguns diuen som un Consell contrari a la cultura, precisament \u00e9s el suport d&#8217;aquest Consell el que ha fet possible la celebraci\u00f3 de la Fira del llibre. El sector cultural necessita menys declaracions i m\u00e9s suport efectiu\u201d, ha afirmat.<\/p>\n\n\n\n<p class=\"wp-block-paragraph\">El director general de Cultura ha recordat tamb\u00e9 que la Generalitat ha destinat ja m\u00e9s d&#8217;un mili\u00f3 d&#8217;euros al sector editorial en ajudes despr\u00e9s de la riuada del passat 29 d&#8217;octubre, la qual cosa demostra que \u201cel comprom\u00eds de Cultura amb el sector editorial \u00e9s ferm, igual que amb tot el sector cultural, al qual s&#8217;han destinat altres 5 milions d&#8217;euros\u201d.&nbsp;<\/p>\n\n\n\n<p class=\"wp-block-paragraph\">Finalment, el director general ha assenyalat que les ajudes de Cultura \u201chan aconseguit ja al 98% de beneficiaris entre ind\u00fastries, professions culturals i sector editorial\u201d. \u201cEn canvi des del Govern es van anunciar quatre milions d&#8217;euros, import menor que el de la Generalitat, i l&#8217;\u00fanica cosa que sabem \u00e9s que ha arribat la meitat i per a gestors culturals intermedis\u201d, ha indicat. \u201cNi tampoc se sap res sobre la petici\u00f3 de 15 milions d&#8217;euros per a un bo cultural en els municipis afectats per les inundacions\u201d, ha concl\u00f2s.<\/p>\n","protected":false},"excerpt":{"rendered":"<div class=\"mh-excerpt\">La Generalitat ha destinat m\u00e9s d&#8217;un mili\u00f3 d&#8217;euros al sector editorial en ajudes despr\u00e9s de la riuada. El comprom\u00eds del Consell, amb una ajuda de 130.000 euros, ha perm\u00e9s la celebraci\u00f3 de la Fira del <a class=\"mh-excerpt-more\" href=\"https:\/\/tucomarca.whitekongsoftware.com\/ca\/el-director-general-de-cultura-anuncia-noves-ajudes-per-a-les-llibreries-que-no-han-pogut-obrir-despres-de-la-riuada\/\" title=\"El director general de Cultura anuncia noves ajudes per a les llibreries que no han pogut obrir despr\u00e9s de la riuada\">[+] <\/a><\/div>\n","protected":false},"author":12,"featured_media":264111,"comment_status":"open","ping_status":"open","sticky":false,"template":"","format":"standard","meta":{"footnotes":""},"categories":[21466,10898,10948,10894,10904,10903,11007,10947,10896,10897],"tags":[22245,21788,15409,22243,11498,22244],"class_list":["post-264112","post","type-post","status-publish","format-standard","has-post-thumbnail","category-dana-ca","category-ventana-ca","category-infraestructuras-ca","category-la-comarca-ca","category-sin-categorizar-ca","category-medio-ambiente-la-comarca-ca","category-ocio-y-cultura-ca","category-politica","category-seccion-ca","category-sucesos-la-comarca-ca","tag-ayudas-a-librerias","tag-ayudas-dana-ca","tag-dana-2-ca","tag-feria-del-libro-de-valencia-ca","tag-generalitat-valenciana-ca","tag-miquel-nadal-ca"],"_links":{"self":[{"href":"https:\/\/tucomarca.whitekongsoftware.com\/ca\/wp-json\/wp\/v2\/posts\/264112","targetHints":{"allow":["GET"]}}],"collection":[{"href":"https:\/\/tucomarca.whitekongsoftware.com\/ca\/wp-json\/wp\/v2\/posts"}],"about":[{"href":"https:\/\/tucomarca.whitekongsoftware.com\/ca\/wp-json\/wp\/v2\/types\/post"}],"author":[{"embeddable":true,"href":"https:\/\/tucomarca.whitekongsoftware.com\/ca\/wp-json\/wp\/v2\/users\/12"}],"replies":[{"embeddable":true,"href":"https:\/\/tucomarca.whitekongsoftware.com\/ca\/wp-json\/wp\/v2\/comments?post=264112"}],"version-history":[{"count":0,"href":"https:\/\/tucomarca.whitekongsoftware.com\/ca\/wp-json\/wp\/v2\/posts\/264112\/revisions"}],"wp:featuredmedia":[{"embeddable":true,"href":"https:\/\/tucomarca.whitekongsoftware.com\/ca\/wp-json\/wp\/v2\/media\/264111"}],"wp:attachment":[{"href":"https:\/\/tucomarca.whitekongsoftware.com\/ca\/wp-json\/wp\/v2\/media?parent=264112"}],"wp:term":[{"taxonomy":"category","embeddable":true,"href":"https:\/\/tucomarca.whitekongsoftware.com\/ca\/wp-json\/wp\/v2\/categories?post=264112"},{"taxonomy":"post_tag","embeddable":true,"href":"https:\/\/tucomarca.whitekongsoftware.com\/ca\/wp-json\/wp\/v2\/tags?post=264112"}],"curies":[{"name":"wp","href":"https:\/\/api.w.org\/{rel}","templated":true}]}}