{"id":264096,"date":"2025-05-03T10:00:00","date_gmt":"2025-05-03T08:00:00","guid":{"rendered":"https:\/\/www.tucomarca.com\/wordpress\/segunda\/?p=264096"},"modified":"2025-05-03T12:09:43","modified_gmt":"2025-05-03T10:09:43","slug":"la-unio-municipalista-es-reuneix-amb-gan-pampols-per-coneixer-lestat-de-la-reconstruccio-als-municipis-afectats-per-la-dana","status":"publish","type":"post","link":"https:\/\/tucomarca.whitekongsoftware.com\/ca\/la-unio-municipalista-es-reuneix-amb-gan-pampols-per-coneixer-lestat-de-la-reconstruccio-als-municipis-afectats-per-la-dana\/","title":{"rendered":"La Uni\u00f3 Municipalista es reuneix amb Gan Pampols per con\u00e8ixer l\u2019estat de la reconstrucci\u00f3 als municipis afectats per la DANA"},"content":{"rendered":"\n<h3 class=\"wp-block-heading\">Els representants municipals defenen una resposta coordinada i efectiva entre administracions per agilitzar la reconstrucci\u00f3.<\/h3>\n\n\n\n<h3 class=\"wp-block-heading\">Jorge Rodr\u00edguez recorda &#8220;que en Ontinyent durant la DANA del 2019, vam poder tirar endavant gr\u00e0cies a la cooperaci\u00f3 total entre ciutadania i administracions p\u00fabliques&#8221;.<\/h3>\n\n\n\n<p class=\"wp-block-paragraph\">La Uni\u00f3 Municipalista, la confederaci\u00f3 de partits independents, va mantindre este dimecres una reuni\u00f3 de treball amb el vicepresident segon i Conseller per a la Recuperaci\u00f3 Econ\u00f2mica i Social de la Comunitat Valenciana, Francisco Jos\u00e9 Gan Pampols per avaluar l\u2019estat de les actuacions en els municipis afectats per la DANA i coordinar pr\u00f2xims passos en mat\u00e8ria d\u2019ajudes, planificaci\u00f3 i col\u00b7laboraci\u00f3 interinstitucional.&nbsp;<\/p>\n\n\n\n<p class=\"wp-block-paragraph\">Des de la Uni\u00f3 Municipalista, la reuni\u00f3 va comptar amb la representaci\u00f3 de l\u2019alcalde d\u2019Ontinyent i coordinador de la Uni\u00f3 Municipalista a la Comunitat Valenciana, Jorge Rodr\u00edguez; l\u2019alcalde de Nules i vicepresident de la Federaci\u00f3 Valenciana de Municipis i Prov\u00edncies (FVMP), David Garc\u00eda i l\u2019alcalde d\u2019Alberic i coordinador general de la FVMP, To\u00f1o Carratal\u00e1. Aix\u00ed, l\u2019encontre va servir per traslladar de forma directa les necessitats dels ajuntaments afectats per poder avan\u00e7ar en celeritat amb els processos de reconstrucci\u00f3. En este context, es van compartir experi\u00e8ncies de gesti\u00f3 local, com \u00e9s el cas d\u2019Ontinyent, on durant la DANA de 2019 l\u2019Ajuntament va activar mesures urgents.&nbsp;<\/p>\n\n\n\n<p class=\"wp-block-paragraph\">L\u2019alcalde d\u2019Ontinyent, Jorge Rodr\u00edguez, afirmava que \u201cl\u2019experi\u00e8ncia d\u2019Ontinyent demostra que el municipalisme \u00e9s clau davant les emerg\u00e8ncies. \u00c9s ben cert que la DANA que vam viure a Ontinyent no t\u00e9 res a veure amb la del passat 29 d\u2019octubre, per\u00f2 tamb\u00e9 \u00e9s cert que nosaltres vam poder tirar endavant gr\u00e0cies a la cooperaci\u00f3 entre ciutadania i administracions p\u00fabliques. \u00c9s precisament, el que s\u2019est\u00e0 demanant ac\u00ed: una cooperaci\u00f3 real entre administracions perqu\u00e8 la reconstrucci\u00f3 funcione\u201d.&nbsp;<\/p>\n\n\n\n<p class=\"wp-block-paragraph\">Aix\u00ed mateix, David Garc\u00eda, president de la Uni\u00f3 Municipalista i vicepresident de la FVMP, destacava la import\u00e0ncia d\u2019estes reunions com a espais \u00fatils de coordinaci\u00f3 i planificaci\u00f3.&nbsp;\u201cEls ajuntaments hem assumit un paper actiu, per\u00f2 necessitem certeses, calendari i acompanyament t\u00e8cnic. Per aix\u00f2 \u00e9s fonamental que continuem treballant colze a colze amb la Generalitat\u201d,&nbsp;va assenyalar.<br>A m\u00e9s, subratllava que&nbsp;\u201cla FVMP pot i ha de actuar com a plataforma de consens entre municipis i com a pont amb la resta d\u2019administracions. \u00c9s des d\u2019esta posici\u00f3 que podem impulsar una resposta conjunta, efica\u00e7 i adaptada a la realitat dels nostres pobles.\u201d<\/p>\n\n\n\n<p class=\"wp-block-paragraph\">En la mateixa l\u00ednia es pronunciava el coordinador de la FVMP, To\u00f1o Carratal\u00e1, al destacar el paper de l\u2019organitzaci\u00f3 com a canal de di\u00e0leg directe entre el municipalisme i la resta d\u2019administracions. \u201cContinuarem defensant solucions pr\u00e0ctiques i \u00e0gils, centrades en all\u00f2 local, perqu\u00e8 \u00e9s des de l&#8217;\u00e0mbit local des d\u2019on es reconstrueix amb m\u00e9s efic\u00e0cia\u201d, indicava.&nbsp;<\/p>\n\n\n\n<p class=\"wp-block-paragraph\">\u00a0D\u2019altra banda, des de la Uni\u00f3 Municipalista es retira la necessitat de que el Govern central modifique el seu decret estatal d\u2019ajudes per a incloure a tots els municipis afectats per la DANA, que encara no han sigut incorporats. La Uni\u00f3 Municipalista se suma a la petici\u00f3 que des de la Generalitat Valenciana i la Diputaci\u00f3 de Val\u00e8ncia s\u2019ha traslladat i s\u2019ha insistit que no pot haver territoris de primera i de segona en un context d\u2019emerg\u00e8ncia com el que ha viscut la Comunitat Valenciana despr\u00e9s de la DANA.\u00a0<\/p>\n","protected":false},"excerpt":{"rendered":"<div class=\"mh-excerpt\">Els representants municipals defenen una resposta coordinada i efectiva entre administracions per agilitzar la reconstrucci\u00f3. Jorge Rodr\u00edguez recorda &#8220;que en Ontinyent durant la DANA del 2019, vam poder tirar endavant gr\u00e0cies a la cooperaci\u00f3 total <a class=\"mh-excerpt-more\" href=\"https:\/\/tucomarca.whitekongsoftware.com\/ca\/la-unio-municipalista-es-reuneix-amb-gan-pampols-per-coneixer-lestat-de-la-reconstruccio-als-municipis-afectats-per-la-dana\/\" title=\"La Uni\u00f3 Municipalista es reuneix amb Gan Pampols per con\u00e8ixer l\u2019estat de la reconstrucci\u00f3 als municipis afectats per la DANA\">[+] <\/a><\/div>\n","protected":false},"author":12,"featured_media":264095,"comment_status":"open","ping_status":"open","sticky":false,"template":"","format":"standard","meta":{"footnotes":""},"categories":[21466,10898,10948,10894,10904,10903,10947,10896,10897],"tags":[15409,21600,22056,20671],"class_list":["post-264096","post","type-post","status-publish","format-standard","has-post-thumbnail","category-dana-ca","category-ventana-ca","category-infraestructuras-ca","category-la-comarca-ca","category-sin-categorizar-ca","category-medio-ambiente-la-comarca-ca","category-politica","category-seccion-ca","category-sucesos-la-comarca-ca","tag-dana-2-ca","tag-francisco-jose-gan-pampols-ca","tag-jorge-rodriguez-ca","tag-union-municipalista-ca"],"_links":{"self":[{"href":"https:\/\/tucomarca.whitekongsoftware.com\/ca\/wp-json\/wp\/v2\/posts\/264096","targetHints":{"allow":["GET"]}}],"collection":[{"href":"https:\/\/tucomarca.whitekongsoftware.com\/ca\/wp-json\/wp\/v2\/posts"}],"about":[{"href":"https:\/\/tucomarca.whitekongsoftware.com\/ca\/wp-json\/wp\/v2\/types\/post"}],"author":[{"embeddable":true,"href":"https:\/\/tucomarca.whitekongsoftware.com\/ca\/wp-json\/wp\/v2\/users\/12"}],"replies":[{"embeddable":true,"href":"https:\/\/tucomarca.whitekongsoftware.com\/ca\/wp-json\/wp\/v2\/comments?post=264096"}],"version-history":[{"count":0,"href":"https:\/\/tucomarca.whitekongsoftware.com\/ca\/wp-json\/wp\/v2\/posts\/264096\/revisions"}],"wp:featuredmedia":[{"embeddable":true,"href":"https:\/\/tucomarca.whitekongsoftware.com\/ca\/wp-json\/wp\/v2\/media\/264095"}],"wp:attachment":[{"href":"https:\/\/tucomarca.whitekongsoftware.com\/ca\/wp-json\/wp\/v2\/media?parent=264096"}],"wp:term":[{"taxonomy":"category","embeddable":true,"href":"https:\/\/tucomarca.whitekongsoftware.com\/ca\/wp-json\/wp\/v2\/categories?post=264096"},{"taxonomy":"post_tag","embeddable":true,"href":"https:\/\/tucomarca.whitekongsoftware.com\/ca\/wp-json\/wp\/v2\/tags?post=264096"}],"curies":[{"name":"wp","href":"https:\/\/api.w.org\/{rel}","templated":true}]}}