{"id":263963,"date":"2025-04-30T09:00:00","date_gmt":"2025-04-30T07:00:00","guid":{"rendered":"https:\/\/www.tucomarca.com\/wordpress\/segunda\/utiel-continua-con-la-recuperacion-tras-la-dana-seis-meses-despues-del-temporal\/"},"modified":"2025-04-30T15:28:01","modified_gmt":"2025-04-30T13:28:01","slug":"utiel-continua-con-la-recuperacion-tras-la-dana-seis-meses-despues-del-temporal","status":"publish","type":"post","link":"https:\/\/tucomarca.whitekongsoftware.com\/ca\/utiel-continua-con-la-recuperacion-tras-la-dana-seis-meses-despues-del-temporal\/","title":{"rendered":"Utiel continua amb la recuperaci\u00f3 despr\u00e9s de la DANA, sis mesos despr\u00e9s del temporal"},"content":{"rendered":"\n<p class=\"wp-block-paragraph\">Sis mesos despr\u00e9s de la DANA que va assotar la comarca amb fortes pluges i va deixar importants danys materials, l&#8217;alcalde d&#8217;Utiel, Ricardo Gabald\u00f3n, ha fet balan\u00e7 de la situaci\u00f3 i ha subratllat que el municipi continua immers en les labors de recuperaci\u00f3, encara que ja s&#8217;han aconseguit notables avan\u00e7os.<\/p>\n\n\n\n<p class=\"wp-block-paragraph\">En una intervenci\u00f3 en v\u00eddeo, Gabald\u00f3n ha recordat la gravetat de l&#8217;episodi meteorol\u00f2gic, que va afectar especialment camins rurals, habitatges i infraestructures b\u00e0siques, i ha agra\u00eft la labor dels serveis d&#8217;emerg\u00e8ncia i la col\u00b7laboraci\u00f3 ve\u00efnal durant aquells dies.<\/p>\n\n\n\n<p class=\"wp-block-paragraph\">Segons l&#8217;alcalde, s&#8217;han realitzat obres de reparaci\u00f3 i neteja en camins agr\u00edcoles i llits, i s&#8217;ha treballat en la rehabilitaci\u00f3 d&#8217;instal\u00b7lacions p\u00fabliques danyades. No obstant aix\u00f2, ha reconegut que encara queda molt per fer i ha demanat a les administracions superiors que mantinguen el suport econ\u00f2mic i t\u00e8cnic per a continuar amb la reconstrucci\u00f3.<\/p>\n\n\n\n<p class=\"wp-block-paragraph\">&#8220;Estem fent tot el possible per a retornar la normalitat a totes les zones afectades. Demanem comprensi\u00f3 i, sobretot, col\u00b7laboraci\u00f3 per a continuar avan\u00e7ant&#8221;, ha assenyalat Gabald\u00f3n.<\/p>\n\n\n\n<p class=\"wp-block-paragraph\">L&#8217;Ajuntament d&#8217;Utiel ha reiterat el seu comprom\u00eds amb els ve\u00efns i ve\u00efnes afectats, i ha insistit que la recuperaci\u00f3 total requereix temps i recursos, per\u00f2 confien que, amb l&#8217;esfor\u00e7 conjunt, s&#8217;aconseguir\u00e0 superar per complet els efectes de la DANA.<\/p>\n","protected":false},"excerpt":{"rendered":"<div class=\"mh-excerpt\">Sis mesos despr\u00e9s de la DANA que va assotar la comarca amb fortes pluges i va deixar importants danys materials, l&#8217;alcalde d&#8217;Utiel, Ricardo Gabald\u00f3n, ha fet balan\u00e7 de la situaci\u00f3 i ha subratllat que el <a class=\"mh-excerpt-more\" href=\"https:\/\/tucomarca.whitekongsoftware.com\/ca\/utiel-continua-con-la-recuperacion-tras-la-dana-seis-meses-despues-del-temporal\/\" title=\"Utiel continua amb la recuperaci\u00f3 despr\u00e9s de la DANA, sis mesos despr\u00e9s del temporal\">[+] <\/a><\/div>\n","protected":false},"author":12,"featured_media":263722,"comment_status":"open","ping_status":"open","sticky":false,"template":"","format":"standard","meta":{"footnotes":""},"categories":[21466,10898,10948,10894,10904,10903,10947,10909,10896,10897,11059],"tags":[15409,11199,10910,11174],"class_list":["post-263963","post","type-post","status-publish","format-standard","has-post-thumbnail","category-dana-ca","category-ventana-ca","category-infraestructuras-ca","category-la-comarca-ca","category-sin-categorizar-ca","category-medio-ambiente-la-comarca-ca","category-politica","category-requena-utiel-ca","category-seccion-ca","category-sucesos-la-comarca-ca","category-utiel-ca","tag-dana-2-ca","tag-la-comunitat-ca","tag-requena-utiel-ca","tag-utiel-ca"],"_links":{"self":[{"href":"https:\/\/tucomarca.whitekongsoftware.com\/ca\/wp-json\/wp\/v2\/posts\/263963","targetHints":{"allow":["GET"]}}],"collection":[{"href":"https:\/\/tucomarca.whitekongsoftware.com\/ca\/wp-json\/wp\/v2\/posts"}],"about":[{"href":"https:\/\/tucomarca.whitekongsoftware.com\/ca\/wp-json\/wp\/v2\/types\/post"}],"author":[{"embeddable":true,"href":"https:\/\/tucomarca.whitekongsoftware.com\/ca\/wp-json\/wp\/v2\/users\/12"}],"replies":[{"embeddable":true,"href":"https:\/\/tucomarca.whitekongsoftware.com\/ca\/wp-json\/wp\/v2\/comments?post=263963"}],"version-history":[{"count":0,"href":"https:\/\/tucomarca.whitekongsoftware.com\/ca\/wp-json\/wp\/v2\/posts\/263963\/revisions"}],"wp:featuredmedia":[{"embeddable":true,"href":"https:\/\/tucomarca.whitekongsoftware.com\/ca\/wp-json\/wp\/v2\/media\/263722"}],"wp:attachment":[{"href":"https:\/\/tucomarca.whitekongsoftware.com\/ca\/wp-json\/wp\/v2\/media?parent=263963"}],"wp:term":[{"taxonomy":"category","embeddable":true,"href":"https:\/\/tucomarca.whitekongsoftware.com\/ca\/wp-json\/wp\/v2\/categories?post=263963"},{"taxonomy":"post_tag","embeddable":true,"href":"https:\/\/tucomarca.whitekongsoftware.com\/ca\/wp-json\/wp\/v2\/tags?post=263963"}],"curies":[{"name":"wp","href":"https:\/\/api.w.org\/{rel}","templated":true}]}}