{"id":263866,"date":"2025-04-30T11:30:00","date_gmt":"2025-04-30T09:30:00","guid":{"rendered":"https:\/\/www.tucomarca.com\/wordpress\/segunda\/?p=263866"},"modified":"2025-04-30T15:14:10","modified_gmt":"2025-04-30T13:14:10","slug":"el-ministeri-dagricultura-destina-17-milions-deuros-a-la-reparacio-de-camins-agricoles-a-xest","status":"publish","type":"post","link":"https:\/\/tucomarca.whitekongsoftware.com\/ca\/el-ministeri-dagricultura-destina-17-milions-deuros-a-la-reparacio-de-camins-agricoles-a-xest\/","title":{"rendered":"El Ministeri d&#8217;Agricultura destina 1,7 milions d&#8217;euros a la reparaci\u00f3 de camins agr\u00edcoles a Xest"},"content":{"rendered":"\n<p class=\"wp-block-paragraph\">Tragsa ja ha comen\u00e7at les obres de reparaci\u00f3 i millora d&#8217;una part dels camins agr\u00edcoles de Xest danyats per la DANA del passat 29 d&#8217;octubre, amb c\u00e0rrec al Ministeri d&#8217;Agricultura, Pesca i Alimentaci\u00f3, per un import estimat de 1,7 milions d&#8217;euros.<\/p>\n\n\n\n<p class=\"wp-block-paragraph\">Les reparacions se centraran en 7 camins, en els quals s&#8217;adaptaran els materials i les actuacions en funci\u00f3 de la situaci\u00f3 del ferm, i s&#8217;estima que els treballs es prolongaran durant 3 mesos.<\/p>\n\n\n\n<p class=\"wp-block-paragraph\">D&#8217;una banda, s&#8217;actuar\u00e0 en el Cam\u00ed Ramat i en el Cam\u00ed Pozuelo, en els quals es reposar\u00e0 el ferm en els trams danyats per a restablir les condicions anteriors. D&#8217;altra banda, es repararan els tra\u00e7ats complets de Cam\u00ed Pins Veure-us, Cam\u00ed Garrama i Cam\u00ed Barranquet, mitjan\u00e7ant l&#8217;est\u00e9s i compactat de llastos, executant-se guals amb acabat de formig\u00f3 en les zones de pas d&#8217;escorrenties. A m\u00e9s, es pavimentar\u00e0 el Cam\u00ed Verge de l&#8217;Esperan\u00e7a al complet, mitjan\u00e7ant l&#8217;est\u00e9s d&#8217;aglomerat asf\u00e0ltic, i es reparar\u00e0 amb&nbsp; ferm de formig\u00f3 el tram afectat del cam\u00ed d&#8217;acc\u00e9s a la Urbanitzaci\u00f3 Aig\u00fces Perdudes.<\/p>\n\n\n\n<p class=\"wp-block-paragraph\">Aquestes actuacions s&#8217;emmarquen dins d&#8217;una primera fase de reparacions dels camins rurals de la poblaci\u00f3 per part del Ministeri, a la qual seguiran noves obres pr\u00f2ximament en el marc del Pla de Resposta Immediata, Reconstrucci\u00f3 i Rellan\u00e7ament davant els efectes de la DANA.<\/p>\n","protected":false},"excerpt":{"rendered":"<div class=\"mh-excerpt\">Tragsa ja ha comen\u00e7at les obres de reparaci\u00f3 i millora d&#8217;una part dels camins agr\u00edcoles de Xest danyats per la DANA del passat 29 d&#8217;octubre, amb c\u00e0rrec al Ministeri d&#8217;Agricultura, Pesca i Alimentaci\u00f3, per un <a class=\"mh-excerpt-more\" href=\"https:\/\/tucomarca.whitekongsoftware.com\/ca\/el-ministeri-dagricultura-destina-17-milions-deuros-a-la-reparacio-de-camins-agricoles-a-xest\/\" title=\"El Ministeri d&#8217;Agricultura destina 1,7 milions d&#8217;euros a la reparaci\u00f3 de camins agr\u00edcoles a Xest\">[+] <\/a><\/div>\n","protected":false},"author":13,"featured_media":263864,"comment_status":"open","ping_status":"open","sticky":false,"template":"","format":"standard","meta":{"footnotes":""},"categories":[10905,21466,10898,10948,10894,10904,10912,10903,10947,10896,10897,10974],"tags":[11309,11071,15409,10914],"class_list":["post-263866","post","type-post","status-publish","format-standard","has-post-thumbnail","category-agricultura-la-comarca-ca","category-dana-ca","category-ventana-ca","category-infraestructuras-ca","category-la-comarca-ca","category-sin-categorizar-ca","category-la-hoya-ca","category-medio-ambiente-la-comarca-ca","category-politica","category-seccion-ca","category-sucesos-la-comarca-ca","category-cheste-ca","tag-agricultura-ca","tag-cheste","tag-dana-2-ca","tag-la-hoya-de-bunol-chiva-ca"],"_links":{"self":[{"href":"https:\/\/tucomarca.whitekongsoftware.com\/ca\/wp-json\/wp\/v2\/posts\/263866","targetHints":{"allow":["GET"]}}],"collection":[{"href":"https:\/\/tucomarca.whitekongsoftware.com\/ca\/wp-json\/wp\/v2\/posts"}],"about":[{"href":"https:\/\/tucomarca.whitekongsoftware.com\/ca\/wp-json\/wp\/v2\/types\/post"}],"author":[{"embeddable":true,"href":"https:\/\/tucomarca.whitekongsoftware.com\/ca\/wp-json\/wp\/v2\/users\/13"}],"replies":[{"embeddable":true,"href":"https:\/\/tucomarca.whitekongsoftware.com\/ca\/wp-json\/wp\/v2\/comments?post=263866"}],"version-history":[{"count":0,"href":"https:\/\/tucomarca.whitekongsoftware.com\/ca\/wp-json\/wp\/v2\/posts\/263866\/revisions"}],"wp:featuredmedia":[{"embeddable":true,"href":"https:\/\/tucomarca.whitekongsoftware.com\/ca\/wp-json\/wp\/v2\/media\/263864"}],"wp:attachment":[{"href":"https:\/\/tucomarca.whitekongsoftware.com\/ca\/wp-json\/wp\/v2\/media?parent=263866"}],"wp:term":[{"taxonomy":"category","embeddable":true,"href":"https:\/\/tucomarca.whitekongsoftware.com\/ca\/wp-json\/wp\/v2\/categories?post=263866"},{"taxonomy":"post_tag","embeddable":true,"href":"https:\/\/tucomarca.whitekongsoftware.com\/ca\/wp-json\/wp\/v2\/tags?post=263866"}],"curies":[{"name":"wp","href":"https:\/\/api.w.org\/{rel}","templated":true}]}}