{"id":263796,"date":"2025-04-29T09:59:00","date_gmt":"2025-04-29T07:59:00","guid":{"rendered":"https:\/\/www.tucomarca.com\/wordpress\/segunda\/?p=263796"},"modified":"2025-04-29T19:49:39","modified_gmt":"2025-04-29T17:49:39","slug":"la-conselleria-demergencies-sollicita-al-ministeri-dinterior-la-desescalada-a-nivell-2-de-la-situacio-demergencia-en-la-comunitat-valenciana","status":"publish","type":"post","link":"https:\/\/tucomarca.whitekongsoftware.com\/ca\/la-conselleria-demergencies-sollicita-al-ministeri-dinterior-la-desescalada-a-nivell-2-de-la-situacio-demergencia-en-la-comunitat-valenciana\/","title":{"rendered":"La Conselleria d&#8217;Emerg\u00e8ncies sol\u00b7licita al Ministeri d&#8217;Interior la desescalada a nivell 2 de la situaci\u00f3 d&#8217;emerg\u00e8ncia en la Comunitat Valenciana"},"content":{"rendered":"\n<h3 class=\"wp-block-heading\">Emerg\u00e8ncies advoca per la desescalada davant la recuperaci\u00f3 del subministrament el\u00e8ctric i el gradual restabliment de les comunicacions.<\/h3>\n\n\n\n<h3 class=\"wp-block-heading\">La Conselleria sol\u00b7licita que es retire la recomanaci\u00f3 de suprimir l&#8217;activitat lectiva en els centres educatius.<\/h3>\n\n\n\n<p class=\"wp-block-paragraph\">La Conselleria d&#8217;Emerg\u00e8ncies i Interior ha sol\u00b7licitat formalment al Ministeri d&#8217;Interior que procedisca a rebaixar l&#8217;actual declaraci\u00f3 d&#8217;emerg\u00e8ncia d&#8217;inter\u00e9s nacional a situaci\u00f3 2 del Pla Territorial d&#8217;Emerg\u00e8ncies en la Comunitat Valenciana.<\/p>\n\n\n\n<p class=\"wp-block-paragraph\">Sobre aquest tema, i en la reuni\u00f3 del CECOPI d&#8217;aquesta vesprada, el titular del departament, Juan Carlos Valderrama, ha assenyalat que \u201cvista l&#8217;evoluci\u00f3 de la situaci\u00f3 de l&#8217;emerg\u00e8ncia, la recuperaci\u00f3 del subministrament el\u00e8ctric i la recuperaci\u00f3 gradual de les comunicacions considerem que procedeix rebaixar el nivell d&#8217;emerg\u00e8ncia\u201d.<\/p>\n\n\n\n<p class=\"wp-block-paragraph\">Valderrama, despr\u00e9s de constatar amb els diferents serveis d&#8217;intervenci\u00f3 l&#8217;abs\u00e8ncia d&#8217;incid\u00e8ncies rellevants relacionades amb l&#8217;emerg\u00e8ncia, aix\u00ed com el restabliment dels serveis b\u00e0sics, principalment sanitaris i de transport, ha explicat que des de la Conselleria d&#8217;Emerg\u00e8ncies i Interior \u201cs&#8217;ha sol\u00b7licitat al Ministeri d&#8217;Interior, a trav\u00e9s del CENEM, que procedisca a rebaixar la situaci\u00f3 d&#8217;emerg\u00e8ncia en la Comunitat Valenciana&#8221;.<\/p>\n\n\n\n<p class=\"wp-block-paragraph\">El conseller d&#8217;Emerg\u00e8ncies i Interior ha insistit que \u201cdonada la situaci\u00f3 de normalitat, entenem que procedeix aquesta modificaci\u00f3 de la situaci\u00f3 d&#8217;emerg\u00e8ncia\u201d, per\u00f2 ha subratllat la necessitat de \u201ccontinuar mantenint la coordinaci\u00f3 i seguiment amb tots els organismes i ag\u00e8ncies representats en el CECOPI en situaci\u00f3 d&#8217;emerg\u00e8ncia nivell 2\u201d.<\/p>\n\n\n\n<p class=\"wp-block-paragraph\">D&#8217;altra banda, i despr\u00e9s d&#8217;escoltar tamb\u00e9 l&#8217;opini\u00f3 dels representants de la Conselleria d&#8217;Educaci\u00f3, Emerg\u00e8ncies ha sol\u00b7licitat que a partir de dem\u00e0 dimecres es retire la recomanaci\u00f3 de suprimir l&#8217;activitat lectiva en els centres educatius de la Comunitat Valenciana.<\/p>\n\n\n\n<p class=\"wp-block-paragraph\">\u201cDegut la situaci\u00f3 d&#8217;emerg\u00e8ncia establida el dilluns, per a aquest dimarts es va recomanar que els centres suspengueren l&#8217;activitat lectiva, per\u00f2 que els col\u00b7legis romangueren oberts amb la finalitat de facilitar la conciliaci\u00f3 de les fam\u00edlies\u201d, ha recordat el conseller.<\/p>\n\n\n\n<p class=\"wp-block-paragraph\">Enfront d&#8217;aix\u00f2, a partir de dem\u00e0 dimecres i donada l&#8217;evoluci\u00f3 de la situaci\u00f3, ha sol\u00b7licitat a la direcci\u00f3 del pla que els centres educatius tornen a la normalitat.<\/p>\n","protected":false},"excerpt":{"rendered":"<div class=\"mh-excerpt\">Emerg\u00e8ncies advoca per la desescalada davant la recuperaci\u00f3 del subministrament el\u00e8ctric i el gradual restabliment de les comunicacions. La Conselleria sol\u00b7licita que es retire la recomanaci\u00f3 de suprimir l&#8217;activitat lectiva en els centres educatius. La <a class=\"mh-excerpt-more\" href=\"https:\/\/tucomarca.whitekongsoftware.com\/ca\/la-conselleria-demergencies-sollicita-al-ministeri-dinterior-la-desescalada-a-nivell-2-de-la-situacio-demergencia-en-la-comunitat-valenciana\/\" title=\"La Conselleria d&#8217;Emerg\u00e8ncies sol\u00b7licita al Ministeri d&#8217;Interior la desescalada a nivell 2 de la situaci\u00f3 d&#8217;emerg\u00e8ncia en la Comunitat Valenciana\">[+] <\/a><\/div>\n","protected":false},"author":1,"featured_media":263794,"comment_status":"open","ping_status":"open","sticky":false,"template":"","format":"standard","meta":{"footnotes":""},"categories":[10898,10948,10894,10904,10903,10947,10896,10897],"tags":[22226,22232,11199],"class_list":["post-263796","post","type-post","status-publish","format-standard","has-post-thumbnail","category-ventana-ca","category-infraestructuras-ca","category-la-comarca-ca","category-sin-categorizar-ca","category-medio-ambiente-la-comarca-ca","category-politica","category-seccion-ca","category-sucesos-la-comarca-ca","tag-apagon-ca","tag-apagon-electrico-ca","tag-la-comunitat-ca"],"_links":{"self":[{"href":"https:\/\/tucomarca.whitekongsoftware.com\/ca\/wp-json\/wp\/v2\/posts\/263796","targetHints":{"allow":["GET"]}}],"collection":[{"href":"https:\/\/tucomarca.whitekongsoftware.com\/ca\/wp-json\/wp\/v2\/posts"}],"about":[{"href":"https:\/\/tucomarca.whitekongsoftware.com\/ca\/wp-json\/wp\/v2\/types\/post"}],"author":[{"embeddable":true,"href":"https:\/\/tucomarca.whitekongsoftware.com\/ca\/wp-json\/wp\/v2\/users\/1"}],"replies":[{"embeddable":true,"href":"https:\/\/tucomarca.whitekongsoftware.com\/ca\/wp-json\/wp\/v2\/comments?post=263796"}],"version-history":[{"count":0,"href":"https:\/\/tucomarca.whitekongsoftware.com\/ca\/wp-json\/wp\/v2\/posts\/263796\/revisions"}],"wp:featuredmedia":[{"embeddable":true,"href":"https:\/\/tucomarca.whitekongsoftware.com\/ca\/wp-json\/wp\/v2\/media\/263794"}],"wp:attachment":[{"href":"https:\/\/tucomarca.whitekongsoftware.com\/ca\/wp-json\/wp\/v2\/media?parent=263796"}],"wp:term":[{"taxonomy":"category","embeddable":true,"href":"https:\/\/tucomarca.whitekongsoftware.com\/ca\/wp-json\/wp\/v2\/categories?post=263796"},{"taxonomy":"post_tag","embeddable":true,"href":"https:\/\/tucomarca.whitekongsoftware.com\/ca\/wp-json\/wp\/v2\/tags?post=263796"}],"curies":[{"name":"wp","href":"https:\/\/api.w.org\/{rel}","templated":true}]}}