{"id":263564,"date":"2025-04-28T08:05:00","date_gmt":"2025-04-28T06:05:00","guid":{"rendered":"https:\/\/www.tucomarca.com\/wordpress\/segunda\/?p=263564"},"modified":"2025-04-29T11:36:47","modified_gmt":"2025-04-29T09:36:47","slug":"el-psoe-qualifica-de-desastre-economic-la-situacio-de-lajuntament-de-bunyol","status":"publish","type":"post","link":"https:\/\/tucomarca.whitekongsoftware.com\/ca\/el-psoe-qualifica-de-desastre-economic-la-situacio-de-lajuntament-de-bunyol\/","title":{"rendered":"El PSOE qualifica de &#8220;desastre econ\u00f2mic&#8221; la situaci\u00f3 de l&#8217;Ajuntament de Bunyol"},"content":{"rendered":"\n<p class=\"wp-block-paragraph\">El PSOE de Bunyol ha denunciat l&#8217;a el seu judici &#8220;desastre econ\u00f2mic que travessa l&#8217;Ajuntament despr\u00e9s de l&#8217;aprovaci\u00f3 del pressupost municipal per a 2025, presentat com un punt d&#8217;urg\u00e8ncia en el ple del passat mes de gener i aprovat \u00fanicament amb els vots de X Bunyol i el PP&#8221;, segons han manifestat a trav\u00e9s d&#8217;un comunicat.<\/p>\n\n\n\n<p class=\"wp-block-paragraph\">&#8220;El pressupost va ser portat a votaci\u00f3 sense tot just explicacions per part del regidor d&#8217;Hisenda i amb importants discrep\u00e0ncies respecte al document presentat pr\u00e8viament al Consell Econ\u00f2mic i Social. Tres mesos despr\u00e9s, segueix sense aprovar-se de manera definitiva i el Govern local mant\u00e9 ocult l&#8217;estat d&#8217;execuci\u00f3 del pressupost de 2024&#8221;, han afegit<\/p>\n\n\n\n<p class=\"wp-block-paragraph\">Des del PSOE critiquen &#8220;la incapacitat cr\u00f2nica de X Bunyol i PP per a gestionar el document m\u00e9s important per al funcionament municipal. Les subvencions a algunes associacions segueixen sense pagar-se, malgrat que han complit amb els requisits exigits. A m\u00e9s, diversos prove\u00efdors, en la seua majoria empreses locals, suporten ja retards de m\u00e9s de sis mesos en el cobrament de les seues factures. A aquesta situaci\u00f3 se suma que part dels treballadors municipals no han pogut percebre la pujada salarial que els correspon, a causa de la falta d&#8217;aprovaci\u00f3 definitiva del pressupost. Quant a inversions, totes les previstes despr\u00e9s de la DANA pateixen retards inacceptables i, excepte la renovaci\u00f3 de la gespa del camp de futbol, el Pla Obert roman pr\u00e0cticament paralitzat&#8221;.<\/p>\n\n\n\n<p class=\"wp-block-paragraph\">&#8220;Ja no parlem d&#8217;inexperi\u00e8ncia: parlem d&#8217;incompet\u00e8ncia&#8221;, adverteixen els socialistes, recordant que les \u00faniques obres finalitzades en el municipi &#8220;corresponen a projectes heretats de l&#8217;anterior legislatura com la millora de la instal\u00b7laci\u00f3 el\u00e8ctrica del camp de futbol o la inversi\u00f3 en l&#8217;edifici el Portal per a millora de l&#8217;efici\u00e8ncia energ\u00e8tica&#8221;.<\/p>\n\n\n\n<p class=\"wp-block-paragraph\">El PSOE tamb\u00e9 critica &#8220;la falta de refor\u00e7 en la brigada municipal d&#8217;obres i serveis, dependent del regidor Sergio Galarza, per a aix\u00f2 han perdut una subvenci\u00f3 de m\u00e9s de 300.000\u20ac per a contractar persones desocupades, advertint que l&#8217;abs\u00e8ncia de noves contractacions en els pressupostos de 2024 i 2025 compromet greument la capacitat de l&#8217;Ajuntament per a atendre les necessitats de Bunyol&#8221;.<\/p>\n\n\n\n<p class=\"wp-block-paragraph\">El PSOE de Bunyol alerta que la situaci\u00f3 econ\u00f2mica i financera &#8220;posa en q\u00fcesti\u00f3 la solv\u00e8ncia i la capacitat de gesti\u00f3&#8221; de l&#8217;actual Govern municipal referent a la planificaci\u00f3 i atenci\u00f3 a les necessitats del municipi, associacions, ve\u00efns i ve\u00efnes.<\/p>\n","protected":false},"excerpt":{"rendered":"<div class=\"mh-excerpt\">El PSOE de Bunyol ha denunciat l&#8217;a el seu judici &#8220;desastre econ\u00f2mic que travessa l&#8217;Ajuntament despr\u00e9s de l&#8217;aprovaci\u00f3 del pressupost municipal per a 2025, presentat com un punt d&#8217;urg\u00e8ncia en el ple del passat mes <a class=\"mh-excerpt-more\" href=\"https:\/\/tucomarca.whitekongsoftware.com\/ca\/el-psoe-qualifica-de-desastre-economic-la-situacio-de-lajuntament-de-bunyol\/\" title=\"El PSOE qualifica de &#8220;desastre econ\u00f2mic&#8221; la situaci\u00f3 de l&#8217;Ajuntament de Bunyol\">[+] <\/a><\/div>\n","protected":false},"author":13,"featured_media":126023,"comment_status":"open","ping_status":"open","sticky":false,"template":"","format":"standard","meta":{"footnotes":""},"categories":[10911,10948,10894,10912,10947,10896],"tags":[10913,10914,11140],"class_list":["post-263564","post","type-post","status-publish","format-standard","has-post-thumbnail","category-bunol-ca","category-infraestructuras-ca","category-la-comarca-ca","category-la-hoya-ca","category-politica","category-seccion-ca","tag-bunol-ca","tag-la-hoya-de-bunol-chiva-ca","tag-politica-ca"],"_links":{"self":[{"href":"https:\/\/tucomarca.whitekongsoftware.com\/ca\/wp-json\/wp\/v2\/posts\/263564","targetHints":{"allow":["GET"]}}],"collection":[{"href":"https:\/\/tucomarca.whitekongsoftware.com\/ca\/wp-json\/wp\/v2\/posts"}],"about":[{"href":"https:\/\/tucomarca.whitekongsoftware.com\/ca\/wp-json\/wp\/v2\/types\/post"}],"author":[{"embeddable":true,"href":"https:\/\/tucomarca.whitekongsoftware.com\/ca\/wp-json\/wp\/v2\/users\/13"}],"replies":[{"embeddable":true,"href":"https:\/\/tucomarca.whitekongsoftware.com\/ca\/wp-json\/wp\/v2\/comments?post=263564"}],"version-history":[{"count":0,"href":"https:\/\/tucomarca.whitekongsoftware.com\/ca\/wp-json\/wp\/v2\/posts\/263564\/revisions"}],"wp:featuredmedia":[{"embeddable":true,"href":"https:\/\/tucomarca.whitekongsoftware.com\/ca\/wp-json\/wp\/v2\/media\/126023"}],"wp:attachment":[{"href":"https:\/\/tucomarca.whitekongsoftware.com\/ca\/wp-json\/wp\/v2\/media?parent=263564"}],"wp:term":[{"taxonomy":"category","embeddable":true,"href":"https:\/\/tucomarca.whitekongsoftware.com\/ca\/wp-json\/wp\/v2\/categories?post=263564"},{"taxonomy":"post_tag","embeddable":true,"href":"https:\/\/tucomarca.whitekongsoftware.com\/ca\/wp-json\/wp\/v2\/tags?post=263564"}],"curies":[{"name":"wp","href":"https:\/\/api.w.org\/{rel}","templated":true}]}}