{"id":263513,"date":"2025-04-30T09:45:00","date_gmt":"2025-04-30T07:45:00","guid":{"rendered":"https:\/\/www.tucomarca.com\/wordpress\/segunda\/?p=263513"},"modified":"2025-04-30T15:30:31","modified_gmt":"2025-04-30T13:30:31","slug":"bunyol-viura-un-mes-de-maig-cultural-i-comercial-que-omplira-els-seus-carrers-de-vida-i-dinamisme","status":"publish","type":"post","link":"https:\/\/tucomarca.whitekongsoftware.com\/ca\/bunyol-viura-un-mes-de-maig-cultural-i-comercial-que-omplira-els-seus-carrers-de-vida-i-dinamisme\/","title":{"rendered":"Bunyol viur\u00e0 un mes de maig cultural i comercial que omplir\u00e0 els seus carrers de vida i dinamisme"},"content":{"rendered":"\n<h3 class=\"wp-block-heading\">Dissabte que ve 3 de maig, a les 11.30 hores, la Pla\u00e7a del Poble acollir\u00e0 la Festa del Llibre organitzada per la regidoria de Cultura i la Llibreria Donya Leo.<\/h3>\n\n\n<div class=\"wp-block-image\">\n<figure class=\"alignleft size-large is-resized\"><img loading=\"lazy\" decoding=\"async\" width=\"819\" height=\"1024\" src=\"https:\/\/www.tucomarca.com\/wordpress\/segunda\/wp-content\/uploads\/2025\/04\/FiestadelLibro-819x1024.jpg\" alt=\"\" class=\"wp-image-263492\" style=\"width:347px;height:auto\" srcset=\"https:\/\/tucomarca.whitekongsoftware.com\/wp-content\/uploads\/2025\/04\/FiestadelLibro-819x1024.jpg 819w, https:\/\/tucomarca.whitekongsoftware.com\/wp-content\/uploads\/2025\/04\/FiestadelLibro-240x300.jpg 240w, https:\/\/tucomarca.whitekongsoftware.com\/wp-content\/uploads\/2025\/04\/FiestadelLibro-768x960.jpg 768w, https:\/\/tucomarca.whitekongsoftware.com\/wp-content\/uploads\/2025\/04\/FiestadelLibro.jpg 1080w\" sizes=\"auto, (max-width: 819px) 100vw, 819px\" \/><\/figure>\n<\/div>\n\n\n<p class=\"wp-block-paragraph\">Dissabte que ve 3 de maig, a les 11.30 hores, la Pla\u00e7a del Poble acollir\u00e0 la Festa del Llibre, on se celebrar\u00e0 una signatura de llibres amb diferents autors, acompanyada de m\u00fasica, dansa i teatre itinerant. La companyia Visitants Teatre presentar\u00e0 el seu espectacle \u201cTempus\u201d, en un recorregut que comen\u00e7ar\u00e0 a la Sala Raga i acabar\u00e0 en la Pla\u00e7a 5 de Mar\u00e7. L&#8217;esdeveniment est\u00e0 organitzat per la Regidoria de Cultura i la Llibreria Donya Leo.<\/p>\n\n\n\n<p class=\"wp-block-paragraph\">La cultura donar\u00e0 pas al comer\u00e7 els dies 9, 10 i 11 de maig al Parc del Planell, on tindr\u00e0 lloc la XVIII Fira del Comer\u00e7. Organitzada per l&#8217;Associaci\u00f3 de Comerciants, Buinsa i la Regidoria de Desenvolupament de l&#8217;Ajuntament de Bunyol, aquesta fira mostrar\u00e0 l&#8217;\u00e0mplia oferta de productes i serveis locals. (M\u00e9s informaci\u00f3 en el fullet informatiu).<\/p>\n\n\n<div class=\"wp-block-image\">\n<figure class=\"alignleft size-large is-resized\"><img loading=\"lazy\" decoding=\"async\" width=\"819\" height=\"1024\" src=\"https:\/\/www.tucomarca.com\/wordpress\/segunda\/wp-content\/uploads\/2025\/04\/FeriaComercio-819x1024.jpg\" alt=\"\" class=\"wp-image-263495\" style=\"width:350px;height:auto\" srcset=\"https:\/\/tucomarca.whitekongsoftware.com\/wp-content\/uploads\/2025\/04\/FeriaComercio-819x1024.jpg 819w, https:\/\/tucomarca.whitekongsoftware.com\/wp-content\/uploads\/2025\/04\/FeriaComercio-240x300.jpg 240w, https:\/\/tucomarca.whitekongsoftware.com\/wp-content\/uploads\/2025\/04\/FeriaComercio-768x960.jpg 768w, https:\/\/tucomarca.whitekongsoftware.com\/wp-content\/uploads\/2025\/04\/FeriaComercio-1228x1536.jpg 1228w, https:\/\/tucomarca.whitekongsoftware.com\/wp-content\/uploads\/2025\/04\/FeriaComercio.jpg 1421w\" sizes=\"auto, (max-width: 819px) 100vw, 819px\" \/><\/figure>\n<\/div>\n\n\n<p class=\"wp-block-paragraph\">La m\u00fasica tamb\u00e9 tindr\u00e0 un paper destacat el mes de maig. El dissabte 10 de maig, a les 19.00 hores, en el Palau de la M\u00fasica, la Banda Simf\u00f2nica del CIM L&#8217;Harm\u00f2nica oferir\u00e0 el seu tradicional Concert de Primavera. A m\u00e9s, el divendres 30 de maig, tamb\u00e9 a les 19.00 hores i en el mateix escenari, se celebrar\u00e0 un concert d&#8217;intercanvi amb la participaci\u00f3 de l&#8217;Orquestra del Conservatori Jos\u00e9 Iturbi de Val\u00e8ncia i la Banda Simf\u00f2nica del Conservatori Professional Sant Rafael de Bunyol, sota la direcci\u00f3 d&#8217;Eduardo Carrascosa. Tots dos esdeveniments s\u00f3n amb entrada gratu\u00efta.<\/p>\n\n\n\n<p class=\"wp-block-paragraph\">El teatre arribar\u00e0 de la m\u00e0 de la companyia P\u00e9rez i Disla, que presentar\u00e0 \u201cLa Sort\u201d el divendres 16 de maig, a les 20.00 hores, en el Teatre Montecarlo. Les entrades anticipades estan disponibles per 10 euros, i en taquilla costaran 12 euros. La venda anticipada es realitza en diversos punts de la localitat: Botiga de Roba i Complements Marina, Kiosko Desi (Vendes), Drogueria La Pla\u00e7a i la Biblioteca Municipal.<\/p>\n\n\n<div class=\"wp-block-image\">\n<figure class=\"alignleft size-large is-resized\"><img loading=\"lazy\" decoding=\"async\" width=\"712\" height=\"1024\" src=\"https:\/\/www.tucomarca.com\/wordpress\/segunda\/wp-content\/uploads\/2025\/04\/vdc2025-1-712x1024.jpg\" alt=\"\" class=\"wp-image-263497\" style=\"width:405px;height:auto\" srcset=\"https:\/\/tucomarca.whitekongsoftware.com\/wp-content\/uploads\/2025\/04\/vdc2025-1-712x1024.jpg 712w, https:\/\/tucomarca.whitekongsoftware.com\/wp-content\/uploads\/2025\/04\/vdc2025-1-209x300.jpg 209w, https:\/\/tucomarca.whitekongsoftware.com\/wp-content\/uploads\/2025\/04\/vdc2025-1-768x1104.jpg 768w, https:\/\/tucomarca.whitekongsoftware.com\/wp-content\/uploads\/2025\/04\/vdc2025-1-1068x1536.jpg 1068w, https:\/\/tucomarca.whitekongsoftware.com\/wp-content\/uploads\/2025\/04\/vdc2025-1-1425x2048.jpg 1425w, https:\/\/tucomarca.whitekongsoftware.com\/wp-content\/uploads\/2025\/04\/vdc2025-1-scaled.jpg 1781w\" sizes=\"auto, (max-width: 712px) 100vw, 712px\" \/><\/figure>\n<\/div>\n\n\n<p class=\"wp-block-paragraph\">Quant al cinema, el cicle &#8220;Viure de Cinema 2025&#8221; es desenvolupar\u00e0 del 8 de maig al 26 de juny al Cinema Montecarlo i el Palau de la M\u00fasica, amb projeccions setmanals de destacades pel\u00b7l\u00edcules a un preu popular de 3 euros. La inauguraci\u00f3 ser\u00e0 el dijous 8 de maig amb la projecci\u00f3 de \u201cEl 47\u201d. En les setmanes seg\u00fcents, es projectaran pel\u00b7l\u00edcules com \u201cAnora\u201d, \u201cFlow\u201d i \u201cEncara soc ac\u00ed\u201d.<\/p>\n\n\n\n<p class=\"wp-block-paragraph\">La Biblioteca P\u00fablica Municipal i el Molino de Gal\u00e0 tamb\u00e9 se sumen a la programaci\u00f3 cultural. El dijous 15 de maig, a les 19.00 hores a la Sala Raga, tindr\u00e0 lloc la presentaci\u00f3 del llibre \u201cExtramurs\u201d, a c\u00e0rrec de Jos\u00e9 Ram\u00f3n Cervera i Mari Carmen S\u00e1ez. El divendres 23 de maig, tamb\u00e9 a la Sala Raga, els m\u00e9s xicotets podran gaudir de l&#8217;espectacle infantil \u201cI jo m\u00e9s\u201d, de Kummerl\u00edn, dirigit a xiquets d&#8217;1 a 4 anys. Finalment, el divendres 30 de maig, el Club de Lectura organitzar\u00e0 una trobada amb l&#8217;autor Jos\u00e9 P\u00e9rez Ferr\u00fas per a parlar sobre la seua obra \u201cEl Blauet\u201d.<\/p>\n\n\n\n<p class=\"wp-block-paragraph\">Com a fermall final, el diumenge 11 de juny, a les 19.30 hores, el grup Lan\u00f6z presentar\u00e0 el seu espectacle musical \u201cBaktana\u201d, amb entrada gratu\u00efta, en una cita organitzada per la Regidoria de Cultura i el SARC.<\/p>\n\n\n\n<p class=\"wp-block-paragraph\">Maig a Bunyol \u00e9s un mes per a gaudir de la cultura, el comer\u00e7 i l&#8217;art en totes les seues formes.<\/p>\n\n\n\n<figure class=\"wp-block-gallery has-nested-images columns-default is-cropped wp-block-gallery-1 is-layout-flex wp-block-gallery-is-layout-flex\">\n<figure class=\"wp-block-image size-large\"><img loading=\"lazy\" decoding=\"async\" width=\"1001\" height=\"667\" data-id=\"263488\" src=\"https:\/\/www.tucomarca.com\/wordpress\/segunda\/wp-content\/uploads\/2025\/04\/190_baktana1.jpg-1001x667-1.jpg\" alt=\"\" class=\"wp-image-263488\" srcset=\"https:\/\/tucomarca.whitekongsoftware.com\/wp-content\/uploads\/2025\/04\/190_baktana1.jpg-1001x667-1.jpg 1001w, https:\/\/tucomarca.whitekongsoftware.com\/wp-content\/uploads\/2025\/04\/190_baktana1.jpg-1001x667-1-300x200.jpg 300w, https:\/\/tucomarca.whitekongsoftware.com\/wp-content\/uploads\/2025\/04\/190_baktana1.jpg-1001x667-1-768x512.jpg 768w\" sizes=\"auto, (max-width: 1001px) 100vw, 1001px\" \/><\/figure>\n\n\n\n<figure class=\"wp-block-image size-large\"><img loading=\"lazy\" decoding=\"async\" width=\"1001\" height=\"667\" data-id=\"263486\" src=\"https:\/\/www.tucomarca.com\/wordpress\/segunda\/wp-content\/uploads\/2025\/04\/190_baktana2.jpg-1001x667-1.jpg\" alt=\"\" class=\"wp-image-263486\" srcset=\"https:\/\/tucomarca.whitekongsoftware.com\/wp-content\/uploads\/2025\/04\/190_baktana2.jpg-1001x667-1.jpg 1001w, https:\/\/tucomarca.whitekongsoftware.com\/wp-content\/uploads\/2025\/04\/190_baktana2.jpg-1001x667-1-300x200.jpg 300w, https:\/\/tucomarca.whitekongsoftware.com\/wp-content\/uploads\/2025\/04\/190_baktana2.jpg-1001x667-1-768x512.jpg 768w\" sizes=\"auto, (max-width: 1001px) 100vw, 1001px\" \/><\/figure>\n<\/figure>\n","protected":false},"excerpt":{"rendered":"<div class=\"mh-excerpt\">Dissabte que ve 3 de maig, a les 11.30 hores, la Pla\u00e7a del Poble acollir\u00e0 la Festa del Llibre organitzada per la regidoria de Cultura i la Llibreria Donya Leo. Dissabte que ve 3 de <a class=\"mh-excerpt-more\" href=\"https:\/\/tucomarca.whitekongsoftware.com\/ca\/bunyol-viura-un-mes-de-maig-cultural-i-comercial-que-omplira-els-seus-carrers-de-vida-i-dinamisme\/\" title=\"Bunyol viur\u00e0 un mes de maig cultural i comercial que omplir\u00e0 els seus carrers de vida i dinamisme\">[+] <\/a><\/div>\n","protected":false},"author":12,"featured_media":263491,"comment_status":"open","ping_status":"open","sticky":false,"template":"","format":"standard","meta":{"footnotes":""},"categories":[11019,10911,10894,10912,11007,10896],"tags":[10913,14722,10914,22223],"class_list":["post-263513","post","type-post","status-publish","format-standard","has-post-thumbnail","category-agenda-ca","category-bunol-ca","category-la-comarca-ca","category-la-hoya-ca","category-ocio-y-cultura-ca","category-seccion-ca","tag-bunol-ca","tag-bunol-actua-ca","tag-la-hoya-de-bunol-chiva-ca","tag-mayo-ca"],"_links":{"self":[{"href":"https:\/\/tucomarca.whitekongsoftware.com\/ca\/wp-json\/wp\/v2\/posts\/263513","targetHints":{"allow":["GET"]}}],"collection":[{"href":"https:\/\/tucomarca.whitekongsoftware.com\/ca\/wp-json\/wp\/v2\/posts"}],"about":[{"href":"https:\/\/tucomarca.whitekongsoftware.com\/ca\/wp-json\/wp\/v2\/types\/post"}],"author":[{"embeddable":true,"href":"https:\/\/tucomarca.whitekongsoftware.com\/ca\/wp-json\/wp\/v2\/users\/12"}],"replies":[{"embeddable":true,"href":"https:\/\/tucomarca.whitekongsoftware.com\/ca\/wp-json\/wp\/v2\/comments?post=263513"}],"version-history":[{"count":0,"href":"https:\/\/tucomarca.whitekongsoftware.com\/ca\/wp-json\/wp\/v2\/posts\/263513\/revisions"}],"wp:featuredmedia":[{"embeddable":true,"href":"https:\/\/tucomarca.whitekongsoftware.com\/ca\/wp-json\/wp\/v2\/media\/263491"}],"wp:attachment":[{"href":"https:\/\/tucomarca.whitekongsoftware.com\/ca\/wp-json\/wp\/v2\/media?parent=263513"}],"wp:term":[{"taxonomy":"category","embeddable":true,"href":"https:\/\/tucomarca.whitekongsoftware.com\/ca\/wp-json\/wp\/v2\/categories?post=263513"},{"taxonomy":"post_tag","embeddable":true,"href":"https:\/\/tucomarca.whitekongsoftware.com\/ca\/wp-json\/wp\/v2\/tags?post=263513"}],"curies":[{"name":"wp","href":"https:\/\/api.w.org\/{rel}","templated":true}]}}