{"id":263463,"date":"2025-04-28T10:00:00","date_gmt":"2025-04-28T08:00:00","guid":{"rendered":"https:\/\/www.tucomarca.com\/wordpress\/segunda\/?p=263463"},"modified":"2025-04-29T09:36:15","modified_gmt":"2025-04-29T07:36:15","slug":"els-serveis-municipals-de-ledifici-del-portal-de-bunyol-reprenen-la-seua-activitat-en-la-seua-ubicacio-original","status":"publish","type":"post","link":"https:\/\/tucomarca.whitekongsoftware.com\/ca\/els-serveis-municipals-de-ledifici-del-portal-de-bunyol-reprenen-la-seua-activitat-en-la-seua-ubicacio-original\/","title":{"rendered":"Els serveis municipals de l&#8217;Edifici del Portal de Bunyol reprenen la seua activitat en la seua ubicaci\u00f3 original"},"content":{"rendered":"\n<p class=\"wp-block-paragraph\">Despr\u00e9s de diversos mesos d&#8217;obres de reparaci\u00f3, els serveis municipals que es trobaven en l&#8217;Edifici del Portal \u2014el Jutjat de pau, la Policia Local i els Serveis Socials\u2014 tornen aquest dilluns a les seues instal\u00b7lacions habituals.<\/p>\n\n\n\n<p class=\"wp-block-paragraph\">La DANA del passat 29 d&#8217;octubre va provocar danys en l&#8217;estructura de l&#8217;edifici, la qual cosa va obligar l&#8217;Ajuntament de Bunyol a traslladar provisionalment aquests serveis a altres depend\u00e8ncies municipals. Durant aquest temps, es van dur a terme importants treballs de recalce de la fonamentaci\u00f3 i reparaci\u00f3 dels danys ocasionats.<\/p>\n\n\n\n<p class=\"wp-block-paragraph\">Ara, despr\u00e9s de rebre l&#8217;informe favorable de l&#8217;Arquitecte Municipal que garanteix la seguretat de l&#8217;immoble, i mitjan\u00e7ant resoluci\u00f3 d&#8217;Alcaldia, s&#8217;ha autoritzat el retorn de tots els serveis a l&#8217;edifici.<\/p>\n\n\n\n<p class=\"wp-block-paragraph\">L&#8217;Ajuntament agraeix la comprensi\u00f3 de la ciutadania durant el temps que han durat els treballs, i celebra poder restablir la normalitat en l&#8217;atenci\u00f3 a la poblaci\u00f3 en les instal\u00b7lacions habituals.<\/p>\n","protected":false},"excerpt":{"rendered":"<div class=\"mh-excerpt\">Despr\u00e9s de diversos mesos d&#8217;obres de reparaci\u00f3, els serveis municipals que es trobaven en l&#8217;Edifici del Portal \u2014el Jutjat de pau, la Policia Local i els Serveis Socials\u2014 tornen aquest dilluns a les seues instal\u00b7lacions <a class=\"mh-excerpt-more\" href=\"https:\/\/tucomarca.whitekongsoftware.com\/ca\/els-serveis-municipals-de-ledifici-del-portal-de-bunyol-reprenen-la-seua-activitat-en-la-seua-ubicacio-original\/\" title=\"Els serveis municipals de l&#8217;Edifici del Portal de Bunyol reprenen la seua activitat en la seua ubicaci\u00f3 original\">[+] <\/a><\/div>\n","protected":false},"author":12,"featured_media":101254,"comment_status":"open","ping_status":"open","sticky":false,"template":"","format":"standard","meta":{"footnotes":""},"categories":[10911,21466,10898,10948,10894,10904,10912,10947,10896,10897],"tags":[10913,15409,22222,10914],"class_list":["post-263463","post","type-post","status-publish","format-standard","has-post-thumbnail","category-bunol-ca","category-dana-ca","category-ventana-ca","category-infraestructuras-ca","category-la-comarca-ca","category-sin-categorizar-ca","category-la-hoya-ca","category-politica","category-seccion-ca","category-sucesos-la-comarca-ca","tag-bunol-ca","tag-dana-2-ca","tag-edificio-el-portal-ca","tag-la-hoya-de-bunol-chiva-ca"],"_links":{"self":[{"href":"https:\/\/tucomarca.whitekongsoftware.com\/ca\/wp-json\/wp\/v2\/posts\/263463","targetHints":{"allow":["GET"]}}],"collection":[{"href":"https:\/\/tucomarca.whitekongsoftware.com\/ca\/wp-json\/wp\/v2\/posts"}],"about":[{"href":"https:\/\/tucomarca.whitekongsoftware.com\/ca\/wp-json\/wp\/v2\/types\/post"}],"author":[{"embeddable":true,"href":"https:\/\/tucomarca.whitekongsoftware.com\/ca\/wp-json\/wp\/v2\/users\/12"}],"replies":[{"embeddable":true,"href":"https:\/\/tucomarca.whitekongsoftware.com\/ca\/wp-json\/wp\/v2\/comments?post=263463"}],"version-history":[{"count":0,"href":"https:\/\/tucomarca.whitekongsoftware.com\/ca\/wp-json\/wp\/v2\/posts\/263463\/revisions"}],"wp:featuredmedia":[{"embeddable":true,"href":"https:\/\/tucomarca.whitekongsoftware.com\/ca\/wp-json\/wp\/v2\/media\/101254"}],"wp:attachment":[{"href":"https:\/\/tucomarca.whitekongsoftware.com\/ca\/wp-json\/wp\/v2\/media?parent=263463"}],"wp:term":[{"taxonomy":"category","embeddable":true,"href":"https:\/\/tucomarca.whitekongsoftware.com\/ca\/wp-json\/wp\/v2\/categories?post=263463"},{"taxonomy":"post_tag","embeddable":true,"href":"https:\/\/tucomarca.whitekongsoftware.com\/ca\/wp-json\/wp\/v2\/tags?post=263463"}],"curies":[{"name":"wp","href":"https:\/\/api.w.org\/{rel}","templated":true}]}}