{"id":263331,"date":"2025-04-25T08:00:00","date_gmt":"2025-04-25T06:00:00","guid":{"rendered":"https:\/\/www.tucomarca.com\/wordpress\/segunda\/?p=263331"},"modified":"2025-04-25T08:57:16","modified_gmt":"2025-04-25T06:57:16","slug":"alboraig-celebra-aquest-cap-de-setmana-la-segona-edicio-del-zorricos-fest-circ-cultura-i-diversio-per-a-tots-els-publics","status":"publish","type":"post","link":"https:\/\/tucomarca.whitekongsoftware.com\/ca\/alboraig-celebra-aquest-cap-de-setmana-la-segona-edicio-del-zorricos-fest-circ-cultura-i-diversio-per-a-tots-els-publics\/","title":{"rendered":"Alboraig celebra aquest cap de setmana la segona edici\u00f3 del Zorricos Fest: circ, cultura i diversi\u00f3 per a tots els p\u00fablics"},"content":{"rendered":"<div class=\"wp-block-image\">\n<figure class=\"alignleft size-full is-resized\"><img loading=\"lazy\" decoding=\"async\" width=\"772\" height=\"960\" src=\"http:\/\/www.tucomarca.com\/wordpress\/segunda\/wp-content\/uploads\/2025\/04\/ZorricosProgramacion.jpg\" alt=\"\" class=\"wp-image-260558\" style=\"width:389px;height:auto\" srcset=\"https:\/\/tucomarca.whitekongsoftware.com\/wp-content\/uploads\/2025\/04\/ZorricosProgramacion.jpg 772w, https:\/\/tucomarca.whitekongsoftware.com\/wp-content\/uploads\/2025\/04\/ZorricosProgramacion-241x300.jpg 241w, https:\/\/tucomarca.whitekongsoftware.com\/wp-content\/uploads\/2025\/04\/ZorricosProgramacion-768x955.jpg 768w\" sizes=\"auto, (max-width: 772px) 100vw, 772px\" \/><\/figure>\n<\/div>\n\n\n<p class=\"wp-block-paragraph\">El municipi d&#8217;Alboraig es convertir\u00e0 aquest cap de setmana en un gran escenari a l&#8217;aire lliure amb la segona edici\u00f3 del Zorricos Fest, un festival dedicat a l&#8217;art del circ al carrer que torna despr\u00e9s de l&#8217;\u00e8xit de la seua primera convocat\u00f2ria.<\/p>\n\n\n\n<p class=\"wp-block-paragraph\">Del 25 al 27 d&#8217;abril, des del divendres a la vesprada fins al diumenge a la nit, l&#8217;Ajuntament d&#8217;Alboraig i l&#8217;organitzaci\u00f3 del festival conviden a ve\u00efns, ve\u00efnes i visitants a gaudir d&#8217;una programaci\u00f3 plena d&#8217;espectacles, tallers i activitats per a totes les edats.<\/p>\n\n\n\n<p class=\"wp-block-paragraph\">Malabaristes, acr\u00f2bates, equilibristes i pallassos ompliran els carrers amb actuacions sorprenents, creant una experi\u00e8ncia \u00fanica que convertir\u00e0 Alboraig en l&#8217;epicentre del circ contemporani.<br>El festival tamb\u00e9 comptar\u00e0 amb un mercat ambulant d&#8217;artesania, on es podran trobar productes fets a m\u00e0, i una zona de food trucks amb propostes gastron\u00f2miques per a tots els gustos, incloent-hi opcions sense gl\u00fatens i vegetarianes.<\/p>\n\n\n\n<p class=\"wp-block-paragraph\">Els m\u00e9s xicotets podran gaudir de tallers de circ infantil i participar en un cercaviles col\u00b7laboratiu, vivint de prop la m\u00e0gia de l&#8217;espectacle i aprenent habilitats circenses com a malabars, equilibris i acrob\u00e0cies.<\/p>\n\n\n\n<p class=\"wp-block-paragraph\">El Zorricos Fest promet ser una cita inoblidable que aposta per la cultura, l&#8217;art al carrer i l&#8217;entreteniment familiar.<\/p>\n","protected":false},"excerpt":{"rendered":"<div class=\"mh-excerpt\">El municipi d&#8217;Alboraig es convertir\u00e0 aquest cap de setmana en un gran escenari a l&#8217;aire lliure amb la segona edici\u00f3 del Zorricos Fest, un festival dedicat a l&#8217;art del circ al carrer que torna despr\u00e9s <a class=\"mh-excerpt-more\" href=\"https:\/\/tucomarca.whitekongsoftware.com\/ca\/alboraig-celebra-aquest-cap-de-setmana-la-segona-edicio-del-zorricos-fest-circ-cultura-i-diversio-per-a-tots-els-publics\/\" title=\"Alboraig celebra aquest cap de setmana la segona edici\u00f3 del Zorricos Fest: circ, cultura i diversi\u00f3 per a tots els p\u00fablics\">[+] <\/a><\/div>\n","protected":false},"author":12,"featured_media":223137,"comment_status":"open","ping_status":"open","sticky":false,"template":"","format":"standard","meta":{"footnotes":""},"categories":[11019,10973,10912,11007,10896],"tags":[11224,10914,15856],"class_list":["post-263331","post","type-post","status-publish","format-standard","has-post-thumbnail","category-agenda-ca","category-alborache-ca","category-la-hoya-ca","category-ocio-y-cultura-ca","category-seccion-ca","tag-alborache-ca","tag-la-hoya-de-bunol-chiva-ca","tag-ocio-y-cultura-ca"],"_links":{"self":[{"href":"https:\/\/tucomarca.whitekongsoftware.com\/ca\/wp-json\/wp\/v2\/posts\/263331","targetHints":{"allow":["GET"]}}],"collection":[{"href":"https:\/\/tucomarca.whitekongsoftware.com\/ca\/wp-json\/wp\/v2\/posts"}],"about":[{"href":"https:\/\/tucomarca.whitekongsoftware.com\/ca\/wp-json\/wp\/v2\/types\/post"}],"author":[{"embeddable":true,"href":"https:\/\/tucomarca.whitekongsoftware.com\/ca\/wp-json\/wp\/v2\/users\/12"}],"replies":[{"embeddable":true,"href":"https:\/\/tucomarca.whitekongsoftware.com\/ca\/wp-json\/wp\/v2\/comments?post=263331"}],"version-history":[{"count":0,"href":"https:\/\/tucomarca.whitekongsoftware.com\/ca\/wp-json\/wp\/v2\/posts\/263331\/revisions"}],"wp:featuredmedia":[{"embeddable":true,"href":"https:\/\/tucomarca.whitekongsoftware.com\/ca\/wp-json\/wp\/v2\/media\/223137"}],"wp:attachment":[{"href":"https:\/\/tucomarca.whitekongsoftware.com\/ca\/wp-json\/wp\/v2\/media?parent=263331"}],"wp:term":[{"taxonomy":"category","embeddable":true,"href":"https:\/\/tucomarca.whitekongsoftware.com\/ca\/wp-json\/wp\/v2\/categories?post=263331"},{"taxonomy":"post_tag","embeddable":true,"href":"https:\/\/tucomarca.whitekongsoftware.com\/ca\/wp-json\/wp\/v2\/tags?post=263331"}],"curies":[{"name":"wp","href":"https:\/\/api.w.org\/{rel}","templated":true}]}}