{"id":263151,"date":"2025-04-23T11:30:00","date_gmt":"2025-04-23T09:30:00","guid":{"rendered":"https:\/\/www.tucomarca.com\/wordpress\/segunda\/?p=263151"},"modified":"2025-04-23T20:20:49","modified_gmt":"2025-04-23T18:20:49","slug":"el-consell-destina-mes-de-5-milions-deuros-a-la-inspeccio-dedificacions-i-a-lenderrocament-dhabitatges-danyats-per-la-dana","status":"publish","type":"post","link":"https:\/\/tucomarca.whitekongsoftware.com\/ca\/el-consell-destina-mes-de-5-milions-deuros-a-la-inspeccio-dedificacions-i-a-lenderrocament-dhabitatges-danyats-per-la-dana\/","title":{"rendered":"El Consell destina m\u00e9s de 5 milions d&#8217;euros a la inspecci\u00f3 d&#8217;edificacions i a l&#8217;enderrocament d&#8217;habitatges danyats per la DANA"},"content":{"rendered":"\n<h3 class=\"wp-block-heading\">El Ple ha aprovat\u00a0un decret d&#8217;ajudes urgents que preveu destinar fins a 16.000 euros per habitatge que haja de\u00a0ser demolida.<\/h3>\n\n\n\n<h3 class=\"wp-block-heading\">El Consell ha validat la contractaci\u00f3 de les obres de reconstrucci\u00f3 del Espai Labora-SEPE i del Centre de Formaci\u00f3 de Catarroja per 6,2 milions d&#8217;euros.<\/h3>\n\n\n\n<p class=\"wp-block-paragraph\">En concret, el Consell destina m\u00e9s de 4,5 milions d&#8217;euros per a&nbsp;la realitzaci\u00f3 d&#8217;inspeccions i actuacions t\u00e8cniques d&#8217;apuntalament d&#8217;edificacions d&#8217;habitatges afectats i que presenten risc per a les persones, que ve desenvolupant l&#8217;Institut Valenci\u00e0 de l&#8217;Edificaci\u00f3 (IVE) des dels primers dies despr\u00e9s de la riuada. A m\u00e9s, ha aprovat el decret d&#8217;ajudes urgents per a l&#8217;enderrocament d&#8217;habitatges, per un import total de 700.000 euros,&nbsp; pel qual es concediran subvencions directes de&nbsp;fins a 16.000 euros per edificaci\u00f3 que haja de ser demolida per danys derivats de la dana.&nbsp;<\/p>\n\n\n\n<p class=\"wp-block-paragraph\">Aix\u00ed ho ha destacat la vicepresidenta primera i consellera de Serveis Socials, Igualtat i Habitatge, Susana Camarero, qui ha explicat que l&#8217;IVE ha registrat fins a aquest moment 14.739 edificacions, de les quals 8.685 ja han sigut completament revisades, concloent que 67 han de ser demolides, de les quals 61 s\u00f3n habitatges unifamiliars i sis plurifamiliars. A m\u00e9s, s&#8217;han efectuat m\u00e9s de 200 apuntalaments.<\/p>\n\n\n\n<p class=\"wp-block-paragraph\">Aquest contracte validat pel Consell cobreix tamb\u00e9 la inspecci\u00f3 de 885 garatges que van quedar inundats, segons el llistat aportat per la Diputaci\u00f3 de Val\u00e8ncia d&#8217;aquells que va assumir la neteja. Fins al moment s&#8217;han finalitzat 461, i es preveu acabar en les pr\u00f2ximes setmanes.&nbsp;<\/p>\n\n\n\n<p class=\"wp-block-paragraph\">Cambrer ha assenyalat que \u201cen un primer moment es va establir que l&#8217;IVE realitzaria les inspeccions dels edificis i el Govern d&#8217;Espanya les abonaria, per\u00f2 despr\u00e9s el Govern ha decidit no abonar les inspeccions dels edificis que no comptaven amb segur, i ha sigut la Generalitat la que s&#8217;ha hagut de fer c\u00e0rrec de l&#8217;abonament d&#8217;eixes inspeccions\u201d.<\/p>\n\n\n\n<p class=\"wp-block-paragraph\">Aix\u00ed mateix, i com ja va anunciar ahir el president de la Generalitat, Carlos Maz\u00f3n, el Consell ha donat llum verda aquest dimarts al decret d&#8217;ajudes urgents per a la demolici\u00f3 d&#8217;habitatges o edificis d&#8217;habitatges destru\u00efts o greument danyats a conseq\u00fc\u00e8ncia del temporal del passat 29 d&#8217;octubre.<\/p>\n\n\n\n<p class=\"wp-block-paragraph\">Referent a aix\u00f2, Susana Camarero ha subratllat que \u201ces tracta d&#8217;ajudes directes a persones f\u00edsiques, jur\u00eddiques, comunitats de propietaris i societats cooperatives d&#8217;habitatges, amb habitatges destru\u00efts o greument afectades sense possibilitat de reparaci\u00f3 ni rehabilitaci\u00f3, amb la finalitat que es derroquen, i d&#8217;aquesta manera, agilitzar la volta a la normalitat de les zones afectades en el menor temps possible\u201d.<\/p>\n\n\n\n<h3 class=\"wp-block-heading\">Altres mesures dana<\/h3>\n\n\n\n<p class=\"wp-block-paragraph\">En la sessi\u00f3 del Ple extraordinari, s&#8217;ha donat llum verda a la declaraci\u00f3 d&#8217;emerg\u00e8ncia de la contractaci\u00f3 de les obres de reconstrucci\u00f3 del Espai Labora-SEPE i del Centre de Formaci\u00f3 de Catarroja afectats pel desbordament del barranc de la Saleta, per un import de 6,2 milions d&#8217;euros, en el marc de les actuacions d&#8217;emerg\u00e8ncia adoptades pel Govern valenci\u00e0 per a pal\u00b7liar els efectes de la dana.<\/p>\n\n\n\n<p class=\"wp-block-paragraph\">Les obres inclouen demolicions dels elements danyats, consolidaci\u00f3 d&#8217;altres elements i reparaci\u00f3 de fa\u00e7anes, fusteria, electricitat, lampisteria, serralleria, ascensors i altres equipaments. Cal recordar que Labora continua prestant els seus serveis a la ciutadania de la zona afectada a trav\u00e9s d&#8217;una oficina m\u00f2bil, que es quedar\u00e0 en el municipi fins que es reconstru\u00efsquen els centres.<\/p>\n\n\n\n<p class=\"wp-block-paragraph\">El Consell tamb\u00e9 ha aprovat l&#8217;assist\u00e8ncia t\u00e8cnica per a la gesti\u00f3 de les targetes \u201cRecuperem Val\u00e8ncia\u201d, un t\u00edtol de transport p\u00fablic gratu\u00eft per als residents de les 31 localitats m\u00e9s afectades que van perdre el seu vehicle durant el temporal, amb validesa fins al 31 de desembre de 2025.&nbsp;<\/p>\n\n\n\n<p class=\"wp-block-paragraph\">Aix\u00ed mateix, s&#8217;ha autoritzat un servei d&#8217;assist\u00e8ncia t\u00e8cnica per a la coordinaci\u00f3 i suport al contracte de diagn\u00f2stic anal\u00edtic de la repercussi\u00f3 de la dana sobre el Parc Natural de l&#8217;Albufera, complementari a l&#8217;aprovat en el Ple anterior.<\/p>\n\n\n\n<p class=\"wp-block-paragraph\">En un altre ordre d&#8217;assumptes, el Consell tamb\u00e9 ha validat un conveni de col\u00b7laboraci\u00f3 amb el Banc Bilbao Biscaia Argentaria per a l&#8217;organitzaci\u00f3 de l&#8217;exposici\u00f3 \u201cCl\u00e0ssics i Moderns. Obres mestres de la Col\u00b7lecci\u00f3 BBVA\u201d en el Museu de Belles Arts de Val\u00e8ncia, que acollir\u00e0 pintures dels segles XV al XX de Murillo, Zuloaga, Van Dyck, Goya, Brueghel o Sorolla, entre el 13 de novembre de 2025 i el 15 de febrer de 2026.<\/p>\n","protected":false},"excerpt":{"rendered":"<div class=\"mh-excerpt\">El Ple ha aprovat\u00a0un decret d&#8217;ajudes urgents que preveu destinar fins a 16.000 euros per habitatge que haja de\u00a0ser demolida. El Consell ha validat la contractaci\u00f3 de les obres de reconstrucci\u00f3 del Espai Labora-SEPE i <a class=\"mh-excerpt-more\" href=\"https:\/\/tucomarca.whitekongsoftware.com\/ca\/el-consell-destina-mes-de-5-milions-deuros-a-la-inspeccio-dedificacions-i-a-lenderrocament-dhabitatges-danyats-per-la-dana\/\" title=\"El Consell destina m\u00e9s de 5 milions d&#8217;euros a la inspecci\u00f3 d&#8217;edificacions i a l&#8217;enderrocament d&#8217;habitatges danyats per la DANA\">[+] <\/a><\/div>\n","protected":false},"author":13,"featured_media":263149,"comment_status":"open","ping_status":"open","sticky":false,"template":"","format":"standard","meta":{"footnotes":""},"categories":[21466,10898,10948,10894,10904,10903,10947,10896,10897],"tags":[15409,11199,11140],"class_list":["post-263151","post","type-post","status-publish","format-standard","has-post-thumbnail","category-dana-ca","category-ventana-ca","category-infraestructuras-ca","category-la-comarca-ca","category-sin-categorizar-ca","category-medio-ambiente-la-comarca-ca","category-politica","category-seccion-ca","category-sucesos-la-comarca-ca","tag-dana-2-ca","tag-la-comunitat-ca","tag-politica-ca"],"_links":{"self":[{"href":"https:\/\/tucomarca.whitekongsoftware.com\/ca\/wp-json\/wp\/v2\/posts\/263151","targetHints":{"allow":["GET"]}}],"collection":[{"href":"https:\/\/tucomarca.whitekongsoftware.com\/ca\/wp-json\/wp\/v2\/posts"}],"about":[{"href":"https:\/\/tucomarca.whitekongsoftware.com\/ca\/wp-json\/wp\/v2\/types\/post"}],"author":[{"embeddable":true,"href":"https:\/\/tucomarca.whitekongsoftware.com\/ca\/wp-json\/wp\/v2\/users\/13"}],"replies":[{"embeddable":true,"href":"https:\/\/tucomarca.whitekongsoftware.com\/ca\/wp-json\/wp\/v2\/comments?post=263151"}],"version-history":[{"count":0,"href":"https:\/\/tucomarca.whitekongsoftware.com\/ca\/wp-json\/wp\/v2\/posts\/263151\/revisions"}],"wp:featuredmedia":[{"embeddable":true,"href":"https:\/\/tucomarca.whitekongsoftware.com\/ca\/wp-json\/wp\/v2\/media\/263149"}],"wp:attachment":[{"href":"https:\/\/tucomarca.whitekongsoftware.com\/ca\/wp-json\/wp\/v2\/media?parent=263151"}],"wp:term":[{"taxonomy":"category","embeddable":true,"href":"https:\/\/tucomarca.whitekongsoftware.com\/ca\/wp-json\/wp\/v2\/categories?post=263151"},{"taxonomy":"post_tag","embeddable":true,"href":"https:\/\/tucomarca.whitekongsoftware.com\/ca\/wp-json\/wp\/v2\/tags?post=263151"}],"curies":[{"name":"wp","href":"https:\/\/api.w.org\/{rel}","templated":true}]}}