{"id":263034,"date":"2025-04-22T12:45:00","date_gmt":"2025-04-22T10:45:00","guid":{"rendered":"https:\/\/www.tucomarca.com\/wordpress\/segunda\/?p=263034"},"modified":"2025-04-22T15:06:00","modified_gmt":"2025-04-22T13:06:00","slug":"mazon-exigeix-prolongar-la-central-de-cofrents-i-destaca-el-paper-estrategic-de-lenergia-nuclear-en-la-transicio-cap-a-un-model-energetic-sostenible","status":"publish","type":"post","link":"https:\/\/tucomarca.whitekongsoftware.com\/ca\/mazon-exigeix-prolongar-la-central-de-cofrents-i-destaca-el-paper-estrategic-de-lenergia-nuclear-en-la-transicio-cap-a-un-model-energetic-sostenible\/","title":{"rendered":"Maz\u00f3n exigeix prolongar la central de Cofrents i destaca el paper estrat\u00e8gic de l&#8217;energia nuclear en la transici\u00f3 cap a un model energ\u00e8tic sostenible"},"content":{"rendered":"\n<h3 class=\"wp-block-heading\">Subratlla la necessitat de mantindre la producci\u00f3 nuclear que \u201caporta el 45% de l&#8217;energia de la Comunitat Valenciana i \u00e9s clau per al sector industrial, l&#8217;ocupaci\u00f3 i l&#8217;atracci\u00f3 d&#8217;inversions\u201d.<\/h3>\n\n\n\n<h3 class=\"wp-block-heading\">Reclama al Govern que \u201cestenga la vida \u00fatil de les centrals nuclears espanyoles, revise la seua fiscalitat\u201d, al mateix temps que lamenta el tancament per \u201cprejudicis ideol\u00f2gics\u201d d&#8217;una font energ\u00e8tica que s&#8217;ha demostrat que \u00e9s \u201cneta\u201d. \u00a0<\/h3>\n\n\n\n<h3 class=\"wp-block-heading\">Remarca l&#8217;aposta del Consell per les energies renovables com la solar, l&#8217;e\u00f2lica o l&#8217;hidrogen verd que sumades a la nuclear \u201creforcen el nostre sistema en aquest \u00e0mbit i ens permeta guanyar sobirania energ\u00e8tica per a no dependre de l&#8217;exterior\u201d.<\/h3>\n\n\n\n<p class=\"wp-block-paragraph\">El president de la Generalitat, Carlos Maz\u00f3n, ha exigit al Govern d&#8217;Espanya que \u201cprolongue la vida \u00fatil de la central nuclear de Cofrents m\u00e9s enll\u00e0 de 2030 perqu\u00e8 s&#8217;ha demostrat que \u00e9s una font energ\u00e8tica sostenible i primordial per al desenvolupament econ\u00f2mic i social del nostre territori\u201d.<\/p>\n\n\n\n<p class=\"wp-block-paragraph\">Aix\u00ed s&#8217;ha manifestat despr\u00e9s de la reuni\u00f3 que ha mantingut amb el president del Consell de Cambres de Comer\u00e7 de la Comunitat Valenciana, Jos\u00e9 Vicente Morata, en la qual han analitzat l&#8217;informe elaborat per la instituci\u00f3 cameral per a reclamar la morat\u00f2ria de la central nuclear de Cofrents.<\/p>\n\n\n\n<p class=\"wp-block-paragraph\">El cap del Consell ha defensat la necessitat de \u201cmantindre a curt i mitj\u00e0 termini l&#8217;energia generada per la planta de Cofrents que aporta el 45% de la producci\u00f3 el\u00e8ctrica del nostre territori, contribueix a estabilitzar els preus de l&#8217;electricitat i garanteix l&#8217;activitat dels nostres sectors industrials\u201d.<\/p>\n\n\n\n<p class=\"wp-block-paragraph\">Sobre aquest tema, l&#8217;informe de la Cambra assenyala que el tancament de Cofrents implicaria un seri\u00f3s risc per a l&#8217;operativitat de m\u00e9s de 12.000 empreses industrials altament dependents del subministrament el\u00e8ctric, que generen 184.000 ocupacions directes i condicionen 235.000 ocupacions indirectes.&nbsp;<\/p>\n\n\n\n<p class=\"wp-block-paragraph\">En concret, sectors com la ind\u00fastria qu\u00edmica, cer\u00e0mica, metal\u00b7l\u00fargica, aliment\u00e0ria i del pl\u00e0stic serien els m\u00e9s afectats, en assumir increments de costos energ\u00e8tics i una p\u00e8rdua de competitivitat exterior, segons el citat informe.&nbsp;<\/p>\n\n\n\n<p class=\"wp-block-paragraph\">El president ha expressat la necessitat d&#8217;assegurar en la Comunitat Valenciana \u201cun subministrament energ\u00e8tic estable i avan\u00e7ar en la sobirania energ\u00e8tica per a continuar atraient inversions al nostre territori que creen ocupaci\u00f3 i riquesa per \u00e9s l&#8217;avantsala de millors pol\u00edtiques socials\u201d.&nbsp;<\/p>\n\n\n\n<p class=\"wp-block-paragraph\">En aquesta l\u00ednia, l&#8217;estudi de la Cambra estima que la clausura de la central de Cofrents suposaria renunciar a 450 milions d&#8217;euros d&#8217;inversi\u00f3 en la d\u00e8cada vinent, aix\u00ed com a importants ingressos tributaris i al posicionament estrat\u00e8gic de la Comunitat Valenciana en mat\u00e8ria energ\u00e8tica, que \u201cno ens podem permetre\u201d, ha afegit Maz\u00f3n.<\/p>\n\n\n\n<p class=\"wp-block-paragraph\"><strong>Front com\u00fa per a frenar el tancament per motius ideol\u00f2gics<\/strong><\/p>\n\n\n\n<p class=\"wp-block-paragraph\">D&#8217;aquesta manera, el cap del Consell ha expressat el seu comprom\u00eds per a \u201cfer un front com\u00fa social, econ\u00f2mic i institucional\u201d a favor de la prolongaci\u00f3 de la vida \u00fatil de les centrals nuclears espanyoles com Cofrents i Almaraz (Extremadura).<\/p>\n\n\n\n<p class=\"wp-block-paragraph\">Aix\u00ed, Maz\u00f3n ha apel\u00b7lat \u201cal di\u00e0leg i el consens\u201d amb les comunitats aut\u00f2nomes en lloc d&#8217;una pol\u00edtica energ\u00e8tica\u201d a esquena de les autonomies perqu\u00e8 afecta la competitivitat del conjunt d&#8217;Espanya\u201d,<\/p>\n\n\n\n<p class=\"wp-block-paragraph\">Per aix\u00f2, ha sol\u00b7licitat al Ministeri de Transici\u00f3 Ecol\u00f2gica que \u201crevise el calendari de tancament previst, accepte una morat\u00f2ria amb el temps suficient d&#8217;antelaci\u00f3 i abandone els prejudicis ideol\u00f2gics cap a una energia sostenible per la qual estan apostant altres pa\u00efsos com el Regne Unit i Su\u00e8cia\u201d.<\/p>\n\n\n\n<p class=\"wp-block-paragraph\">Maz\u00f3n tamb\u00e9 ha coincidit amb la Cambra de Comer\u00e7 en la necessitat de revisar la fiscalitat de Cofrents que est\u00e0 sent penalitzada amb impostos espec\u00edfics que distorsionen la seua competitivitat i desincentiva la seua explotaci\u00f3 econ\u00f2mica per les operadores.&nbsp;<\/p>\n\n\n\n<p class=\"wp-block-paragraph\">Aix\u00ed mateix, ha advocat per simplificar els tr\u00e0mits burocr\u00e0tics relacionats amb el Pacte Verd Europeu, augmentar les inversions p\u00fabliques i privades en innovaci\u00f3 en aquest camp i accelerar el desplegament d&#8217;energia renovable en coexist\u00e8ncia amb l&#8217;energia nuclear.<\/p>\n\n\n\n<figure class=\"wp-block-image size-large\"><img loading=\"lazy\" decoding=\"async\" width=\"1024\" height=\"683\" src=\"https:\/\/www.tucomarca.com\/wordpress\/segunda\/wp-content\/uploads\/2025\/04\/GVA_Cofrentes-1024x683.jpeg\" alt=\"\" class=\"wp-image-263030\" srcset=\"https:\/\/tucomarca.whitekongsoftware.com\/wp-content\/uploads\/2025\/04\/GVA_Cofrentes-1024x683.jpeg 1024w, https:\/\/tucomarca.whitekongsoftware.com\/wp-content\/uploads\/2025\/04\/GVA_Cofrentes-300x200.jpeg 300w, https:\/\/tucomarca.whitekongsoftware.com\/wp-content\/uploads\/2025\/04\/GVA_Cofrentes-768x512.jpeg 768w, https:\/\/tucomarca.whitekongsoftware.com\/wp-content\/uploads\/2025\/04\/GVA_Cofrentes-1536x1024.jpeg 1536w, https:\/\/tucomarca.whitekongsoftware.com\/wp-content\/uploads\/2025\/04\/GVA_Cofrentes-2048x1366.jpeg 2048w\" sizes=\"auto, (max-width: 1024px) 100vw, 1024px\" \/><\/figure>\n\n\n\n<p class=\"wp-block-paragraph\"><strong>Un model energ\u00e8tic sostenible i equilibrat<\/strong><\/p>\n\n\n\n<p class=\"wp-block-paragraph\">El president ha asseverat la \u201cferma aposta de la Generalitat per avan\u00e7ar en un model energ\u00e8tic que combine les energies renovables com la solar, l&#8217;e\u00f2lica, i l&#8217;hidrogen verd, al costat d&#8217;altres com la nuclear, per a refor\u00e7ar el nostre sistema el\u00e8ctric i guanyar en sobirania energ\u00e8tica per a no dependre de l&#8217;exterior\u201d.<\/p>\n\n\n\n<p class=\"wp-block-paragraph\">En aquesta l\u00ednia, ha reiterat el comprom\u00eds del Consell per facilitar una transici\u00f3 energ\u00e8tica \u201cjusta, rigorosa i necess\u00e0ria\u201d per al que ha posat en valor mesures com el decret llei de Simplificaci\u00f3 Administrativa per \u201cacurtar terminis, eliminar traves i agilitzar la tramitaci\u00f3 que estan donant resultats cap a eixe model energ\u00e8tic sostenible\u201d.<\/p>\n\n\n\n<p class=\"wp-block-paragraph\">Aix\u00ed, cal ressaltar que en un any la Generalitat ha comen\u00e7at a tramitar 181 expedients d&#8217;instal\u00b7lacions fotovoltaiques i s&#8217;han autoritzat 74 parcs amb una pot\u00e8ncia de 1.200 megavats (MW).<\/p>\n\n\n\n<p class=\"wp-block-paragraph\">Maz\u00f3n ha lamentat \u201cels anys de col\u00b7lapse de l&#8217;anterior equip de govern que no ens ha perm\u00e9s aprofitar tot el potencial del nostre territori que compta amb 300 dies de sol a l&#8217;any, una orografia id\u00f2nia per a l&#8217;aprofitament e\u00f2lic i unes empreses de refer\u00e8ncia i avantguarda\u201d.<\/p>\n","protected":false},"excerpt":{"rendered":"<div class=\"mh-excerpt\">Subratlla la necessitat de mantindre la producci\u00f3 nuclear que \u201caporta el 45% de l&#8217;energia de la Comunitat Valenciana i \u00e9s clau per al sector industrial, l&#8217;ocupaci\u00f3 i l&#8217;atracci\u00f3 d&#8217;inversions\u201d. Reclama al Govern que \u201cestenga la <a class=\"mh-excerpt-more\" href=\"https:\/\/tucomarca.whitekongsoftware.com\/ca\/mazon-exigeix-prolongar-la-central-de-cofrents-i-destaca-el-paper-estrategic-de-lenergia-nuclear-en-la-transicio-cap-a-un-model-energetic-sostenible\/\" title=\"Maz\u00f3n exigeix prolongar la central de Cofrents i destaca el paper estrat\u00e8gic de l&#8217;energia nuclear en la transici\u00f3 cap a un model energ\u00e8tic sostenible\">[+] <\/a><\/div>\n","protected":false},"author":13,"featured_media":263001,"comment_status":"open","ping_status":"open","sticky":false,"template":"","format":"standard","meta":{"footnotes":""},"categories":[10951,10955,10898,10948,10894,10904,10903,10947,10896],"tags":[11216,11480,12903,11199,12166],"class_list":["post-263034","post","type-post","status-publish","format-standard","has-post-thumbnail","category-ayora-cofrentes-ca","category-cofrentes-ca","category-ventana-ca","category-infraestructuras-ca","category-la-comarca-ca","category-sin-categorizar-ca","category-medio-ambiente-la-comarca-ca","category-politica","category-seccion-ca","tag-ayora-cofrentes-ca","tag-cofrentes-ca","tag-infraestructuras-ca","tag-la-comunitat-ca","tag-medio-ambiente-ca"],"_links":{"self":[{"href":"https:\/\/tucomarca.whitekongsoftware.com\/ca\/wp-json\/wp\/v2\/posts\/263034","targetHints":{"allow":["GET"]}}],"collection":[{"href":"https:\/\/tucomarca.whitekongsoftware.com\/ca\/wp-json\/wp\/v2\/posts"}],"about":[{"href":"https:\/\/tucomarca.whitekongsoftware.com\/ca\/wp-json\/wp\/v2\/types\/post"}],"author":[{"embeddable":true,"href":"https:\/\/tucomarca.whitekongsoftware.com\/ca\/wp-json\/wp\/v2\/users\/13"}],"replies":[{"embeddable":true,"href":"https:\/\/tucomarca.whitekongsoftware.com\/ca\/wp-json\/wp\/v2\/comments?post=263034"}],"version-history":[{"count":0,"href":"https:\/\/tucomarca.whitekongsoftware.com\/ca\/wp-json\/wp\/v2\/posts\/263034\/revisions"}],"wp:featuredmedia":[{"embeddable":true,"href":"https:\/\/tucomarca.whitekongsoftware.com\/ca\/wp-json\/wp\/v2\/media\/263001"}],"wp:attachment":[{"href":"https:\/\/tucomarca.whitekongsoftware.com\/ca\/wp-json\/wp\/v2\/media?parent=263034"}],"wp:term":[{"taxonomy":"category","embeddable":true,"href":"https:\/\/tucomarca.whitekongsoftware.com\/ca\/wp-json\/wp\/v2\/categories?post=263034"},{"taxonomy":"post_tag","embeddable":true,"href":"https:\/\/tucomarca.whitekongsoftware.com\/ca\/wp-json\/wp\/v2\/tags?post=263034"}],"curies":[{"name":"wp","href":"https:\/\/api.w.org\/{rel}","templated":true}]}}