{"id":262980,"date":"2025-04-22T10:00:00","date_gmt":"2025-04-22T08:00:00","guid":{"rendered":"https:\/\/www.tucomarca.com\/wordpress\/segunda\/?p=262980"},"modified":"2025-04-22T14:36:50","modified_gmt":"2025-04-22T12:36:50","slug":"benaguasil-dona-inici-a-una-nova-edicio-del-campus-de-pasqua","status":"publish","type":"post","link":"https:\/\/tucomarca.whitekongsoftware.com\/ca\/benaguasil-dona-inici-a-una-nova-edicio-del-campus-de-pasqua\/","title":{"rendered":"Benaguasil dona inici a una nova edici\u00f3 del Campus de Pasqua"},"content":{"rendered":"\n<h3 class=\"wp-block-heading\">Es desenvolupar\u00e0 fins al 25 d&#8217;abril per a ajudar els pares i mares a conciliar la vida laboral amb la familiar.<\/h3>\n\n\n\n<p class=\"wp-block-paragraph\">L&#8217;Ajuntament de Benaguasil ha donat inici al Campus de Pasqua, una iniciativa municipal gratu\u00efta l&#8217;objectiu de la qual \u00e9s facilitar la conciliaci\u00f3 familiar i laboral durant les vacances escolars dels xiquets.<\/p>\n\n\n\n<p class=\"wp-block-paragraph\">El Campus que, es desenvolupar\u00e0 fins al 25 d&#8217;abril en les instal\u00b7lacions del CEIP Luis Vives, est\u00e0 dirigit a xiquets i xiquetes de 3 a 14 anys, sent un total de 170 els menors inscrits. Durant aquests dies l&#8217;alumnat realitzar\u00e0 activitats pl\u00e0stiques relacionades amb la Pasqua, a m\u00e9s de jocs populars i esportius i moltes altres propostes per a satisfer les seues necessitats d&#8217;oci i entreteniment.<\/p>\n\n\n\n<p class=\"wp-block-paragraph\">Coincidint amb el primer dia d&#8217;activitat la regidora d&#8217;Educaci\u00f3, Rosa Cervera, ha visitat a l&#8217;alumnat participant per a donar-los la benvinguda, con\u00e9ixer de primer m\u00e0 la marxa d&#8217;aquesta iniciativa que desenvolupa el govern municipal i animar-los a gaudir de totes les activitats programades.<\/p>\n\n\n\n<p class=\"wp-block-paragraph\">Es tracta d&#8217;un programa consolidat que, d&#8217;una banda permet la conciliaci\u00f3 de les fam\u00edlies i per un altre que els m\u00e9s xicotets gaudisquen de manera l\u00fadica amb activitats culturals, d&#8217;oci i educatives durant aquests dies de vacances. En aquest sentit la regidora ha destacat el \u201cbon acolliment d&#8217;aquest servei que ajuda els pares i mares a conciliar la vida laboral amb la familiar, sent una prioritat per a l&#8217;Ajuntament oferir aquest tipus d&#8217;activitats quan tanquen els col\u00b7legis com a alternativa a aquests dies festius\u201d.<\/p>\n\n\n\n<figure class=\"wp-block-image size-large\"><img loading=\"lazy\" decoding=\"async\" width=\"1024\" height=\"683\" src=\"http:\/\/www.tucomarca.com\/wordpress\/segunda\/wp-content\/uploads\/2025\/04\/Benaguasil_CampusPascua01-1024x683.jpg\" alt=\"\" class=\"wp-image-262975\" srcset=\"https:\/\/tucomarca.whitekongsoftware.com\/wp-content\/uploads\/2025\/04\/Benaguasil_CampusPascua01-1024x683.jpg 1024w, https:\/\/tucomarca.whitekongsoftware.com\/wp-content\/uploads\/2025\/04\/Benaguasil_CampusPascua01-300x200.jpg 300w, https:\/\/tucomarca.whitekongsoftware.com\/wp-content\/uploads\/2025\/04\/Benaguasil_CampusPascua01-768x512.jpg 768w, https:\/\/tucomarca.whitekongsoftware.com\/wp-content\/uploads\/2025\/04\/Benaguasil_CampusPascua01-1536x1024.jpg 1536w, https:\/\/tucomarca.whitekongsoftware.com\/wp-content\/uploads\/2025\/04\/Benaguasil_CampusPascua01.jpg 1600w\" sizes=\"auto, (max-width: 1024px) 100vw, 1024px\" \/><\/figure>\n","protected":false},"excerpt":{"rendered":"<div class=\"mh-excerpt\">Es desenvolupar\u00e0 fins al 25 d&#8217;abril per a ajudar els pares i mares a conciliar la vida laboral amb la familiar. L&#8217;Ajuntament de Benaguasil ha donat inici al Campus de Pasqua, una iniciativa municipal gratu\u00efta <a class=\"mh-excerpt-more\" href=\"https:\/\/tucomarca.whitekongsoftware.com\/ca\/benaguasil-dona-inici-a-una-nova-edicio-del-campus-de-pasqua\/\" title=\"Benaguasil dona inici a una nova edici\u00f3 del Campus de Pasqua\">[+] <\/a><\/div>\n","protected":false},"author":13,"featured_media":262978,"comment_status":"open","ping_status":"open","sticky":false,"template":"","format":"standard","meta":{"footnotes":""},"categories":[10952,10892,10894,11007,10896],"tags":[11136,10899,15856],"class_list":["post-262980","post","type-post","status-publish","format-standard","has-post-thumbnail","category-benaguasil-ca","category-camp-de-turia-ca","category-la-comarca-ca","category-ocio-y-cultura-ca","category-seccion-ca","tag-benaguasil-ca","tag-camp-de-turia-ca","tag-ocio-y-cultura-ca"],"_links":{"self":[{"href":"https:\/\/tucomarca.whitekongsoftware.com\/ca\/wp-json\/wp\/v2\/posts\/262980","targetHints":{"allow":["GET"]}}],"collection":[{"href":"https:\/\/tucomarca.whitekongsoftware.com\/ca\/wp-json\/wp\/v2\/posts"}],"about":[{"href":"https:\/\/tucomarca.whitekongsoftware.com\/ca\/wp-json\/wp\/v2\/types\/post"}],"author":[{"embeddable":true,"href":"https:\/\/tucomarca.whitekongsoftware.com\/ca\/wp-json\/wp\/v2\/users\/13"}],"replies":[{"embeddable":true,"href":"https:\/\/tucomarca.whitekongsoftware.com\/ca\/wp-json\/wp\/v2\/comments?post=262980"}],"version-history":[{"count":0,"href":"https:\/\/tucomarca.whitekongsoftware.com\/ca\/wp-json\/wp\/v2\/posts\/262980\/revisions"}],"wp:featuredmedia":[{"embeddable":true,"href":"https:\/\/tucomarca.whitekongsoftware.com\/ca\/wp-json\/wp\/v2\/media\/262978"}],"wp:attachment":[{"href":"https:\/\/tucomarca.whitekongsoftware.com\/ca\/wp-json\/wp\/v2\/media?parent=262980"}],"wp:term":[{"taxonomy":"category","embeddable":true,"href":"https:\/\/tucomarca.whitekongsoftware.com\/ca\/wp-json\/wp\/v2\/categories?post=262980"},{"taxonomy":"post_tag","embeddable":true,"href":"https:\/\/tucomarca.whitekongsoftware.com\/ca\/wp-json\/wp\/v2\/tags?post=262980"}],"curies":[{"name":"wp","href":"https:\/\/api.w.org\/{rel}","templated":true}]}}