{"id":262954,"date":"2025-04-22T11:00:00","date_gmt":"2025-04-22T09:00:00","guid":{"rendered":"https:\/\/www.tucomarca.com\/wordpress\/segunda\/?p=262954"},"modified":"2025-04-22T14:11:13","modified_gmt":"2025-04-22T12:11:13","slug":"la-diputacio-de-valencia-continua-condicionant-lentorn-en-la-cv-427-despres-dobrir-el-pont-del-de-la-jarra-bunyol","status":"publish","type":"post","link":"https:\/\/tucomarca.whitekongsoftware.com\/ca\/la-diputacio-de-valencia-continua-condicionant-lentorn-en-la-cv-427-despres-dobrir-el-pont-del-de-la-jarra-bunyol\/","title":{"rendered":"La Diputaci\u00f3 de Val\u00e8ncia continua condicionant l&#8217;entorn en la CV-427 despr\u00e9s d&#8217;obrir el pont de &#8216;la Jarra&#8217; a Bunyol"},"content":{"rendered":"\n<h3 class=\"wp-block-heading\">L&#8217;estructura se situa en el sud de la poblaci\u00f3, i connecta les zones est i oest del nucli urb\u00e0 en una carretera que actua com a circumval\u00b7laci\u00f3.<\/h3>\n\n\n\n<h3 class=\"wp-block-heading\">La diputada de Carreteres, Reme Mazzolari explica que explica que \u201cs&#8217;ha optat per una obertura provisional, ja que les caracter\u00edstiques de la intervenci\u00f3 fan compatible el pas de vehicles amb les obres pendents de refor\u00e7 i habilitaci\u00f3 d&#8217;un pas per als vianants\u201d.<\/h3>\n\n\n\n<p class=\"wp-block-paragraph\">L&#8217;obertura provisional del pont sobre el riu Bu\u00f1ol en la CV-427, conegut com el \u2018puente de la Jarra\u2019, permet ja el pas de vehicles mentres l&#8217;\u00e0rea de Carreteres de la Diputaci\u00f3 de Val\u00e8ncia continua amb els treballs de condicionament de l&#8217;entorn d&#8217;esta infraestructura que va ser afectada per la dana d&#8217;octubre.<\/p>\n\n\n\n<p class=\"wp-block-paragraph\">L&#8217;estructura se situa sobre el punt quilom\u00e8tric 5+882 de la carretera, i se situa prop del paratge amb el mateix nom, al sud del nucli urb\u00e0. Per eixe motiu es treballa ja en l&#8217;habilitaci\u00f3 d&#8217;un pas per als vianants que permeta accedir de manera segura des del nucli poblacional fins a esta zona molt transitada, la qual \u00e9s un dels exemples del patrimoni natural del municipi, junt a altres enclavaments com la \u2018cueva del Turche\u2019 o el Castell.<\/p>\n\n\n\n<p class=\"wp-block-paragraph\">Reme Mazzolari, diputada provincial de Carreteres, explica que \u201cles caracter\u00edstiques de la intervenci\u00f3 a l&#8217;entorn del pont feien compatible l&#8217;obertura al tr\u00e0nsit amb la continuaci\u00f3 de les obres de refor\u00e7 i d&#8217;habilitaci\u00f3 del pas per a vianants\u201d, i subratlla que \u201cl&#8217;objectiu era que estiguera operatiu ja durant els dies de Setmana Santa, en els quals la poblaci\u00f3 del municipi creix, i per tant, hi ha major circulaci\u00f3 de vehicles\u201d.<\/p>\n\n\n\n<p class=\"wp-block-paragraph\">Mazzolari recorda que \u201cen esta mateixa carretera CV-427, que comunica els municipis de Bu\u00f1ol i Y\u00e1tova, tamb\u00e9 s&#8217;est\u00e0 actuant en altres dos trams pr\u00f2xims al pont, a trav\u00e9s d\u2019un dels contractes d&#8217;emerg\u00e8ncia per a la reparaci\u00f3 de carreteres que es van activar dies 48 hores despr\u00e9s de les pluges torrencials\u201d.<\/p>\n\n\n\n<p class=\"wp-block-paragraph\">En este sentit, la tamb\u00e9 vicepresidenta segona de la Diputaci\u00f3 assenyala que \u201cla Hoya de Bu\u00f1ol-Chiva \u00e9s una de les comarques amb m\u00e9s carreteres danyades per la dana\u201d i incidix en \u201cla import\u00e0ncia de recuperar a poc a poc la mobilitat per a ve\u00efns i visitants, cosa que repercutix en tots els \u00e0mbits: econ\u00f2mic, social i emocional\u201d.<\/p>\n\n\n\n<figure class=\"wp-block-image size-large\"><img loading=\"lazy\" decoding=\"async\" width=\"1024\" height=\"768\" src=\"http:\/\/www.tucomarca.com\/wordpress\/segunda\/wp-content\/uploads\/2025\/04\/Puentelajarra2-1024x768.jpeg\" alt=\"\" class=\"wp-image-262949\" srcset=\"https:\/\/tucomarca.whitekongsoftware.com\/wp-content\/uploads\/2025\/04\/Puentelajarra2-1024x768.jpeg 1024w, https:\/\/tucomarca.whitekongsoftware.com\/wp-content\/uploads\/2025\/04\/Puentelajarra2-300x225.jpeg 300w, https:\/\/tucomarca.whitekongsoftware.com\/wp-content\/uploads\/2025\/04\/Puentelajarra2-768x576.jpeg 768w, https:\/\/tucomarca.whitekongsoftware.com\/wp-content\/uploads\/2025\/04\/Puentelajarra2-1536x1152.jpeg 1536w, https:\/\/tucomarca.whitekongsoftware.com\/wp-content\/uploads\/2025\/04\/Puentelajarra2-678x509.jpeg 678w, https:\/\/tucomarca.whitekongsoftware.com\/wp-content\/uploads\/2025\/04\/Puentelajarra2-326x245.jpeg 326w, https:\/\/tucomarca.whitekongsoftware.com\/wp-content\/uploads\/2025\/04\/Puentelajarra2-80x60.jpeg 80w, https:\/\/tucomarca.whitekongsoftware.com\/wp-content\/uploads\/2025\/04\/Puentelajarra2.jpeg 2040w\" sizes=\"auto, (max-width: 1024px) 100vw, 1024px\" \/><\/figure>\n\n\n\n<p class=\"wp-block-paragraph\"><strong>Un mili\u00f3 d&#8217;euros per a actuacions de refor\u00e7 i condicionament<\/strong><\/p>\n\n\n\n<p class=\"wp-block-paragraph\">L&#8217;estructura sobre el riu Bu\u00f1ol \u00e9s un pont hist\u00f2ric constru\u00eft amb blocs de pedra tallada i tres obertures per al pas de l&#8217;aigua, els danys de la qual afecten especialment en la seua part superior, en un dels seus murs laterals i a l&#8217;interior que li proporciona estabilitat.<\/p>\n\n\n\n<p class=\"wp-block-paragraph\">La intervenci\u00f3 de la Diputaci\u00f3 ha perm\u00e9s reconstruir ja el mur de pedra afectat, emplenar el seu interior i repavimentar tota la superf\u00edcie del pont. A m\u00e9s, s&#8217;han instal\u00b7lat noves barreres de seguretat a banda i banda per a protegir els vehicles.&nbsp;<\/p>\n\n\n\n<p class=\"wp-block-paragraph\">Gr\u00e0cies a estes actuacions, la carretera pot reobrir-se al tr\u00e0nsit de manera provisional, mentres es completen les \u00faltimes tasques a l&#8217;entorn del pont i en el propi llit del riu. Durant les pr\u00f2ximes setmanes continuaran els treballs per a refor\u00e7ar l&#8217;estructura enfront de possibles riuades, la col\u00b7locaci\u00f3 d&#8217;un mantell d&#8217;escullera en el llit i habilitar el pas per als vianants.<\/p>\n\n\n\n<p class=\"wp-block-paragraph\">L&#8217;actuaci\u00f3, que executa l&#8217;empresa Rover Infraestructures S. A., compta amb una inversi\u00f3 de 980.000 euros.<\/p>\n","protected":false},"excerpt":{"rendered":"<div class=\"mh-excerpt\">L&#8217;estructura se situa en el sud de la poblaci\u00f3, i connecta les zones est i oest del nucli urb\u00e0 en una carretera que actua com a circumval\u00b7laci\u00f3. La diputada de Carreteres, Reme Mazzolari explica que <a class=\"mh-excerpt-more\" href=\"https:\/\/tucomarca.whitekongsoftware.com\/ca\/la-diputacio-de-valencia-continua-condicionant-lentorn-en-la-cv-427-despres-dobrir-el-pont-del-de-la-jarra-bunyol\/\" title=\"La Diputaci\u00f3 de Val\u00e8ncia continua condicionant l&#8217;entorn en la CV-427 despr\u00e9s d&#8217;obrir el pont de &#8216;la Jarra&#8217; a Bunyol\">[+] <\/a><\/div>\n","protected":false},"author":1,"featured_media":262951,"comment_status":"open","ping_status":"open","sticky":false,"template":"","format":"gallery","meta":{"footnotes":""},"categories":[10911,21466,10898,10948,10894,10904,10912,10903,10947,10896,10897],"tags":[10913,22210,11246,22211,10914,21526],"class_list":["post-262954","post","type-post","status-publish","format-gallery","has-post-thumbnail","category-bunol-ca","category-dana-ca","category-ventana-ca","category-infraestructuras-ca","category-la-comarca-ca","category-sin-categorizar-ca","category-la-hoya-ca","category-medio-ambiente-la-comarca-ca","category-politica","category-seccion-ca","category-sucesos-la-comarca-ca","tag-bunol-ca","tag-cv-427-ca","tag-diputacio-de-valencia-ca","tag-jarra-ca","tag-la-hoya-de-bunol-chiva-ca","tag-puente-ca","post_format-post-format-gallery"],"_links":{"self":[{"href":"https:\/\/tucomarca.whitekongsoftware.com\/ca\/wp-json\/wp\/v2\/posts\/262954","targetHints":{"allow":["GET"]}}],"collection":[{"href":"https:\/\/tucomarca.whitekongsoftware.com\/ca\/wp-json\/wp\/v2\/posts"}],"about":[{"href":"https:\/\/tucomarca.whitekongsoftware.com\/ca\/wp-json\/wp\/v2\/types\/post"}],"author":[{"embeddable":true,"href":"https:\/\/tucomarca.whitekongsoftware.com\/ca\/wp-json\/wp\/v2\/users\/1"}],"replies":[{"embeddable":true,"href":"https:\/\/tucomarca.whitekongsoftware.com\/ca\/wp-json\/wp\/v2\/comments?post=262954"}],"version-history":[{"count":0,"href":"https:\/\/tucomarca.whitekongsoftware.com\/ca\/wp-json\/wp\/v2\/posts\/262954\/revisions"}],"wp:featuredmedia":[{"embeddable":true,"href":"https:\/\/tucomarca.whitekongsoftware.com\/ca\/wp-json\/wp\/v2\/media\/262951"}],"wp:attachment":[{"href":"https:\/\/tucomarca.whitekongsoftware.com\/ca\/wp-json\/wp\/v2\/media?parent=262954"}],"wp:term":[{"taxonomy":"category","embeddable":true,"href":"https:\/\/tucomarca.whitekongsoftware.com\/ca\/wp-json\/wp\/v2\/categories?post=262954"},{"taxonomy":"post_tag","embeddable":true,"href":"https:\/\/tucomarca.whitekongsoftware.com\/ca\/wp-json\/wp\/v2\/tags?post=262954"}],"curies":[{"name":"wp","href":"https:\/\/api.w.org\/{rel}","templated":true}]}}