{"id":262946,"date":"2025-04-22T13:00:00","date_gmt":"2025-04-22T11:00:00","guid":{"rendered":"https:\/\/www.tucomarca.com\/wordpress\/segunda\/?p=262946"},"modified":"2025-04-22T17:47:34","modified_gmt":"2025-04-22T15:47:34","slug":"els-arquebisbes-emerits-antonio-canizares-i-carlos-osoro-participaran-en-el-conclave-per-a-triar-al-nou-papa","status":"publish","type":"post","link":"https:\/\/tucomarca.whitekongsoftware.com\/ca\/els-arquebisbes-emerits-antonio-canizares-i-carlos-osoro-participaran-en-el-conclave-per-a-triar-al-nou-papa\/","title":{"rendered":"Els arquebisbes em\u00e8rits Carlos Osoro i el utielano Antonio Ca\u00f1izares participaran en el conclave per a triar al nou Papa"},"content":{"rendered":"\n<figure class=\"wp-block-image size-large\"><img loading=\"lazy\" decoding=\"async\" width=\"1024\" height=\"691\" src=\"http:\/\/www.tucomarca.com\/wordpress\/segunda\/wp-content\/uploads\/2025\/04\/canizares-PAPAfrancisco-1024x691.jpg\" alt=\"\" class=\"wp-image-262930\" srcset=\"https:\/\/tucomarca.whitekongsoftware.com\/wp-content\/uploads\/2025\/04\/canizares-PAPAfrancisco-1024x691.jpg 1024w, https:\/\/tucomarca.whitekongsoftware.com\/wp-content\/uploads\/2025\/04\/canizares-PAPAfrancisco-300x202.jpg 300w, https:\/\/tucomarca.whitekongsoftware.com\/wp-content\/uploads\/2025\/04\/canizares-PAPAfrancisco-768x518.jpg 768w, https:\/\/tucomarca.whitekongsoftware.com\/wp-content\/uploads\/2025\/04\/canizares-PAPAfrancisco.jpg 1181w\" sizes=\"auto, (max-width: 1024px) 100vw, 1024px\" \/><figcaption class=\"wp-element-caption\"><em>El Papa Francesc amb l&#8217;arquebisbe Antoni Ca\u00f1izares. <\/em>Foto: Iglesia Actualidad.<\/figcaption><\/figure>\n\n\n\n<p class=\"wp-block-paragraph\">Despr\u00e9s de la defunci\u00f3 del Papa Francesc aquest dilluns, 21 de de abril, als 88 anys a causa d&#8217;un ictus, l&#8217;Esgl\u00e9sia Cat\u00f2lica entra en una nova etapa marcada pel simbolisme, l&#8217;expectaci\u00f3 i la hist\u00f2ria. Amb el funeral del pont\u00edfex previst per a dissabte que ve, 26 d&#8217;abril, i amb el conclave fixat per al dilluns, 5 de maig, totes les mirades estan posades en el Col\u00b7legi Cardenalici, responsable de triar al nou Sant Pare.<\/p>\n\n\n\n<p class=\"wp-block-paragraph\">Entre els cardenals amb dret a vot es troba l&#8217;arquebisbe em\u00e8rit de Val\u00e8ncia, Antonio Ca\u00f1izares Llovera, de 79 anys d&#8217;edat, qui entra per poc dins del l\u00edmit d&#8217;edat establit pel Vatic\u00e0 per a participar en l&#8217;elecci\u00f3.<\/p>\n\n\n\n<p class=\"wp-block-paragraph\">Antonio Ca\u00f1izares, nascut a Utiel (Val\u00e8ncia), ha sigut una figura clau a l&#8217;Esgl\u00e9sia espanyola en les \u00faltimes d\u00e8cades. Va ser bisbe d&#8217;\u00c0vila, arquebisbe de Granada i Toledo, i prefecte de la Congregaci\u00f3 per al Culte Div\u00ed en el Vatic\u00e0 abans de ser designat pel mateix Francisco com a arquebisbe de Val\u00e8ncia, c\u00e0rrec que va ocupar fins a 2022. Pr\u00f2xim al pensament de Benet XVI, va ser nomenat cardenal en 2006.<\/p>\n\n\n\n<p class=\"wp-block-paragraph\">Al costat d&#8217;ell participaran altres cardenals espanyols com Juan Jos\u00e9 Omella (Barcelona), Jos\u00e9 Cobo (Madrid), \u00c1ngel Fern\u00e1ndez Artime (rector major dels Salesians) i Carlos Osoro, arquebisbe em\u00e8rit de Madrid.<\/p>\n\n\n\n<figure class=\"wp-block-image size-full is-resized\"><img loading=\"lazy\" decoding=\"async\" width=\"744\" height=\"504\" src=\"http:\/\/www.tucomarca.com\/wordpress\/segunda\/wp-content\/uploads\/2025\/04\/OsoroCanizares.jpg\" alt=\"\" class=\"wp-image-262940\" style=\"width:745px;height:auto\" srcset=\"https:\/\/tucomarca.whitekongsoftware.com\/wp-content\/uploads\/2025\/04\/OsoroCanizares.jpg 744w, https:\/\/tucomarca.whitekongsoftware.com\/wp-content\/uploads\/2025\/04\/OsoroCanizares-300x203.jpg 300w\" sizes=\"auto, (max-width: 744px) 100vw, 744px\" \/><figcaption class=\"wp-element-caption\"><em>Carlos Osoro, arquebisbe em\u00e8rit de Madrid, i Antonio Ca\u00f1izares.<\/em><\/figcaption><\/figure>\n\n\n\n<p class=\"wp-block-paragraph\">Aquest \u00faltim es perfila com un dels noms amb major projecci\u00f3 internacional dins del grup de parla hispana. Nascut a Cant\u00e0bria en 1945, Osoro ha sigut arquebisbe d&#8217;Oviedo, Madrid i Val\u00e8ncia. Va ser ordenat sacerdot en 1973, despr\u00e9s d&#8217;estudiar Magisteri, Pedagogia, Matem\u00e0tiques, Filosofia i Teologia. El seu estil pastoral, pr\u00f2xim, dialogant i evang\u00e8lic, li ha valgut el sobrenom medi\u00e0tic de \u201cel Papa Francesc espanyol\u201d. Va ser creat cardenal per Francisco en 2016 i se&#8217;l considera un dels purpurados ideol\u00f2gicament m\u00e9s afins al pont\u00edfex mort.<\/p>\n\n\n\n<p class=\"wp-block-paragraph\">Mentrestant, l&#8217;Arxidi\u00f2cesi de Val\u00e8ncia ha decretat dol oficial fins al 29 d&#8217;abril en senyal de dol. L&#8217;arquebisbe Enric Benavent ha recordat els gestos de proximitat que Francisco va tindre amb la di\u00f2cesi, especialment despr\u00e9s de la DANA &nbsp;que va afectar la regi\u00f3. Entre els homenatges previstos, se celebrar\u00e0 una missa solemne per l&#8217;\u00e0nima del Papa el 5 de maig a les 19,00 hores en la Catedral de Val\u00e8ncia, a m\u00e9s de misses de difunts en parr\u00f2quies, temples i comunitats religioses. Tamb\u00e9 es tocaran les campanes en senyal de dol els dies m\u00e9s significatius.<\/p>\n\n\n\n<p class=\"wp-block-paragraph\">El m\u00f3n cat\u00f2lic espera amb emoci\u00f3 el desenlla\u00e7 del conclave, en el qual es necessitar\u00e0 una majoria de dos ter\u00e7os entre els cardenals electors per a aconseguir l&#8217;esperada fumata blanca.<\/p>\n","protected":false},"excerpt":{"rendered":"<div class=\"mh-excerpt\">Despr\u00e9s de la defunci\u00f3 del Papa Francesc aquest dilluns, 21 de de abril, als 88 anys a causa d&#8217;un ictus, l&#8217;Esgl\u00e9sia Cat\u00f2lica entra en una nova etapa marcada pel simbolisme, l&#8217;expectaci\u00f3 i la hist\u00f2ria. Amb <a class=\"mh-excerpt-more\" href=\"https:\/\/tucomarca.whitekongsoftware.com\/ca\/els-arquebisbes-emerits-antonio-canizares-i-carlos-osoro-participaran-en-el-conclave-per-a-triar-al-nou-papa\/\" title=\"Els arquebisbes em\u00e8rits Carlos Osoro i el utielano Antonio Ca\u00f1izares participaran en el conclave per a triar al nou Papa\">[+] <\/a><\/div>\n","protected":false},"author":13,"featured_media":262931,"comment_status":"open","ping_status":"open","sticky":false,"template":"","format":"standard","meta":{"footnotes":""},"categories":[10898,10948,10894,10904,10909,10896,11059],"tags":[11199,15856,10910,11174],"class_list":["post-262946","post","type-post","status-publish","format-standard","has-post-thumbnail","category-ventana-ca","category-infraestructuras-ca","category-la-comarca-ca","category-sin-categorizar-ca","category-requena-utiel-ca","category-seccion-ca","category-utiel-ca","tag-la-comunitat-ca","tag-ocio-y-cultura-ca","tag-requena-utiel-ca","tag-utiel-ca"],"_links":{"self":[{"href":"https:\/\/tucomarca.whitekongsoftware.com\/ca\/wp-json\/wp\/v2\/posts\/262946","targetHints":{"allow":["GET"]}}],"collection":[{"href":"https:\/\/tucomarca.whitekongsoftware.com\/ca\/wp-json\/wp\/v2\/posts"}],"about":[{"href":"https:\/\/tucomarca.whitekongsoftware.com\/ca\/wp-json\/wp\/v2\/types\/post"}],"author":[{"embeddable":true,"href":"https:\/\/tucomarca.whitekongsoftware.com\/ca\/wp-json\/wp\/v2\/users\/13"}],"replies":[{"embeddable":true,"href":"https:\/\/tucomarca.whitekongsoftware.com\/ca\/wp-json\/wp\/v2\/comments?post=262946"}],"version-history":[{"count":0,"href":"https:\/\/tucomarca.whitekongsoftware.com\/ca\/wp-json\/wp\/v2\/posts\/262946\/revisions"}],"wp:featuredmedia":[{"embeddable":true,"href":"https:\/\/tucomarca.whitekongsoftware.com\/ca\/wp-json\/wp\/v2\/media\/262931"}],"wp:attachment":[{"href":"https:\/\/tucomarca.whitekongsoftware.com\/ca\/wp-json\/wp\/v2\/media?parent=262946"}],"wp:term":[{"taxonomy":"category","embeddable":true,"href":"https:\/\/tucomarca.whitekongsoftware.com\/ca\/wp-json\/wp\/v2\/categories?post=262946"},{"taxonomy":"post_tag","embeddable":true,"href":"https:\/\/tucomarca.whitekongsoftware.com\/ca\/wp-json\/wp\/v2\/tags?post=262946"}],"curies":[{"name":"wp","href":"https:\/\/api.w.org\/{rel}","templated":true}]}}