{"id":262939,"date":"2025-04-22T08:00:00","date_gmt":"2025-04-22T06:00:00","guid":{"rendered":"https:\/\/www.tucomarca.com\/wordpress\/segunda\/?p=262939"},"modified":"2025-04-22T14:17:26","modified_gmt":"2025-04-22T12:17:26","slug":"el-consell-aprova-el-nomenament-del-director-adjunt-daudiovisuals-i-cinematografia-i-de-la-directora-adjunta-de-musica-i-cultura-popular-del-ivc","status":"publish","type":"post","link":"https:\/\/tucomarca.whitekongsoftware.com\/ca\/el-consell-aprova-el-nomenament-del-director-adjunt-daudiovisuals-i-cinematografia-i-de-la-directora-adjunta-de-musica-i-cultura-popular-del-ivc\/","title":{"rendered":"El Consell aprova el nomenament del director adjunt d&#8217;Audiovisuals i Cinematografia i de la directora adjunta de M\u00fasica i Cultura Popular del IVC"},"content":{"rendered":"\n<h3 class=\"wp-block-heading\">Els nomenaments es realitzen a proposta de la Comissi\u00f3 d&#8217;Avaluaci\u00f3 del IVC, una vegada finalitzat el proc\u00e9s de selecci\u00f3.<\/h3>\n\n\n\n<p class=\"wp-block-paragraph\">El Consell ha aprovat el nomenament de Luis Gos\u00e1lbez Pay\u00e1 com a director adjunt d&#8217;Audiovisuals i Cinematografia i de Beatriz Traver Badenes com a directora adjunta de M\u00fasica i Cultura Popular Valenciana del Institut Valenci\u00e0 de Cultura (IVC).<\/p>\n\n\n\n<p class=\"wp-block-paragraph\">Els nomenaments s&#8217;han produ\u00eft despr\u00e9s de la proposta realitzada per la Comissi\u00f3 d&#8217;Avaluaci\u00f3 del IVC, una vegada finalitzat el proc\u00e9s de selecci\u00f3 de persones candidates.<\/p>\n\n\n\n<p class=\"wp-block-paragraph\">Traver \u00e9s llicenciada en Hist\u00f2ria de l&#8217;Art i Hist\u00f2ria i Ci\u00e8ncies de la M\u00fasica i compta amb una s\u00f2lida formaci\u00f3 especialitzada en gesti\u00f3 cultural, que inclou postgraus en organitzaci\u00f3 d&#8217;esdeveniments musicals.<\/p>\n\n\n\n<p class=\"wp-block-paragraph\">Per part seua, Gos\u00e1lbez t\u00e9 una extensa traject\u00f2ria vinculada al sector audiovisual valenci\u00e0 i des de l&#8217;any 2000 \u00e9s gerent de l&#8217;associaci\u00f3 Productors Audiovisuals Valencians.<\/p>\n","protected":false},"excerpt":{"rendered":"<div class=\"mh-excerpt\">Els nomenaments es realitzen a proposta de la Comissi\u00f3 d&#8217;Avaluaci\u00f3 del IVC, una vegada finalitzat el proc\u00e9s de selecci\u00f3. El Consell ha aprovat el nomenament de Luis Gos\u00e1lbez Pay\u00e1 com a director adjunt d&#8217;Audiovisuals i <a class=\"mh-excerpt-more\" href=\"https:\/\/tucomarca.whitekongsoftware.com\/ca\/el-consell-aprova-el-nomenament-del-director-adjunt-daudiovisuals-i-cinematografia-i-de-la-directora-adjunta-de-musica-i-cultura-popular-del-ivc\/\" title=\"El Consell aprova el nomenament del director adjunt d&#8217;Audiovisuals i Cinematografia i de la directora adjunta de M\u00fasica i Cultura Popular del IVC\">[+] <\/a><\/div>\n","protected":false},"author":13,"featured_media":229188,"comment_status":"open","ping_status":"open","sticky":false,"template":"","format":"standard","meta":{"footnotes":""},"categories":[10904,11007,10896],"tags":[13274,17761,15856],"class_list":["post-262939","post","type-post","status-publish","format-standard","has-post-thumbnail","category-sin-categorizar-ca","category-ocio-y-cultura-ca","category-seccion-ca","tag-institut-valencia-de-cultura-ca","tag-ivc-ca","tag-ocio-y-cultura-ca"],"_links":{"self":[{"href":"https:\/\/tucomarca.whitekongsoftware.com\/ca\/wp-json\/wp\/v2\/posts\/262939","targetHints":{"allow":["GET"]}}],"collection":[{"href":"https:\/\/tucomarca.whitekongsoftware.com\/ca\/wp-json\/wp\/v2\/posts"}],"about":[{"href":"https:\/\/tucomarca.whitekongsoftware.com\/ca\/wp-json\/wp\/v2\/types\/post"}],"author":[{"embeddable":true,"href":"https:\/\/tucomarca.whitekongsoftware.com\/ca\/wp-json\/wp\/v2\/users\/13"}],"replies":[{"embeddable":true,"href":"https:\/\/tucomarca.whitekongsoftware.com\/ca\/wp-json\/wp\/v2\/comments?post=262939"}],"version-history":[{"count":0,"href":"https:\/\/tucomarca.whitekongsoftware.com\/ca\/wp-json\/wp\/v2\/posts\/262939\/revisions"}],"wp:featuredmedia":[{"embeddable":true,"href":"https:\/\/tucomarca.whitekongsoftware.com\/ca\/wp-json\/wp\/v2\/media\/229188"}],"wp:attachment":[{"href":"https:\/\/tucomarca.whitekongsoftware.com\/ca\/wp-json\/wp\/v2\/media?parent=262939"}],"wp:term":[{"taxonomy":"category","embeddable":true,"href":"https:\/\/tucomarca.whitekongsoftware.com\/ca\/wp-json\/wp\/v2\/categories?post=262939"},{"taxonomy":"post_tag","embeddable":true,"href":"https:\/\/tucomarca.whitekongsoftware.com\/ca\/wp-json\/wp\/v2\/tags?post=262939"}],"curies":[{"name":"wp","href":"https:\/\/api.w.org\/{rel}","templated":true}]}}