{"id":262925,"date":"2025-04-22T10:00:00","date_gmt":"2025-04-22T08:00:00","guid":{"rendered":"https:\/\/www.tucomarca.com\/wordpress\/segunda\/?p=262925"},"modified":"2025-04-22T12:02:52","modified_gmt":"2025-04-22T10:02:52","slug":"el-tall-en-la3-per-la-bolcada-dun-camio-a-laltura-de-bonaire-complica-la-volta-al-treball-aquest-dimarts","status":"publish","type":"post","link":"https:\/\/tucomarca.whitekongsoftware.com\/ca\/el-tall-en-la3-per-la-bolcada-dun-camio-a-laltura-de-bonaire-complica-la-volta-al-treball-aquest-dimarts\/","title":{"rendered":"El tall en l&#8217;A3 per la bolcada d&#8217;un cami\u00f3 a l&#8217;altura de Bonaire complica la volta al treball aquest dimarts"},"content":{"rendered":"\n<p class=\"wp-block-paragraph\">Un accident ocorregut a primera hora del mat\u00ed d&#8217;aquest dimarts ha complicat la volta al treball en provocar el tall per complet de l&#8217;autovia A-3 en sentit Madrid, concretament a l&#8217;altura del quil\u00f2metre 346, entre Bonaire i Xirivella, en el terme del Barri de Sant Josep de Artesa. Segons han informat fonts de la Direcci\u00f3 General de Tr\u00e0nsit (DGT), un cami\u00f3 ha bolcat en la cal\u00e7ada, la qual cosa ha provocat el tancament total de la via.<\/p>\n\n\n\n<p class=\"wp-block-paragraph\">El sinistre est\u00e0 causant importants retencions que s&#8217;han est\u00e9s al llarg de sis quil\u00f2metres, arribant fins a l&#8217;avinguda del Cid, a la ciutat de Val\u00e8ncia, en el quil\u00f2metre 352 de l&#8217;autovia. Els vehicles estan sent desviats per la via de servei anterior al punt de l&#8217;accident, que nom\u00e9s compta amb un carril, dificultant encara m\u00e9s la circulaci\u00f3.<\/p>\n\n\n\n<p class=\"wp-block-paragraph\">Des del Centre de Coordinaci\u00f3 d&#8217;Emerg\u00e8ncies de la Generalitat han explicat que la Gu\u00e0rdia Civil ha sol\u00b7licitat assist\u00e8ncia sanit\u00e0ria per al conductor, que va ser localitzat fora del vehicle, aix\u00ed com la intervenci\u00f3 del Consorci Provincial de Bombers de Val\u00e8ncia a causa d&#8217;una fuita de gasoil.<\/p>\n\n\n\n<p class=\"wp-block-paragraph\">L&#8217;A-3 romandr\u00e0 tancada en aquest tram fins que s&#8217;aconseguisca retirar el cami\u00f3 accidentat i es complete la neteja de la via. Es recomana als conductors buscar rutes alternatives i extremar la precauci\u00f3 en la zona.<\/p>\n","protected":false},"excerpt":{"rendered":"<div class=\"mh-excerpt\">Un accident ocorregut a primera hora del mat\u00ed d&#8217;aquest dimarts ha complicat la volta al treball en provocar el tall per complet de l&#8217;autovia A-3 en sentit Madrid, concretament a l&#8217;altura del quil\u00f2metre 346, entre <a class=\"mh-excerpt-more\" href=\"https:\/\/tucomarca.whitekongsoftware.com\/ca\/el-tall-en-la3-per-la-bolcada-dun-camio-a-laltura-de-bonaire-complica-la-volta-al-treball-aquest-dimarts\/\" title=\"El tall en l&#8217;A3 per la bolcada d&#8217;un cami\u00f3 a l&#8217;altura de Bonaire complica la volta al treball aquest dimarts\">[+] <\/a><\/div>\n","protected":false},"author":13,"featured_media":262920,"comment_status":"open","ping_status":"open","sticky":false,"template":"","format":"standard","meta":{"footnotes":""},"categories":[10898,10948,10894,10904,10912,10896,10897],"tags":[11488,12448,12754,10901],"class_list":["post-262925","post","type-post","status-publish","format-standard","has-post-thumbnail","category-ventana-ca","category-infraestructuras-ca","category-la-comarca-ca","category-sin-categorizar-ca","category-la-hoya-ca","category-seccion-ca","category-sucesos-la-comarca-ca","tag-a-3-ca","tag-accidente-ca","tag-autovia-ca","tag-sucesos-ca"],"_links":{"self":[{"href":"https:\/\/tucomarca.whitekongsoftware.com\/ca\/wp-json\/wp\/v2\/posts\/262925","targetHints":{"allow":["GET"]}}],"collection":[{"href":"https:\/\/tucomarca.whitekongsoftware.com\/ca\/wp-json\/wp\/v2\/posts"}],"about":[{"href":"https:\/\/tucomarca.whitekongsoftware.com\/ca\/wp-json\/wp\/v2\/types\/post"}],"author":[{"embeddable":true,"href":"https:\/\/tucomarca.whitekongsoftware.com\/ca\/wp-json\/wp\/v2\/users\/13"}],"replies":[{"embeddable":true,"href":"https:\/\/tucomarca.whitekongsoftware.com\/ca\/wp-json\/wp\/v2\/comments?post=262925"}],"version-history":[{"count":0,"href":"https:\/\/tucomarca.whitekongsoftware.com\/ca\/wp-json\/wp\/v2\/posts\/262925\/revisions"}],"wp:featuredmedia":[{"embeddable":true,"href":"https:\/\/tucomarca.whitekongsoftware.com\/ca\/wp-json\/wp\/v2\/media\/262920"}],"wp:attachment":[{"href":"https:\/\/tucomarca.whitekongsoftware.com\/ca\/wp-json\/wp\/v2\/media?parent=262925"}],"wp:term":[{"taxonomy":"category","embeddable":true,"href":"https:\/\/tucomarca.whitekongsoftware.com\/ca\/wp-json\/wp\/v2\/categories?post=262925"},{"taxonomy":"post_tag","embeddable":true,"href":"https:\/\/tucomarca.whitekongsoftware.com\/ca\/wp-json\/wp\/v2\/tags?post=262925"}],"curies":[{"name":"wp","href":"https:\/\/api.w.org\/{rel}","templated":true}]}}