{"id":262808,"date":"2025-04-21T09:30:00","date_gmt":"2025-04-21T07:30:00","guid":{"rendered":"https:\/\/www.tucomarca.com\/wordpress\/segunda\/?p=262808"},"modified":"2025-04-21T17:07:16","modified_gmt":"2025-04-21T15:07:16","slug":"fotogaleria-turis-viu-amb-intensitat-la-seua-setmana-santa-entre-fervor-tradicio-i-participacio-veinal","status":"publish","type":"post","link":"https:\/\/tucomarca.whitekongsoftware.com\/ca\/fotogaleria-turis-viu-amb-intensitat-la-seua-setmana-santa-entre-fervor-tradicio-i-participacio-veinal\/","title":{"rendered":"Fotogaler\u00eda: Tur\u00eds viu amb intensitat la seua Setmana Santa entre fervor, tradici\u00f3 i participaci\u00f3 ve\u00efnal"},"content":{"rendered":"\n<p class=\"wp-block-paragraph\">La poblaci\u00f3 de Tur\u00eds ha celebrat una Setmana Santa marcada pel fervor religi\u00f3s i una activa participaci\u00f3 ve\u00efnal. Les confraries dels Sants Patrons, del Sant Sepulcre i de la Mare Dolorosa han protagonitzat una agenda repleta d&#8217;actes lit\u00fargics que han impregnat de solemnitat els dies sants.<\/p>\n\n\n\n<p class=\"wp-block-paragraph\">Entre els moments m\u00e9s destacats es troben la Missa de l&#8217;\u00daltim Sopar, els Sants Oficis i la Vig\u00edlia Pasqual, culminada amb l&#8217;emotiva descoberta de la Mare de D\u00e9u dels Dolors Gloriosos en l&#8217;ermita, un dels s\u00edmbols m\u00e9s estimats per la comunitat.<\/p>\n\n\n\n<p class=\"wp-block-paragraph\">El Divendres Sant, els carrers de la localitat van acollir amb recolliment la tradicional Process\u00f3 del Sant Enterrament, que va rec\u00f3rrer el nucli urb\u00e0 acompanyada pel silenci i la devoci\u00f3. No obstant aix\u00f2, les pluges del Diumenge de Pasqua van obligar a traslladar la Santa Trobada a l&#8217;interior del temple parroquial, deslluint en part un dels actes m\u00e9s esperats de la jornada.<\/p>\n\n\n\n<p class=\"wp-block-paragraph\">La Setmana Santa de Tur\u00eds ha estat marcada tamb\u00e9 per la for\u00e7a de les seues processons m\u00e9s singulars, com el Viacrucis del Dimecres Sant pel barri antic, o la Process\u00f3 del Silenci del Dijous Sant, en la qual el Crist jacent va ser traslladat des de l&#8217;ermita fins a la casa del Germ\u00e0 Major, on va quedar instal\u00b7lat en el seu dosser. Ja el Divendres Sant, la imatge va ser portada al temple parroquial per a participar en l&#8217;enterrament.<\/p>\n\n\n\n<p class=\"wp-block-paragraph\">Un any m\u00e9s, la fe, la tradici\u00f3 han teixit una Setmana Santa carregada de significat per als ve\u00efns de Tur\u00eds.<\/p>\n\n\n\n<figure class=\"wp-block-image size-large\"><img loading=\"lazy\" decoding=\"async\" width=\"1024\" height=\"691\" src=\"https:\/\/www.tucomarca.com\/wordpress\/segunda\/wp-content\/uploads\/2025\/04\/TurisSemanaSanta02-1024x691.jpg\" alt=\"\" class=\"wp-image-262800\" srcset=\"https:\/\/tucomarca.whitekongsoftware.com\/wp-content\/uploads\/2025\/04\/TurisSemanaSanta02-1024x691.jpg 1024w, https:\/\/tucomarca.whitekongsoftware.com\/wp-content\/uploads\/2025\/04\/TurisSemanaSanta02-300x202.jpg 300w, https:\/\/tucomarca.whitekongsoftware.com\/wp-content\/uploads\/2025\/04\/TurisSemanaSanta02-768x518.jpg 768w, https:\/\/tucomarca.whitekongsoftware.com\/wp-content\/uploads\/2025\/04\/TurisSemanaSanta02.jpg 1181w\" sizes=\"auto, (max-width: 1024px) 100vw, 1024px\" \/><\/figure>\n\n\n\n<figure class=\"wp-block-image size-large\"><img loading=\"lazy\" decoding=\"async\" width=\"1024\" height=\"691\" src=\"https:\/\/www.tucomarca.com\/wordpress\/segunda\/wp-content\/uploads\/2025\/04\/TurisSemanaSanta03-1024x691.jpg\" alt=\"\" class=\"wp-image-262801\" srcset=\"https:\/\/tucomarca.whitekongsoftware.com\/wp-content\/uploads\/2025\/04\/TurisSemanaSanta03-1024x691.jpg 1024w, https:\/\/tucomarca.whitekongsoftware.com\/wp-content\/uploads\/2025\/04\/TurisSemanaSanta03-300x202.jpg 300w, https:\/\/tucomarca.whitekongsoftware.com\/wp-content\/uploads\/2025\/04\/TurisSemanaSanta03-768x518.jpg 768w, https:\/\/tucomarca.whitekongsoftware.com\/wp-content\/uploads\/2025\/04\/TurisSemanaSanta03.jpg 1181w\" sizes=\"auto, (max-width: 1024px) 100vw, 1024px\" \/><\/figure>\n\n\n\n<figure class=\"wp-block-image size-large\"><img loading=\"lazy\" decoding=\"async\" width=\"1024\" height=\"691\" src=\"https:\/\/www.tucomarca.com\/wordpress\/segunda\/wp-content\/uploads\/2025\/04\/TurisSemanaSanta04-1024x691.jpg\" alt=\"\" class=\"wp-image-262799\" srcset=\"https:\/\/tucomarca.whitekongsoftware.com\/wp-content\/uploads\/2025\/04\/TurisSemanaSanta04-1024x691.jpg 1024w, https:\/\/tucomarca.whitekongsoftware.com\/wp-content\/uploads\/2025\/04\/TurisSemanaSanta04-300x202.jpg 300w, https:\/\/tucomarca.whitekongsoftware.com\/wp-content\/uploads\/2025\/04\/TurisSemanaSanta04-768x518.jpg 768w, https:\/\/tucomarca.whitekongsoftware.com\/wp-content\/uploads\/2025\/04\/TurisSemanaSanta04.jpg 1181w\" sizes=\"auto, (max-width: 1024px) 100vw, 1024px\" \/><\/figure>\n\n\n\n<figure class=\"wp-block-image size-large\"><img loading=\"lazy\" decoding=\"async\" width=\"1024\" height=\"691\" src=\"https:\/\/www.tucomarca.com\/wordpress\/segunda\/wp-content\/uploads\/2025\/04\/TurisSemanaSanta05-1024x691.jpg\" alt=\"\" class=\"wp-image-262798\" srcset=\"https:\/\/tucomarca.whitekongsoftware.com\/wp-content\/uploads\/2025\/04\/TurisSemanaSanta05-1024x691.jpg 1024w, https:\/\/tucomarca.whitekongsoftware.com\/wp-content\/uploads\/2025\/04\/TurisSemanaSanta05-300x202.jpg 300w, https:\/\/tucomarca.whitekongsoftware.com\/wp-content\/uploads\/2025\/04\/TurisSemanaSanta05-768x518.jpg 768w, https:\/\/tucomarca.whitekongsoftware.com\/wp-content\/uploads\/2025\/04\/TurisSemanaSanta05.jpg 1181w\" sizes=\"auto, (max-width: 1024px) 100vw, 1024px\" \/><\/figure>\n","protected":false},"excerpt":{"rendered":"<div class=\"mh-excerpt\">La poblaci\u00f3 de Tur\u00eds ha celebrat una Setmana Santa marcada pel fervor religi\u00f3s i una activa participaci\u00f3 ve\u00efnal. Les confraries dels Sants Patrons, del Sant Sepulcre i de la Mare Dolorosa han protagonitzat una agenda <a class=\"mh-excerpt-more\" href=\"https:\/\/tucomarca.whitekongsoftware.com\/ca\/fotogaleria-turis-viu-amb-intensitat-la-seua-setmana-santa-entre-fervor-tradicio-i-participacio-veinal\/\" title=\"Fotogaler\u00eda: Tur\u00eds viu amb intensitat la seua Setmana Santa entre fervor, tradici\u00f3 i participaci\u00f3 ve\u00efnal\">[+] <\/a><\/div>\n","protected":false},"author":12,"featured_media":262804,"comment_status":"open","ping_status":"open","sticky":false,"template":"","format":"gallery","meta":{"footnotes":""},"categories":[10894,10902,11004,11007,11008,10896,11047],"tags":[11356,22205,11093],"class_list":["post-262808","post","type-post","status-publish","format-gallery","has-post-thumbnail","category-la-comarca-ca","category-la-ribera-ca","category-la-semana-en-imagenes-ca","category-ocio-y-cultura-ca","category-pueblos-en-fiestas-ca","category-seccion-ca","category-turis-ca","tag-ribera-alta-ca","tag-samana-santa-ca","tag-turis-ca","post_format-post-format-gallery"],"_links":{"self":[{"href":"https:\/\/tucomarca.whitekongsoftware.com\/ca\/wp-json\/wp\/v2\/posts\/262808","targetHints":{"allow":["GET"]}}],"collection":[{"href":"https:\/\/tucomarca.whitekongsoftware.com\/ca\/wp-json\/wp\/v2\/posts"}],"about":[{"href":"https:\/\/tucomarca.whitekongsoftware.com\/ca\/wp-json\/wp\/v2\/types\/post"}],"author":[{"embeddable":true,"href":"https:\/\/tucomarca.whitekongsoftware.com\/ca\/wp-json\/wp\/v2\/users\/12"}],"replies":[{"embeddable":true,"href":"https:\/\/tucomarca.whitekongsoftware.com\/ca\/wp-json\/wp\/v2\/comments?post=262808"}],"version-history":[{"count":0,"href":"https:\/\/tucomarca.whitekongsoftware.com\/ca\/wp-json\/wp\/v2\/posts\/262808\/revisions"}],"wp:featuredmedia":[{"embeddable":true,"href":"https:\/\/tucomarca.whitekongsoftware.com\/ca\/wp-json\/wp\/v2\/media\/262804"}],"wp:attachment":[{"href":"https:\/\/tucomarca.whitekongsoftware.com\/ca\/wp-json\/wp\/v2\/media?parent=262808"}],"wp:term":[{"taxonomy":"category","embeddable":true,"href":"https:\/\/tucomarca.whitekongsoftware.com\/ca\/wp-json\/wp\/v2\/categories?post=262808"},{"taxonomy":"post_tag","embeddable":true,"href":"https:\/\/tucomarca.whitekongsoftware.com\/ca\/wp-json\/wp\/v2\/tags?post=262808"}],"curies":[{"name":"wp","href":"https:\/\/api.w.org\/{rel}","templated":true}]}}