{"id":262793,"date":"2025-04-21T11:00:00","date_gmt":"2025-04-21T09:00:00","guid":{"rendered":"https:\/\/www.tucomarca.com\/wordpress\/segunda\/?p=262793"},"modified":"2025-04-21T12:34:38","modified_gmt":"2025-04-21T10:34:38","slug":"mazon-avancem-en-la-recuperacio-dels-municipis-afectats-per-les-riuades-destinant-700-000-euros-a-la-demolicio-dhabitatges-danyats","status":"publish","type":"post","link":"https:\/\/tucomarca.whitekongsoftware.com\/ca\/mazon-avancem-en-la-recuperacio-dels-municipis-afectats-per-les-riuades-destinant-700-000-euros-a-la-demolicio-dhabitatges-danyats\/","title":{"rendered":"Maz\u00f3n: \u201cAvancem en la recuperaci\u00f3 dels municipis afectats per les riuades destinant 700.000 euros a la demolici\u00f3 d&#8217;habitatges danyats\u201d"},"content":{"rendered":"\n<h3 class=\"wp-block-heading\">Assenyala que \u201ces destinaran fins a 16.000 euros per habitatge afectat o local i el termini per a executar l&#8217;actuaci\u00f3 ser\u00e0 de dotze mesos des de la concessi\u00f3\u201d.<\/h3>\n\n\n\n<h3 class=\"wp-block-heading\">Anuncia que el pr\u00f2xim Ple del Consell aprovar\u00e0 mitjan\u00e7ant decret aquest paquet d&#8217;ajudes urgents que \u201cpermetran l&#8217;execuci\u00f3 immediata dels treballs necessaris en immobles que, pel seu estat, suposen un risc per a la seguretat p\u00fablica, i l&#8217;ordre urb\u00e0\u201d.<\/h3>\n\n\n\n<h3 class=\"wp-block-heading\">Destaca que \u201c1.138 fam\u00edlies s&#8217;han beneficiat ja de les ajudes especials al lloguer i m\u00e9s de 24.000 ja han cobrat les ajudes urgents per a b\u00e9ns i estris per habitatge per import de 144,4 milions d&#8217;euros\u201d.<\/h3>\n\n\n\n<p class=\"wp-block-paragraph\">El president de la Generalitat, Carlos Maz\u00f3n, ha anunciat que \u201cper a avan\u00e7ar en la recuperaci\u00f3 urbana i social dels municipis afectats per les riuades del 29 d&#8217;octubre, destinarem 700.000 euros a sufragar la demolici\u00f3 d&#8217;habitatges i edificis residencials greument danyats o destru\u00efts\u201d.&nbsp;<\/p>\n\n\n\n<p class=\"wp-block-paragraph\">El cap del Consell ha assenyalat que, amb aquesta mesura \u201cfem un pas m\u00e9s en el proc\u00e9s de reconstrucci\u00f3 en el qual estem immersos des del minut un\u201d i ha reiterat que \u201cla nostra principal prioritat sempre ha sigut que les persones afectades puguen recuperar la normalitat al m\u00e9s prompte possible i per aix\u00f2 estem posant en marxa mesures que puguen afavorir l&#8217;acceleraci\u00f3 de la reconstrucci\u00f3 i recuperaci\u00f3 de les zones danyades\u201d.<\/p>\n\n\n\n<p class=\"wp-block-paragraph\">Aix\u00ed, el pr\u00f2xim Ple del Consell aprovar\u00e0 mitjan\u00e7ant decret aquest paquet d&#8217;ajudes urgents que, tal com ha indicat el president, \u201cpermetran l&#8217;execuci\u00f3 immediata dels treballs necessaris en immobles que, pel seu estat, suposen un perill per a la seguretat dels afectats i ve\u00efns, els edificis confrontants i l&#8217;ordre urb\u00e0\u201d.<\/p>\n\n\n\n<p class=\"wp-block-paragraph\">Les actuacions subvencionables inclouen la demolici\u00f3 total d&#8217;edificacions amb ordre municipal d&#8217;execuci\u00f3, els treballs d&#8217;adequaci\u00f3 posterior com a impermeabilitzaci\u00f3 de mitgeres o clos del solar, aix\u00ed com els honoraris t\u00e8cnics derivats del projecte i direcci\u00f3 de l&#8217;obra. Tamb\u00e9 es contemplen demolicions ja realitzades si es demostra la seua vinculaci\u00f3 directa amb les riuades i es van executar despr\u00e9s del 29 d&#8217;octubre.<\/p>\n\n\n\n<p class=\"wp-block-paragraph\">Carlos Maz\u00f3n ha traslladat que \u201ces destinaran fins a 16.000 euros per habitatge afectat o local, el termini per a executar l&#8217;actuaci\u00f3 ser\u00e0 de dotze mesos des de la concessi\u00f3 i podran beneficiar-se d&#8217;aquestes ajudes tant persones f\u00edsiques i jur\u00eddiques com a comunitats de propietaris, agrupacions de ve\u00efns, cooperatives d&#8217;habitatge i fins i tot hereus acreditats en cas de defunci\u00f3 del titular&#8221;.&nbsp;<\/p>\n\n\n\n<p class=\"wp-block-paragraph\"><strong>Actuacions en mat\u00e8ria d&#8217;Habitatge en les zones afectades<\/strong><\/p>\n\n\n\n<p class=\"wp-block-paragraph\">El president ha recordat que, des dels primers dies, \u201cel Consell va posar en marxa un programa d&#8217;inspecci\u00f3 d&#8217;edificis per a garantir la seguretat dels ciutadans en el qual han treballat t\u00e8cnics de l&#8217;Institut Valenci\u00e0 d&#8217;Edificaci\u00f3 (IVE), aix\u00ed com professionals dels col\u00b7legis d&#8217;arquitectes t\u00e8cnics i arquitectes municipals dels ajuntaments&#8221;. L&#8217;IVE compta en aquest moment amb 14.700 edificacions registrades, de les quals m\u00e9s de 8.000 ja han sigut completament revisades i validades i 67 han sigut declarades per a la seua demolici\u00f3 total.<\/p>\n\n\n\n<p class=\"wp-block-paragraph\">Tamb\u00e9 s&#8217;han fet tasques d&#8217;apuntalament coordinades entre els equips de bombers, els t\u00e8cnics de la Conselleria de Serveis Socials, Igualtat i Habitatge, aix\u00ed com coordinadors i t\u00e8cnics de l&#8217;IVE.<\/p>\n\n\n\n<p class=\"wp-block-paragraph\">Aix\u00ed mateix, Maz\u00f3n ha assenyalat que, en col\u00b7laboraci\u00f3 amb Serveis Socials, \u201cvam procedir al reallotjament de persones els habitatges de les quals s&#8217;havien vist afectades i no tenien alternativa, a m\u00e9s d&#8217;ingressos en resid\u00e8ncies de persones majors els habitatges de les quals havien sigut danyades o els cuidadors no podien arribar al seu domicili\u201d.<\/p>\n\n\n\n<p class=\"wp-block-paragraph\">A m\u00e9s, a trav\u00e9s de la EVha, \u201chem oferit habitatge social a m\u00e9s de 240 fam\u00edlies en situaci\u00f3 de vulnerabilitat, de les quals 140 ja estan vivint en aquestes cases\u201d, ha indicat el president. Igualment, ha posat en valor que \u201cestem destinant 50 milions d&#8217;euros a ajudes al lloguer per a poder sufragar un immoble, amb fins a 800 euros per nucli familiar perqu\u00e8 les persones que han patit danys totals o parcials a les seues cases pogueren tindre una alternativa residencial\u201d. D&#8217;aquesta iniciativa ja s&#8217;estan beneficiant 1.138 fam\u00edlies.<\/p>\n\n\n\n<p class=\"wp-block-paragraph\">D&#8217;igual manera, ha destacat que \u201cla Generalitat tamb\u00e9 va posar en marxa ajudes urgents per a b\u00e9ns i estris per habitatge, la tramitaci\u00f3 del qual s&#8217;ha agilitzat al m\u00e0xim perqu\u00e8 arribe al m\u00e9s prompte possible a les persones que ho necessiten\u201d. Aix\u00ed, ja s&#8217;han aprovat 230 milions d&#8217;euros, i m\u00e9s de 24.000 fam\u00edlies ja han cobrat aquests diners per un import total de 144,4 milions d&#8217;euros.<\/p>\n","protected":false},"excerpt":{"rendered":"<div class=\"mh-excerpt\">Assenyala que \u201ces destinaran fins a 16.000 euros per habitatge afectat o local i el termini per a executar l&#8217;actuaci\u00f3 ser\u00e0 de dotze mesos des de la concessi\u00f3\u201d. Anuncia que el pr\u00f2xim Ple del Consell <a class=\"mh-excerpt-more\" href=\"https:\/\/tucomarca.whitekongsoftware.com\/ca\/mazon-avancem-en-la-recuperacio-dels-municipis-afectats-per-les-riuades-destinant-700-000-euros-a-la-demolicio-dhabitatges-danyats\/\" title=\"Maz\u00f3n: \u201cAvancem en la recuperaci\u00f3 dels municipis afectats per les riuades destinant 700.000 euros a la demolici\u00f3 d&#8217;habitatges danyats\u201d\">[+] <\/a><\/div>\n","protected":false},"author":13,"featured_media":245361,"comment_status":"open","ping_status":"open","sticky":false,"template":"","format":"standard","meta":{"footnotes":""},"categories":[21466,10898,10948,10894,10904,10903,10947,10896,10897],"tags":[15409,11199,11140],"class_list":["post-262793","post","type-post","status-publish","format-standard","has-post-thumbnail","category-dana-ca","category-ventana-ca","category-infraestructuras-ca","category-la-comarca-ca","category-sin-categorizar-ca","category-medio-ambiente-la-comarca-ca","category-politica","category-seccion-ca","category-sucesos-la-comarca-ca","tag-dana-2-ca","tag-la-comunitat-ca","tag-politica-ca"],"_links":{"self":[{"href":"https:\/\/tucomarca.whitekongsoftware.com\/ca\/wp-json\/wp\/v2\/posts\/262793","targetHints":{"allow":["GET"]}}],"collection":[{"href":"https:\/\/tucomarca.whitekongsoftware.com\/ca\/wp-json\/wp\/v2\/posts"}],"about":[{"href":"https:\/\/tucomarca.whitekongsoftware.com\/ca\/wp-json\/wp\/v2\/types\/post"}],"author":[{"embeddable":true,"href":"https:\/\/tucomarca.whitekongsoftware.com\/ca\/wp-json\/wp\/v2\/users\/13"}],"replies":[{"embeddable":true,"href":"https:\/\/tucomarca.whitekongsoftware.com\/ca\/wp-json\/wp\/v2\/comments?post=262793"}],"version-history":[{"count":0,"href":"https:\/\/tucomarca.whitekongsoftware.com\/ca\/wp-json\/wp\/v2\/posts\/262793\/revisions"}],"wp:featuredmedia":[{"embeddable":true,"href":"https:\/\/tucomarca.whitekongsoftware.com\/ca\/wp-json\/wp\/v2\/media\/245361"}],"wp:attachment":[{"href":"https:\/\/tucomarca.whitekongsoftware.com\/ca\/wp-json\/wp\/v2\/media?parent=262793"}],"wp:term":[{"taxonomy":"category","embeddable":true,"href":"https:\/\/tucomarca.whitekongsoftware.com\/ca\/wp-json\/wp\/v2\/categories?post=262793"},{"taxonomy":"post_tag","embeddable":true,"href":"https:\/\/tucomarca.whitekongsoftware.com\/ca\/wp-json\/wp\/v2\/tags?post=262793"}],"curies":[{"name":"wp","href":"https:\/\/api.w.org\/{rel}","templated":true}]}}