{"id":262783,"date":"2025-04-20T14:00:00","date_gmt":"2025-04-20T12:00:00","guid":{"rendered":"https:\/\/www.tucomarca.com\/wordpress\/segunda\/?p=262783"},"modified":"2025-04-20T16:58:49","modified_gmt":"2025-04-20T14:58:49","slug":"rescaten-en-helicopter-a-un-home-de-33-anys-lesionat-en-la-jarra-de-bunyol","status":"publish","type":"post","link":"https:\/\/tucomarca.whitekongsoftware.com\/ca\/rescaten-en-helicopter-a-un-home-de-33-anys-lesionat-en-la-jarra-de-bunyol\/","title":{"rendered":"Rescaten en helic\u00f2pter a un home de 33 anys lesionat en la Jarra de Bunyol"},"content":{"rendered":"\n<p class=\"wp-block-paragraph\">Passades les 13,30 hores d&#8217;aquest diumenge, 20 d&#8217;abril, s&#8217;ha mobilitzat un helic\u00f2pter del Grup Especial de Rescat a Altura (GERA) del Consorci Provincial de Bombers de Val\u00e8ncia per a per a soc\u00f3rrer a un home de 33 anys que s&#8217;ha lesionat en el toll Meravelles, situat en el Paratge del Pitxer, en el terme municipal de Bunyol.<\/p>\n\n\n\n<p class=\"wp-block-paragraph\">Per a col\u00b7laborar en les tasques de salvament tamb\u00e9 han acudit efectius de la Policia Local de Bunyol aix\u00ed com una ambul\u00e0ncia.<\/p>\n\n\n\n<p class=\"wp-block-paragraph\">El ferit ha sigut traslladat en helic\u00f2pter fins al camp de futbol municipal de la localitat des d&#8217;on ha sigut transferit als serveis sanitaris.<\/p>\n\n\n\n<p class=\"wp-block-paragraph\">Fotos: <strong>R. Zan\u00f3n<\/strong>.<\/p>\n\n\n\n<figure class=\"wp-block-image size-full\"><img loading=\"lazy\" decoding=\"async\" width=\"945\" height=\"532\" src=\"http:\/\/www.tucomarca.com\/wordpress\/segunda\/wp-content\/uploads\/2025\/04\/Bunol_RescateJarra01.jpg\" alt=\"\" class=\"wp-image-262777\" srcset=\"https:\/\/tucomarca.whitekongsoftware.com\/wp-content\/uploads\/2025\/04\/Bunol_RescateJarra01.jpg 945w, https:\/\/tucomarca.whitekongsoftware.com\/wp-content\/uploads\/2025\/04\/Bunol_RescateJarra01-300x169.jpg 300w, https:\/\/tucomarca.whitekongsoftware.com\/wp-content\/uploads\/2025\/04\/Bunol_RescateJarra01-768x432.jpg 768w, https:\/\/tucomarca.whitekongsoftware.com\/wp-content\/uploads\/2025\/04\/Bunol_RescateJarra01-678x381.jpg 678w\" sizes=\"auto, (max-width: 945px) 100vw, 945px\" \/><\/figure>\n\n\n\n<p class=\"wp-block-paragraph\"><em>(Informaci\u00f3n en proceso de elaboraci\u00f3n)<\/em>.<\/p>\n","protected":false},"excerpt":{"rendered":"<div class=\"mh-excerpt\">Passades les 13,30 hores d&#8217;aquest diumenge, 20 d&#8217;abril, s&#8217;ha mobilitzat un helic\u00f2pter del Grup Especial de Rescat a Altura (GERA) del Consorci Provincial de Bombers de Val\u00e8ncia per a per a soc\u00f3rrer a un home <a class=\"mh-excerpt-more\" href=\"https:\/\/tucomarca.whitekongsoftware.com\/ca\/rescaten-en-helicopter-a-un-home-de-33-anys-lesionat-en-la-jarra-de-bunyol\/\" title=\"Rescaten en helic\u00f2pter a un home de 33 anys lesionat en la Jarra de Bunyol\">[+] <\/a><\/div>\n","protected":false},"author":1,"featured_media":262780,"comment_status":"open","ping_status":"open","sticky":false,"template":"","format":"image","meta":{"footnotes":""},"categories":[10911,10898,10948,10894,10904,10912,10903,10896,10897],"tags":[22203,10913,20371,10914,13578],"class_list":["post-262783","post","type-post","status-publish","format-image","has-post-thumbnail","category-bunol-ca","category-ventana-ca","category-infraestructuras-ca","category-la-comarca-ca","category-sin-categorizar-ca","category-la-hoya-ca","category-medio-ambiente-la-comarca-ca","category-seccion-ca","category-sucesos-la-comarca-ca","tag-aereo-ca","tag-bunol-ca","tag-consorcio-provincial-de-bomberos-ca","tag-la-hoya-de-bunol-chiva-ca","tag-rescate-ca","post_format-post-format-image"],"_links":{"self":[{"href":"https:\/\/tucomarca.whitekongsoftware.com\/ca\/wp-json\/wp\/v2\/posts\/262783","targetHints":{"allow":["GET"]}}],"collection":[{"href":"https:\/\/tucomarca.whitekongsoftware.com\/ca\/wp-json\/wp\/v2\/posts"}],"about":[{"href":"https:\/\/tucomarca.whitekongsoftware.com\/ca\/wp-json\/wp\/v2\/types\/post"}],"author":[{"embeddable":true,"href":"https:\/\/tucomarca.whitekongsoftware.com\/ca\/wp-json\/wp\/v2\/users\/1"}],"replies":[{"embeddable":true,"href":"https:\/\/tucomarca.whitekongsoftware.com\/ca\/wp-json\/wp\/v2\/comments?post=262783"}],"version-history":[{"count":0,"href":"https:\/\/tucomarca.whitekongsoftware.com\/ca\/wp-json\/wp\/v2\/posts\/262783\/revisions"}],"wp:featuredmedia":[{"embeddable":true,"href":"https:\/\/tucomarca.whitekongsoftware.com\/ca\/wp-json\/wp\/v2\/media\/262780"}],"wp:attachment":[{"href":"https:\/\/tucomarca.whitekongsoftware.com\/ca\/wp-json\/wp\/v2\/media?parent=262783"}],"wp:term":[{"taxonomy":"category","embeddable":true,"href":"https:\/\/tucomarca.whitekongsoftware.com\/ca\/wp-json\/wp\/v2\/categories?post=262783"},{"taxonomy":"post_tag","embeddable":true,"href":"https:\/\/tucomarca.whitekongsoftware.com\/ca\/wp-json\/wp\/v2\/tags?post=262783"}],"curies":[{"name":"wp","href":"https:\/\/api.w.org\/{rel}","templated":true}]}}