{"id":262632,"date":"2025-04-19T08:00:00","date_gmt":"2025-04-19T06:00:00","guid":{"rendered":"https:\/\/www.tucomarca.com\/wordpress\/segunda\/?p=262632"},"modified":"2025-04-19T14:19:18","modified_gmt":"2025-04-19T12:19:18","slug":"lajuntament-de-dosaigues-suspen-tots-els-actes-de-setmana-santa-i-pasqua-per-la-defuncio-del-vei-corneado-per-un-bou","status":"publish","type":"post","link":"https:\/\/tucomarca.whitekongsoftware.com\/ca\/lajuntament-de-dosaigues-suspen-tots-els-actes-de-setmana-santa-i-pasqua-per-la-defuncio-del-vei-corneado-per-un-bou\/","title":{"rendered":"L&#8217;Ajuntament de Dosaig\u00fces susp\u00e9n tots els actes de Setmana Santa i Pasqua per la defunci\u00f3 de l&#8217;home corneado per un bou"},"content":{"rendered":"\n<h3 class=\"wp-block-heading\">L&#8217;Ajuntament de Dosaig\u00fces anuncia la suspensi\u00f3 d&#8217;activitats per dol despr\u00e9s d&#8217;un succ\u00e9s en el municipi.<\/h3>\n\n\n\n<p class=\"wp-block-paragraph\">L&#8217;Ajuntament de Dosaig\u00fces ha comunicat que, a causa de la defunci\u00f3 d&#8217;un home de 69 anys corneado per un bou durant els festejos taurins del mat\u00ed del Divendres Sant, s&#8217;ha decidit suspendre tots els actes programats per a aquestes Pasq\u00fces i Setmana Santa. La mesura es pren com a mostra de respecte i dol per la situaci\u00f3 que travessa la poblaci\u00f3.<\/p>\n\n\n\n<p class=\"wp-block-paragraph\">Des de l&#8217;Ajuntament han expressat el seu agra\u00efment als ve\u00efns i ve\u00efnes per la seua comprensi\u00f3 en aquests moments tan delicats.<\/p>\n","protected":false},"excerpt":{"rendered":"<div class=\"mh-excerpt\">L&#8217;Ajuntament de Dosaig\u00fces anuncia la suspensi\u00f3 d&#8217;activitats per dol despr\u00e9s d&#8217;un succ\u00e9s en el municipi. L&#8217;Ajuntament de Dosaig\u00fces ha comunicat que, a causa de la defunci\u00f3 d&#8217;un home de 69 anys corneado per un bou <a class=\"mh-excerpt-more\" href=\"https:\/\/tucomarca.whitekongsoftware.com\/ca\/lajuntament-de-dosaigues-suspen-tots-els-actes-de-setmana-santa-i-pasqua-per-la-defuncio-del-vei-corneado-per-un-bou\/\" title=\"L&#8217;Ajuntament de Dosaig\u00fces susp\u00e9n tots els actes de Setmana Santa i Pasqua per la defunci\u00f3 de l&#8217;home corneado per un bou\">[+] <\/a><\/div>\n","protected":false},"author":1,"featured_media":262631,"comment_status":"open","ping_status":"open","sticky":false,"template":"","format":"standard","meta":{"footnotes":""},"categories":[10976,10898,10894,10904,10912,10896,10897],"tags":[22198,11132,10914,22199],"class_list":["post-262632","post","type-post","status-publish","format-standard","has-post-thumbnail","category-dos-aguas-ca","category-ventana-ca","category-la-comarca-ca","category-sin-categorizar-ca","category-la-hoya-ca","category-seccion-ca","category-sucesos-la-comarca-ca","tag-corneado-ca","tag-dos-aguas","tag-la-hoya-de-bunol-chiva-ca","tag-vecino-ca"],"_links":{"self":[{"href":"https:\/\/tucomarca.whitekongsoftware.com\/ca\/wp-json\/wp\/v2\/posts\/262632","targetHints":{"allow":["GET"]}}],"collection":[{"href":"https:\/\/tucomarca.whitekongsoftware.com\/ca\/wp-json\/wp\/v2\/posts"}],"about":[{"href":"https:\/\/tucomarca.whitekongsoftware.com\/ca\/wp-json\/wp\/v2\/types\/post"}],"author":[{"embeddable":true,"href":"https:\/\/tucomarca.whitekongsoftware.com\/ca\/wp-json\/wp\/v2\/users\/1"}],"replies":[{"embeddable":true,"href":"https:\/\/tucomarca.whitekongsoftware.com\/ca\/wp-json\/wp\/v2\/comments?post=262632"}],"version-history":[{"count":0,"href":"https:\/\/tucomarca.whitekongsoftware.com\/ca\/wp-json\/wp\/v2\/posts\/262632\/revisions"}],"wp:featuredmedia":[{"embeddable":true,"href":"https:\/\/tucomarca.whitekongsoftware.com\/ca\/wp-json\/wp\/v2\/media\/262631"}],"wp:attachment":[{"href":"https:\/\/tucomarca.whitekongsoftware.com\/ca\/wp-json\/wp\/v2\/media?parent=262632"}],"wp:term":[{"taxonomy":"category","embeddable":true,"href":"https:\/\/tucomarca.whitekongsoftware.com\/ca\/wp-json\/wp\/v2\/categories?post=262632"},{"taxonomy":"post_tag","embeddable":true,"href":"https:\/\/tucomarca.whitekongsoftware.com\/ca\/wp-json\/wp\/v2\/tags?post=262632"}],"curies":[{"name":"wp","href":"https:\/\/api.w.org\/{rel}","templated":true}]}}