{"id":262555,"date":"2025-04-19T08:58:00","date_gmt":"2025-04-19T06:58:00","guid":{"rendered":"https:\/\/www.tucomarca.com\/wordpress\/segunda\/?p=262555"},"modified":"2025-04-19T14:32:31","modified_gmt":"2025-04-19T12:32:31","slug":"la-diputacio-reobri-al-transit-el-pont-del-pitxer-que-permet-el-transit-des-de-bunyol-cap-a-la-muntanya-de-la-creu","status":"publish","type":"post","link":"https:\/\/tucomarca.whitekongsoftware.com\/ca\/la-diputacio-reobri-al-transit-el-pont-del-pitxer-que-permet-el-transit-des-de-bunyol-cap-a-la-muntanya-de-la-creu\/","title":{"rendered":"La Diputaci\u00f3 reobri al tr\u00e0nsit el pont de la Jarra que permet el tr\u00e0nsit des de Bunyol cap a la muntanya de la Creu"},"content":{"rendered":"\n<p class=\"wp-block-paragraph\">La Diputaci\u00f3 de Val\u00e8ncia ha reobert aquest dijous, 17 d&#8217;abril, el conegut popularment com a pont de la Jarra, que connecta el nucli urb\u00e0 amb la muntanya de La Cruz i que estava tancat des del passat 29 d&#8217;octubre, quan va ser greument afectat per la crescuda del riu Bunyol sobre el qual creua a conseq\u00fc\u00e8ncia de la DANA del passat 29 d&#8217;octubre.<\/p>\n\n\n\n<p class=\"wp-block-paragraph\">Si b\u00e9 encara no s&#8217;han completat definitivament els treballs de reconstrucci\u00f3, &#8220;la instituci\u00f3 provincial ha considerat prioritari permetre el pas al tr\u00e0nsit que des de Bunyol va cap a la Muntanya de la Creu, al Riu Juanes o fins a la localitat d&#8217;I\u00e0tova&#8221;, tal com ha explicat l&#8217;Ajuntament de Bunyol a trav\u00e9s de les seues xarxes socials.<\/p>\n\n\n\n<p class=\"wp-block-paragraph\">Les obres pendents s&#8217;aniran finalitzant amb la via oberta. Amb aquesta reobertura s&#8217;ha alleujat una situaci\u00f3 d&#8217;incomunicaci\u00f3 que ha durat quasi sis mesos, recuperant una connexi\u00f3 fonamental per a Bunyol i el seu entorn.<\/p>\n\n\n\n<figure class=\"wp-block-gallery has-nested-images columns-2 is-cropped wp-block-gallery-1 is-layout-flex wp-block-gallery-is-layout-flex\">\n<figure class=\"wp-block-image size-large\"><img loading=\"lazy\" decoding=\"async\" width=\"1024\" height=\"691\" data-id=\"262543\" src=\"https:\/\/www.tucomarca.com\/wordpress\/segunda\/wp-content\/uploads\/2025\/04\/PuenteJarraNuevo-1024x691.jpg\" alt=\"\" class=\"wp-image-262543\" srcset=\"https:\/\/tucomarca.whitekongsoftware.com\/wp-content\/uploads\/2025\/04\/PuenteJarraNuevo-1024x691.jpg 1024w, https:\/\/tucomarca.whitekongsoftware.com\/wp-content\/uploads\/2025\/04\/PuenteJarraNuevo-300x202.jpg 300w, https:\/\/tucomarca.whitekongsoftware.com\/wp-content\/uploads\/2025\/04\/PuenteJarraNuevo-768x518.jpg 768w, https:\/\/tucomarca.whitekongsoftware.com\/wp-content\/uploads\/2025\/04\/PuenteJarraNuevo.jpg 1181w\" sizes=\"auto, (max-width: 1024px) 100vw, 1024px\" \/><\/figure>\n\n\n\n<figure class=\"wp-block-image size-large\"><img loading=\"lazy\" decoding=\"async\" width=\"1024\" height=\"691\" data-id=\"262550\" src=\"https:\/\/www.tucomarca.com\/wordpress\/segunda\/wp-content\/uploads\/2025\/04\/CarreteraMontelaCruz1-1024x691.jpg\" alt=\"\" class=\"wp-image-262550\" srcset=\"https:\/\/tucomarca.whitekongsoftware.com\/wp-content\/uploads\/2025\/04\/CarreteraMontelaCruz1-1024x691.jpg 1024w, https:\/\/tucomarca.whitekongsoftware.com\/wp-content\/uploads\/2025\/04\/CarreteraMontelaCruz1-300x202.jpg 300w, https:\/\/tucomarca.whitekongsoftware.com\/wp-content\/uploads\/2025\/04\/CarreteraMontelaCruz1-768x518.jpg 768w, https:\/\/tucomarca.whitekongsoftware.com\/wp-content\/uploads\/2025\/04\/CarreteraMontelaCruz1.jpg 1181w\" sizes=\"auto, (max-width: 1024px) 100vw, 1024px\" \/><\/figure>\n\n\n\n<figure class=\"wp-block-image size-large\"><img loading=\"lazy\" decoding=\"async\" width=\"1024\" height=\"691\" data-id=\"262552\" src=\"https:\/\/www.tucomarca.com\/wordpress\/segunda\/wp-content\/uploads\/2025\/04\/CarreteraMontelaCruz2-1024x691.jpg\" alt=\"\" class=\"wp-image-262552\" srcset=\"https:\/\/tucomarca.whitekongsoftware.com\/wp-content\/uploads\/2025\/04\/CarreteraMontelaCruz2-1024x691.jpg 1024w, https:\/\/tucomarca.whitekongsoftware.com\/wp-content\/uploads\/2025\/04\/CarreteraMontelaCruz2-300x202.jpg 300w, https:\/\/tucomarca.whitekongsoftware.com\/wp-content\/uploads\/2025\/04\/CarreteraMontelaCruz2-768x518.jpg 768w, https:\/\/tucomarca.whitekongsoftware.com\/wp-content\/uploads\/2025\/04\/CarreteraMontelaCruz2.jpg 1181w\" sizes=\"auto, (max-width: 1024px) 100vw, 1024px\" \/><\/figure>\n<\/figure>\n","protected":false},"excerpt":{"rendered":"<div class=\"mh-excerpt\">La Diputaci\u00f3 de Val\u00e8ncia ha reobert aquest dijous, 17 d&#8217;abril, el conegut popularment com a pont de la Jarra, que connecta el nucli urb\u00e0 amb la muntanya de La Cruz i que estava tancat des <a class=\"mh-excerpt-more\" href=\"https:\/\/tucomarca.whitekongsoftware.com\/ca\/la-diputacio-reobri-al-transit-el-pont-del-pitxer-que-permet-el-transit-des-de-bunyol-cap-a-la-muntanya-de-la-creu\/\" title=\"La Diputaci\u00f3 reobri al tr\u00e0nsit el pont de la Jarra que permet el tr\u00e0nsit des de Bunyol cap a la muntanya de la Creu\">[+] <\/a><\/div>\n","protected":false},"author":12,"featured_media":262723,"comment_status":"open","ping_status":"open","sticky":false,"template":"","format":"gallery","meta":{"footnotes":""},"categories":[10911,21466,10898,10948,10894,10904,10912,10947,10896],"tags":[11158,10913,15409,11246,10914,22193],"class_list":["post-262555","post","type-post","status-publish","format-gallery","has-post-thumbnail","category-bunol-ca","category-dana-ca","category-ventana-ca","category-infraestructuras-ca","category-la-comarca-ca","category-sin-categorizar-ca","category-la-hoya-ca","category-politica","category-seccion-ca","tag-ayuntamiento-de-bunol-ca","tag-bunol-ca","tag-dana-2-ca","tag-diputacio-de-valencia-ca","tag-la-hoya-de-bunol-chiva-ca","tag-puente-de-la-jarra-ca","post_format-post-format-gallery"],"_links":{"self":[{"href":"https:\/\/tucomarca.whitekongsoftware.com\/ca\/wp-json\/wp\/v2\/posts\/262555","targetHints":{"allow":["GET"]}}],"collection":[{"href":"https:\/\/tucomarca.whitekongsoftware.com\/ca\/wp-json\/wp\/v2\/posts"}],"about":[{"href":"https:\/\/tucomarca.whitekongsoftware.com\/ca\/wp-json\/wp\/v2\/types\/post"}],"author":[{"embeddable":true,"href":"https:\/\/tucomarca.whitekongsoftware.com\/ca\/wp-json\/wp\/v2\/users\/12"}],"replies":[{"embeddable":true,"href":"https:\/\/tucomarca.whitekongsoftware.com\/ca\/wp-json\/wp\/v2\/comments?post=262555"}],"version-history":[{"count":0,"href":"https:\/\/tucomarca.whitekongsoftware.com\/ca\/wp-json\/wp\/v2\/posts\/262555\/revisions"}],"wp:featuredmedia":[{"embeddable":true,"href":"https:\/\/tucomarca.whitekongsoftware.com\/ca\/wp-json\/wp\/v2\/media\/262723"}],"wp:attachment":[{"href":"https:\/\/tucomarca.whitekongsoftware.com\/ca\/wp-json\/wp\/v2\/media?parent=262555"}],"wp:term":[{"taxonomy":"category","embeddable":true,"href":"https:\/\/tucomarca.whitekongsoftware.com\/ca\/wp-json\/wp\/v2\/categories?post=262555"},{"taxonomy":"post_tag","embeddable":true,"href":"https:\/\/tucomarca.whitekongsoftware.com\/ca\/wp-json\/wp\/v2\/tags?post=262555"}],"curies":[{"name":"wp","href":"https:\/\/api.w.org\/{rel}","templated":true}]}}