{"id":262505,"date":"2025-04-17T09:55:00","date_gmt":"2025-04-17T07:55:00","guid":{"rendered":"https:\/\/www.tucomarca.com\/wordpress\/segunda\/?p=262505"},"modified":"2025-04-17T21:38:30","modified_gmt":"2025-04-17T19:38:30","slug":"gan-pampols-a-sot-de-xera-i-xestalgar-la-recuperacio-passa-per-garantir-mitjans-de-vida-a-tota-la-poblacio-i-evitar-aixi-labando-dels-pobles-mes-xicotets","status":"publish","type":"post","link":"https:\/\/tucomarca.whitekongsoftware.com\/ca\/gan-pampols-a-sot-de-xera-i-xestalgar-la-recuperacio-passa-per-garantir-mitjans-de-vida-a-tota-la-poblacio-i-evitar-aixi-labando-dels-pobles-mes-xicotets\/","title":{"rendered":"Gan Pampols a Sot de Xera i Xestalgar: &#8220;La recuperaci\u00f3 passa per garantir mitjans de vida a tota la poblaci\u00f3 i evitar aix\u00ed l&#8217;aband\u00f3 dels pobles m\u00e9s xicotets&#8221;"},"content":{"rendered":"\n<h3 class=\"wp-block-heading\">Destaca que el Pla Endavant t\u00e9 com a objectiu \u201canar m\u00e9s enll\u00e0 de la reconstrucci\u00f3 f\u00edsica\u201d i edificar un nou model econ\u00f2mic, social i ambiental que garantisca \u201cseguretat i futur\u201d als municipis.<\/h3>\n\n\n\n<p class=\"wp-block-paragraph\">El vicepresident segon i conseller per a la Recuperaci\u00f3 Econ\u00f2mica i Social de la Comunitat Valenciana, Francisco Jos\u00e9 Gan Pampols, ha assenyalat que la recuperaci\u00f3 \u201cpassa per garantir mitjans de vida a la poblaci\u00f3 i evitar aix\u00ed l&#8217;aband\u00f3 dels pobles, especialment els m\u00e9s xicotets\u201d.<\/p>\n\n\n\n<p class=\"wp-block-paragraph\">Gan Pampols ha realitzat aquestes declaracions despr\u00e9s de visitar, al costat del secretari auton\u00f2mic per a la Recuperaci\u00f3 Econ\u00f2mica i Social, Venancio Aguado, i la directora general de Coordinaci\u00f3, Control i Seguiment, Ana Tortosa, les localitats de Sot de Xera i de Xestalgar, situades a la comarca dels Serrano, on ha pogut comprovar de primera m\u00e0 els danys que ha provocat la riuada.<\/p>\n\n\n\n<p class=\"wp-block-paragraph\">El vicepresident s&#8217;ha entrevistat amb l&#8217;alcalde de Sot de Xera, Tom\u00e1s Cervera, i Xestalgar, Ra\u00fal Pardos, amb els quals ha intercanviat impressions sobre les necessitats dels municipis i els eixos que marcar\u00e0 el Pla Endavant per a la recuperaci\u00f3 en aquestes localitats.&nbsp;<\/p>\n\n\n\n<p class=\"wp-block-paragraph\">Sot Xera i Xestalgar, amb una poblaci\u00f3 d&#8217;uns 400 i 500 habitants respectivament, constitueixen el paradigma de poble d&#8217;interior amb poca poblaci\u00f3 i una gran depend\u00e8ncia econ\u00f2mica del turisme i de l&#8217;agricultura, uns sectors que han resultat especialment afectats per la riuada.&nbsp;<\/p>\n\n\n\n<p class=\"wp-block-paragraph\">\u201cPer a molts municipis, sobretot els de l&#8217;interior de la prov\u00edncia de Val\u00e8ncia, el turisme \u00e9s una activitat fonamental en les seues economies i tamb\u00e9 una via per a evitar la despoblaci\u00f3, per aix\u00f2 des de la Generalitat estem treballant per a ajudar-los i que puguen reactivar com m\u00e9s prompte millor l&#8217;activitat tur\u00edstica, com una de les claus per a la recuperaci\u00f3 d&#8217;aquestes poblacions\u201d, ha afirmat el vicepresident.&nbsp;<\/p>\n\n\n\n<p class=\"wp-block-paragraph\">Gan Pampols ha destacat que el Pla de Recuperaci\u00f3 Endavant t\u00e9 com a objectiu \u201canar m\u00e9s enll\u00e0 de la reconstrucci\u00f3 f\u00edsica\u201d i edificar un nou model econ\u00f2mic, social i ambiental que garantisca \u201cseguretat i futur\u201d als municipis.&nbsp;<\/p>\n\n\n\n<figure class=\"wp-block-image size-large\"><img loading=\"lazy\" decoding=\"async\" width=\"1024\" height=\"768\" src=\"http:\/\/www.tucomarca.com\/wordpress\/segunda\/wp-content\/uploads\/2025\/04\/GanPampolsSotChera-1024x768.jpeg\" alt=\"\" class=\"wp-image-262501\" srcset=\"https:\/\/tucomarca.whitekongsoftware.com\/wp-content\/uploads\/2025\/04\/GanPampolsSotChera-1024x768.jpeg 1024w, https:\/\/tucomarca.whitekongsoftware.com\/wp-content\/uploads\/2025\/04\/GanPampolsSotChera-300x225.jpeg 300w, https:\/\/tucomarca.whitekongsoftware.com\/wp-content\/uploads\/2025\/04\/GanPampolsSotChera-768x576.jpeg 768w, https:\/\/tucomarca.whitekongsoftware.com\/wp-content\/uploads\/2025\/04\/GanPampolsSotChera-1536x1152.jpeg 1536w, https:\/\/tucomarca.whitekongsoftware.com\/wp-content\/uploads\/2025\/04\/GanPampolsSotChera-678x509.jpeg 678w, https:\/\/tucomarca.whitekongsoftware.com\/wp-content\/uploads\/2025\/04\/GanPampolsSotChera-326x245.jpeg 326w, https:\/\/tucomarca.whitekongsoftware.com\/wp-content\/uploads\/2025\/04\/GanPampolsSotChera-80x60.jpeg 80w, https:\/\/tucomarca.whitekongsoftware.com\/wp-content\/uploads\/2025\/04\/GanPampolsSotChera.jpeg 1600w\" sizes=\"auto, (max-width: 1024px) 100vw, 1024px\" \/><\/figure>\n\n\n\n<p class=\"wp-block-paragraph\"><strong>Sot de Xera<\/strong><\/p>\n\n\n\n<p class=\"wp-block-paragraph\">El parc natural de Sot de Xera \u00e9s el principal atractiu d&#8217;aquesta localitat de l&#8217;interior de la prov\u00edncia de Val\u00e8ncia i constitueix tamb\u00e9 el seu motor econ\u00f2mic.&nbsp;<\/p>\n\n\n\n<p class=\"wp-block-paragraph\">Aquest paratge va quedar arrasat per la riuada del passat 29 d&#8217;octubre, que va destrossar tant les piscines naturals situades al costat del riu Sot, com els berenadors i zones d&#8217;aparcament constru\u00efts al seu al voltant, acabant aix\u00ed amb una de les fonts d&#8217;ingressos b\u00e0siques del municipi.<\/p>\n\n\n\n<p class=\"wp-block-paragraph\">La riuada va afectar tamb\u00e9 a tot el llit del riu, de manera que el s\u00f2l fluvial, la vegetaci\u00f3 i la fauna han desaparegut, ja que el pas de l&#8217;aigua va erosionar l&#8217;espai deixant a la vista la roca mare, sense dep\u00f2sits materials o refer\u00e8ncies vegetals.<\/p>\n\n\n\n<p class=\"wp-block-paragraph\">La crescuda del riu va arrasar tamb\u00e9 els ponts al costat del nucli urb\u00e0, aix\u00ed com nombrosos camins, i va destrossar tot el sistema integral d&#8217;aig\u00fces.<\/p>\n\n\n\n<figure class=\"wp-block-image size-large\"><img loading=\"lazy\" decoding=\"async\" width=\"1024\" height=\"768\" src=\"http:\/\/www.tucomarca.com\/wordpress\/segunda\/wp-content\/uploads\/2025\/04\/GanPampolsGestalgar-1024x768.jpeg\" alt=\"\" class=\"wp-image-262499\" srcset=\"https:\/\/tucomarca.whitekongsoftware.com\/wp-content\/uploads\/2025\/04\/GanPampolsGestalgar-1024x768.jpeg 1024w, https:\/\/tucomarca.whitekongsoftware.com\/wp-content\/uploads\/2025\/04\/GanPampolsGestalgar-300x225.jpeg 300w, https:\/\/tucomarca.whitekongsoftware.com\/wp-content\/uploads\/2025\/04\/GanPampolsGestalgar-768x576.jpeg 768w, https:\/\/tucomarca.whitekongsoftware.com\/wp-content\/uploads\/2025\/04\/GanPampolsGestalgar-1536x1152.jpeg 1536w, https:\/\/tucomarca.whitekongsoftware.com\/wp-content\/uploads\/2025\/04\/GanPampolsGestalgar-678x509.jpeg 678w, https:\/\/tucomarca.whitekongsoftware.com\/wp-content\/uploads\/2025\/04\/GanPampolsGestalgar-326x245.jpeg 326w, https:\/\/tucomarca.whitekongsoftware.com\/wp-content\/uploads\/2025\/04\/GanPampolsGestalgar-80x60.jpeg 80w, https:\/\/tucomarca.whitekongsoftware.com\/wp-content\/uploads\/2025\/04\/GanPampolsGestalgar.jpeg 1600w\" sizes=\"auto, (max-width: 1024px) 100vw, 1024px\" \/><\/figure>\n\n\n\n<p class=\"wp-block-paragraph\"><strong>Xestalgar<\/strong><\/p>\n\n\n\n<p class=\"wp-block-paragraph\">Pel que respecta a Xestalgar, les seues infraestructures vi\u00e0ries, especialment aquelles pr\u00f2ximes al riu T\u00faria, van patir greus danys per la riuada com \u00e9s el cas del &#8216;Cam\u00ed de la depuradora&#8217;, que permet l&#8217;acc\u00e9s a la zona sud del nucli urb\u00e0, o el &#8216;Cam\u00ed de la central hidroel\u00e8ctrica&#8217;.<\/p>\n\n\n\n<p class=\"wp-block-paragraph\">Tamb\u00e9 van resultar danyades moltes parcel\u00b7les amb cultius i explotacions agr\u00e0ries, aix\u00ed com els seus sistemes de regadiu i vies d&#8217;acc\u00e9s. Aix\u00ed mateix, els marges fluvials van quedar afectats i van provocar moviments de terra i despreniments a les muntanyes que envolten i confinen en el municipi.<\/p>\n","protected":false},"excerpt":{"rendered":"<div class=\"mh-excerpt\">Destaca que el Pla Endavant t\u00e9 com a objectiu \u201canar m\u00e9s enll\u00e0 de la reconstrucci\u00f3 f\u00edsica\u201d i edificar un nou model econ\u00f2mic, social i ambiental que garantisca \u201cseguretat i futur\u201d als municipis. El vicepresident segon <a class=\"mh-excerpt-more\" href=\"https:\/\/tucomarca.whitekongsoftware.com\/ca\/gan-pampols-a-sot-de-xera-i-xestalgar-la-recuperacio-passa-per-garantir-mitjans-de-vida-a-tota-la-poblacio-i-evitar-aixi-labando-dels-pobles-mes-xicotets\/\" title=\"Gan Pampols a Sot de Xera i Xestalgar: &#8220;La recuperaci\u00f3 passa per garantir mitjans de vida a tota la poblaci\u00f3 i evitar aix\u00ed l&#8217;aband\u00f3 dels pobles m\u00e9s xicotets&#8221;\">[+] <\/a><\/div>\n","protected":false},"author":1,"featured_media":262502,"comment_status":"open","ping_status":"open","sticky":false,"template":"","format":"standard","meta":{"footnotes":""},"categories":[21466,11046,10898,11034,10948,10894,10904,10903,10947,10896,11026,10897],"tags":[15409,11663,11199,11928,11080,17643],"class_list":["post-262505","post","type-post","status-publish","format-standard","has-post-thumbnail","category-dana-ca","category-los-serranos-ca","category-ventana-ca","category-gestalgar-ca","category-infraestructuras-ca","category-la-comarca-ca","category-sin-categorizar-ca","category-medio-ambiente-la-comarca-ca","category-politica","category-seccion-ca","category-sot-de-chera-ca","category-sucesos-la-comarca-ca","tag-dana-2-ca","tag-gestalgar-ca","tag-la-comunitat-ca","tag-la-serrania-ca","tag-los-serranos-ca","tag-sot-de-chera-ca"],"_links":{"self":[{"href":"https:\/\/tucomarca.whitekongsoftware.com\/ca\/wp-json\/wp\/v2\/posts\/262505","targetHints":{"allow":["GET"]}}],"collection":[{"href":"https:\/\/tucomarca.whitekongsoftware.com\/ca\/wp-json\/wp\/v2\/posts"}],"about":[{"href":"https:\/\/tucomarca.whitekongsoftware.com\/ca\/wp-json\/wp\/v2\/types\/post"}],"author":[{"embeddable":true,"href":"https:\/\/tucomarca.whitekongsoftware.com\/ca\/wp-json\/wp\/v2\/users\/1"}],"replies":[{"embeddable":true,"href":"https:\/\/tucomarca.whitekongsoftware.com\/ca\/wp-json\/wp\/v2\/comments?post=262505"}],"version-history":[{"count":0,"href":"https:\/\/tucomarca.whitekongsoftware.com\/ca\/wp-json\/wp\/v2\/posts\/262505\/revisions"}],"wp:featuredmedia":[{"embeddable":true,"href":"https:\/\/tucomarca.whitekongsoftware.com\/ca\/wp-json\/wp\/v2\/media\/262502"}],"wp:attachment":[{"href":"https:\/\/tucomarca.whitekongsoftware.com\/ca\/wp-json\/wp\/v2\/media?parent=262505"}],"wp:term":[{"taxonomy":"category","embeddable":true,"href":"https:\/\/tucomarca.whitekongsoftware.com\/ca\/wp-json\/wp\/v2\/categories?post=262505"},{"taxonomy":"post_tag","embeddable":true,"href":"https:\/\/tucomarca.whitekongsoftware.com\/ca\/wp-json\/wp\/v2\/tags?post=262505"}],"curies":[{"name":"wp","href":"https:\/\/api.w.org\/{rel}","templated":true}]}}