{"id":262388,"date":"2025-04-17T09:40:00","date_gmt":"2025-04-17T07:40:00","guid":{"rendered":"https:\/\/www.tucomarca.com\/wordpress\/segunda\/?p=262388"},"modified":"2025-04-17T15:49:26","modified_gmt":"2025-04-17T13:49:26","slug":"la-generalitat-impulsa-un-pla-per-a-fomentar-els-esports-de-muntanya-en-municipis-rurals-com-a-mesura-contra-la-despoblacio","status":"publish","type":"post","link":"https:\/\/tucomarca.whitekongsoftware.com\/ca\/la-generalitat-impulsa-un-pla-per-a-fomentar-els-esports-de-muntanya-en-municipis-rurals-com-a-mesura-contra-la-despoblacio\/","title":{"rendered":"La Generalitat impulsa un pla per a fomentar els esports de muntanya en municipis rurals com a mesura contra la despoblaci\u00f3"},"content":{"rendered":"\n<h3 class=\"wp-block-heading\">El director general d&#8217;Administraci\u00f3 Local destaca la col\u00b7laboraci\u00f3 amb la Direcci\u00f3 General d&#8217;Esport i amb la\u00a0Federaci\u00f3 d&#8217;Esports de Muntanya i Escalada per a desenvolupar aquest projecte.<\/h3>\n\n\n\n<h3 class=\"wp-block-heading\">Es revitalitzar\u00e0 la sendera europea GR7, una ruta que recorre la Comunitat Valenciana de nord a sud connectant m\u00e9s de 50 municipis rurals.<\/h3>\n\n\n\n<p class=\"wp-block-paragraph\">La Generalitat, a trav\u00e9s de la Direcci\u00f3 General d&#8217;Administraci\u00f3 Local, posar\u00e0 en marxa un pla per a fomentar els esports de muntanya en municipis rurals com a mesura contra la despoblaci\u00f3, cohesi\u00f3 territorial i dinamitzaci\u00f3 socioecon\u00f2mica en la Comunitat Valenciana, proposta que sorgeix de la col\u00b7laboraci\u00f3 amb la Federaci\u00f3 d&#8217;Esports de Muntanya i Escalada de la Comunitat Valenciana (FEMECV).&nbsp;<\/p>\n\n\n\n<p class=\"wp-block-paragraph\">El director general d&#8217;Administraci\u00f3 Local, Jos\u00e9 Antonio Redorat, ha qualificat de \u201cfonamental\u201d aquesta iniciativa, realitzada tamb\u00e9 en col\u00b7laboraci\u00f3 amb la Direcci\u00f3 General d&#8217;Esport, ja que contribuir\u00e0 &#8220;a revitalitzar els nostres municipis rurals\u201d. \u201cEl senderisme no sols promou la salut i el benestar, sin\u00f3 que tamb\u00e9 \u00e9s una eina clau per al desenvolupament econ\u00f2mic i la cohesi\u00f3 social en les zones m\u00e9s despoblades de la Comunitat Valenciana\u201d, ha afirmat Redorat.<\/p>\n\n\n\n<p class=\"wp-block-paragraph\">Entre els projectes inclosos en el pla, es contempla la revitalitzaci\u00f3 de la sendera europea GR7, una ruta de gran recorregut que travessa la Comunitat Valenciana de nord a sud al llarg de 600 quil\u00f2metres, connectant m\u00e9s de 50 municipis rurals, 18 d&#8217;ells en risc de despoblaci\u00f3.<\/p>\n\n\n\n<p class=\"wp-block-paragraph\">Al seu torn, es desenvoluparan actuacions que permeten millorar la xarxa de senderes homologades, oferir serveis de qualitat al senderista i promoure el coneixement del patrimoni natural i cultural d&#8217;aquestes zones de muntanya.<\/p>\n\n\n\n<p class=\"wp-block-paragraph\">Un altre dels punts clau s&#8217;orienta a la continu\u00eftat i refor\u00e7 de les ajudes al manteniment de senderes, amb l&#8217;objectiu de consolidar una infraestructura verda que impulse el turisme actiu, fomente h\u00e0bits de vida saludables i genere oportunitats de desenvolupament sostenible en el medi rural.<\/p>\n\n\n\n<p class=\"wp-block-paragraph\">Redorat ha assegurat que la Generalitat \u201crefor\u00e7a el seu comprom\u00eds amb la protecci\u00f3 de l&#8217;entorn natural, la mobilitat sostenible i la vertebraci\u00f3 de les comarques d&#8217;interior, consolidant el senderisme com una eina transformadora al servei de la societat\u201d.<\/p>\n\n\n\n<p class=\"wp-block-paragraph\">Aquest pla es donar\u00e0 a con\u00e9ixer el pr\u00f2xim 27 de juny a Morella, durant una jornada t\u00e8cnica que reunir\u00e0 federacions auton\u00f2miques, clubs de muntanya i administracions de tot l&#8217;Arc Mediterrani implicades en la gesti\u00f3 del GR7.<\/p>\n","protected":false},"excerpt":{"rendered":"<div class=\"mh-excerpt\">El director general d&#8217;Administraci\u00f3 Local destaca la col\u00b7laboraci\u00f3 amb la Direcci\u00f3 General d&#8217;Esport i amb la\u00a0Federaci\u00f3 d&#8217;Esports de Muntanya i Escalada per a desenvolupar aquest projecte. Es revitalitzar\u00e0 la sendera europea GR7, una ruta que <a class=\"mh-excerpt-more\" href=\"https:\/\/tucomarca.whitekongsoftware.com\/ca\/la-generalitat-impulsa-un-pla-per-a-fomentar-els-esports-de-muntanya-en-municipis-rurals-com-a-mesura-contra-la-despoblacio\/\" title=\"La Generalitat impulsa un pla per a fomentar els esports de muntanya en municipis rurals com a mesura contra la despoblaci\u00f3\">[+] <\/a><\/div>\n","protected":false},"author":13,"featured_media":262386,"comment_status":"open","ping_status":"open","sticky":false,"template":"","format":"standard","meta":{"footnotes":""},"categories":[11003,10898,10948,10894,10904,10903,10947,10896],"tags":[11074,11199],"class_list":["post-262388","post","type-post","status-publish","format-standard","has-post-thumbnail","category-sports","category-ventana-ca","category-infraestructuras-ca","category-la-comarca-ca","category-sin-categorizar-ca","category-medio-ambiente-la-comarca-ca","category-politica","category-seccion-ca","tag-deportes-ca","tag-la-comunitat-ca"],"_links":{"self":[{"href":"https:\/\/tucomarca.whitekongsoftware.com\/ca\/wp-json\/wp\/v2\/posts\/262388","targetHints":{"allow":["GET"]}}],"collection":[{"href":"https:\/\/tucomarca.whitekongsoftware.com\/ca\/wp-json\/wp\/v2\/posts"}],"about":[{"href":"https:\/\/tucomarca.whitekongsoftware.com\/ca\/wp-json\/wp\/v2\/types\/post"}],"author":[{"embeddable":true,"href":"https:\/\/tucomarca.whitekongsoftware.com\/ca\/wp-json\/wp\/v2\/users\/13"}],"replies":[{"embeddable":true,"href":"https:\/\/tucomarca.whitekongsoftware.com\/ca\/wp-json\/wp\/v2\/comments?post=262388"}],"version-history":[{"count":0,"href":"https:\/\/tucomarca.whitekongsoftware.com\/ca\/wp-json\/wp\/v2\/posts\/262388\/revisions"}],"wp:featuredmedia":[{"embeddable":true,"href":"https:\/\/tucomarca.whitekongsoftware.com\/ca\/wp-json\/wp\/v2\/media\/262386"}],"wp:attachment":[{"href":"https:\/\/tucomarca.whitekongsoftware.com\/ca\/wp-json\/wp\/v2\/media?parent=262388"}],"wp:term":[{"taxonomy":"category","embeddable":true,"href":"https:\/\/tucomarca.whitekongsoftware.com\/ca\/wp-json\/wp\/v2\/categories?post=262388"},{"taxonomy":"post_tag","embeddable":true,"href":"https:\/\/tucomarca.whitekongsoftware.com\/ca\/wp-json\/wp\/v2\/tags?post=262388"}],"curies":[{"name":"wp","href":"https:\/\/api.w.org\/{rel}","templated":true}]}}