{"id":262368,"date":"2025-04-16T09:05:00","date_gmt":"2025-04-16T07:05:00","guid":{"rendered":"https:\/\/www.tucomarca.com\/wordpress\/segunda\/?p=262368"},"modified":"2025-04-16T22:06:40","modified_gmt":"2025-04-16T20:06:40","slug":"el-pp-de-requena-assegura-que-la-vila-cau-mentre-que-el-govern-del-psoe-i-del-prya-porta-un-mes-sense-arqueoleg","status":"publish","type":"post","link":"https:\/\/tucomarca.whitekongsoftware.com\/ca\/el-pp-de-requena-assegura-que-la-vila-cau-mentre-que-el-govern-del-psoe-i-del-prya-porta-un-mes-sense-arqueoleg\/","title":{"rendered":"El PP de Requena assegura que &#8220;la Vila cau mentre que el govern del PSOE i del PRYA porta un mes sense arque\u00f2leg&#8221;"},"content":{"rendered":"\n<p class=\"wp-block-paragraph\">A mitjan mar\u00e7 el govern municipal de Requena \u201cno prorrogava la vida laboral de la persona que tenia en propietat la pla\u00e7a de arqueologo. L&#8217;argument per a no allargar la vida laboral de la titular va ser la intenci\u00f3 d&#8217;amortitzaci\u00f3 de la pla\u00e7a per part del govern\u201d afirmen els populars de Requena.<\/p>\n\n\n\n<p class=\"wp-block-paragraph\">\u201cEl barri medieval de La Vila cau mentre que el govern del PSOE i PRYA porta un mes sense arqueologo despr\u00e9s d&#8217;haver rebutjat la pr\u00f2rroga de la vida laboral de la titular\u201d denuncien<\/p>\n\n\n\n<p class=\"wp-block-paragraph\">\u201cEn els primers dies de mar\u00e7 a pesar que PSOE i PRYA argumentaren aquesta decisi\u00f3 per a no acceptar prolongar la vida laboral de la persona que havia consolidat la seua pla\u00e7a en el proc\u00e9s de<\/p>\n\n\n\n<p class=\"wp-block-paragraph\">consolidaci\u00f3 realitzat en 2024, un mes despr\u00e9s ni s&#8217;ha arribat a amortitzar la pla\u00e7a com es va dir quan es va rebutjar la petici\u00f3, ni s&#8217;ha cobert\u201d agreguen les fonts.<\/p>\n\n\n\n<p class=\"wp-block-paragraph\">Un mes despr\u00e9s veiem com al govern del PSOE i PRYA \u201cno li sembla prioritari el manteniment del nostre patrimoni i centre hist\u00f2ric.<\/p>\n","protected":false},"excerpt":{"rendered":"<div class=\"mh-excerpt\">A mitjan mar\u00e7 el govern municipal de Requena \u201cno prorrogava la vida laboral de la persona que tenia en propietat la pla\u00e7a de arqueologo. L&#8217;argument per a no allargar la vida laboral de la titular <a class=\"mh-excerpt-more\" href=\"https:\/\/tucomarca.whitekongsoftware.com\/ca\/el-pp-de-requena-assegura-que-la-vila-cau-mentre-que-el-govern-del-psoe-i-del-prya-porta-un-mes-sense-arqueoleg\/\" title=\"El PP de Requena assegura que &#8220;la Vila cau mentre que el govern del PSOE i del PRYA porta un mes sense arque\u00f2leg&#8221;\">[+] <\/a><\/div>\n","protected":false},"author":13,"featured_media":96733,"comment_status":"open","ping_status":"open","sticky":false,"template":"","format":"standard","meta":{"footnotes":""},"categories":[10948,10894,10947,10908,10909,10896],"tags":[11140,11099,10910],"class_list":["post-262368","post","type-post","status-publish","format-standard","has-post-thumbnail","category-infraestructuras-ca","category-la-comarca-ca","category-politica","category-requena-ca","category-requena-utiel-ca","category-seccion-ca","tag-politica-ca","tag-requena-ca","tag-requena-utiel-ca"],"_links":{"self":[{"href":"https:\/\/tucomarca.whitekongsoftware.com\/ca\/wp-json\/wp\/v2\/posts\/262368","targetHints":{"allow":["GET"]}}],"collection":[{"href":"https:\/\/tucomarca.whitekongsoftware.com\/ca\/wp-json\/wp\/v2\/posts"}],"about":[{"href":"https:\/\/tucomarca.whitekongsoftware.com\/ca\/wp-json\/wp\/v2\/types\/post"}],"author":[{"embeddable":true,"href":"https:\/\/tucomarca.whitekongsoftware.com\/ca\/wp-json\/wp\/v2\/users\/13"}],"replies":[{"embeddable":true,"href":"https:\/\/tucomarca.whitekongsoftware.com\/ca\/wp-json\/wp\/v2\/comments?post=262368"}],"version-history":[{"count":0,"href":"https:\/\/tucomarca.whitekongsoftware.com\/ca\/wp-json\/wp\/v2\/posts\/262368\/revisions"}],"wp:featuredmedia":[{"embeddable":true,"href":"https:\/\/tucomarca.whitekongsoftware.com\/ca\/wp-json\/wp\/v2\/media\/96733"}],"wp:attachment":[{"href":"https:\/\/tucomarca.whitekongsoftware.com\/ca\/wp-json\/wp\/v2\/media?parent=262368"}],"wp:term":[{"taxonomy":"category","embeddable":true,"href":"https:\/\/tucomarca.whitekongsoftware.com\/ca\/wp-json\/wp\/v2\/categories?post=262368"},{"taxonomy":"post_tag","embeddable":true,"href":"https:\/\/tucomarca.whitekongsoftware.com\/ca\/wp-json\/wp\/v2\/tags?post=262368"}],"curies":[{"name":"wp","href":"https:\/\/api.w.org\/{rel}","templated":true}]}}