{"id":262269,"date":"2025-04-16T08:45:00","date_gmt":"2025-04-16T06:45:00","guid":{"rendered":"https:\/\/www.tucomarca.com\/wordpress\/segunda\/?p=262269"},"modified":"2025-04-16T20:57:22","modified_gmt":"2025-04-16T18:57:22","slug":"la-diputacio-aprova-per-unanimitat-la-retransmissio-en-directe-de-les-sessions-de-la-comissio-destudi-sobre-la-dana","status":"publish","type":"post","link":"https:\/\/tucomarca.whitekongsoftware.com\/ca\/la-diputacio-aprova-per-unanimitat-la-retransmissio-en-directe-de-les-sessions-de-la-comissio-destudi-sobre-la-dana\/","title":{"rendered":"La Diputaci\u00f3 aprova per unanimitat la retransmissi\u00f3 en directe de les sessions de la comissi\u00f3 d&#8217;estudi sobre la DANA"},"content":{"rendered":"\n<h3 class=\"wp-block-heading\">El ple aprova una moci\u00f3 conjunta per a retransmetre les sessions per streaming i continuar pujant el contingut al canal Youtube de la instituci\u00f3.<\/h3>\n\n\n\n<h3 class=\"wp-block-heading\">Tamb\u00e9 tira avant estudiar el pagament, des de la Diputaci\u00f3, de la reparaci\u00f3 dels danys en infraestructures de municipis afectats per la dana que no cobrisca el Govern, al qual s&#8217;insta a explicar els criteris que han deixat fora del llistat estatal a 28 ajuntaments valencians.<\/h3>\n\n\n\n<p class=\"wp-block-paragraph\">La Diputaci\u00f3 de Val\u00e8ncia ha aprovat este dimarts per unanimitat una moci\u00f3 conjunta de tots els grups perqu\u00e8 les sessions de la comissi\u00f3 d&#8217;estudi sobre la DANA en la corporaci\u00f3 provincial es retransmeten en streaming i es continuen pujant al canal Youtube de la instituci\u00f3. Sobre este tema, el president, Vicent Momp\u00f3, ha deixat clar que la proposta &#8220;tira avant despr\u00e9s de l&#8217;acord entre tots els grups, com va succeir en el seu moment quan entre tots varem decidir acceptar les recomanacions dels t\u00e8cnics gravant el contingut de les sessions en videoacta i fent-les p\u00fabliques en Youtube\u201d.<\/p>\n\n\n\n<p class=\"wp-block-paragraph\">Tamb\u00e9 ha eixit, amb el vot favorable de tots els grups, la proposta de cobrir econ\u00f2micament el cost de les infraestructures danyades per la dana en els municipis amb menor afecci\u00f3, als quals el Govern d&#8217;Espanya sufragar\u00e0 el 50% de les despeses. En este sentit, la vicepresidenta primera, Nat\u00e0lia Enguix, ha proposat que la corporaci\u00f3 actue quan l&#8217;Executiu central comunique el llistat d&#8217;obres i les ajudes que prestar\u00e0; i la diputada Laura S\u00e1ez, titular d&#8217;Hisenda, ha instat el Govern a \u201cexplicar els criteris pels quals uns municipis estan en el llistat d&#8217;afectats i altres 28 ajuntaments no ho estan\u201d. En tot cas, tots els grups en la Diputaci\u00f3 estan d&#8217;acord en \u201cexonerar a tots els consistoris dels costos de la dana\u201d.<\/p>\n\n\n\n<p class=\"wp-block-paragraph\">La sessi\u00f3 plen\u00e0ria d&#8217;abril, que tindr\u00e0 continuaci\u00f3 el dimarts 29 per a debatre les mocions que no han sigut abordades, tamb\u00e9 ha donat llum verda de manera un\u00e0nime a la pr\u00f2rroga d&#8217;un any per a l&#8217;execuci\u00f3 i justificaci\u00f3 dels projectes inclosos en el Pla d&#8217;Inversions 2022-23; a la modificaci\u00f3 del VIII Pla Provincial de Prevenci\u00f3 d&#8217;Addiccions; i al conveni amb l&#8217;Institut Nacional de Gesti\u00f3 Sanit\u00e0ria per a l&#8217;adhesi\u00f3 de la Diputaci\u00f3 al sistema estatal d&#8217;adquisici\u00f3 centralitzada de medicaments, servicis i productes sanitaris.<\/p>\n\n\n\n<p class=\"wp-block-paragraph\"><strong>Dret civil valenci\u00e0<\/strong><\/p>\n\n\n\n<p class=\"wp-block-paragraph\">En un altre ordre de coses, ha tirat avant la moci\u00f3 que reclama a les Corts Generals la tramitaci\u00f3 urgent per a aprovar una llei ordin\u00e0ria que derogue de manera definitiva el Decret de Nova Planta de 1707, el document que va abolir els furs valencians per ordre de Felip V. La proposta, presentada per la vicepresidenta Nat\u00e0lia Enguix a petici\u00f3 de Juristes Valencians, lamenta la tardan\u00e7a en la tramitaci\u00f3 de la proposici\u00f3 de reforma constitucional plantejada per les Corts Valencianes al febrer de 2020 i insta a reprendre el debat sobre la recuperaci\u00f3 del dret civil valenci\u00e0.<\/p>\n\n\n\n<p class=\"wp-block-paragraph\">En paraules de Nat\u00e0lia Enguix, \u201cno hem sigut tractats com la resta de territoris hist\u00f2rics, i per aix\u00f2 insistim a demanar la derogaci\u00f3 d&#8217;eixos decrets injustos que afecten encara la Comunitat Valenciana i Arag\u00f3, aix\u00ed com a les illes Balears i Catalunya\u201d. En el cas valenci\u00e0, la vicepresidenta Enguix insistix en la defensa de l&#8217;autogovern en vespres del 25 d&#8217;abril, data de la derrota en la Batalla d&#8217;Almansa i l&#8217;abolici\u00f3 dels furs. Des de la Diputaci\u00f3 es planteja \u201cdifondre la utilitat de desenvolupar un dret civil valenci\u00e0 modern en mat\u00e8ria de fam\u00edlia, successions, protecci\u00f3 de l&#8217;empresa familiar i les explotacions agr\u00e0ries, i tamb\u00e9 de les persones amb discapacitat\u201d.<\/p>\n\n\n\n<p class=\"wp-block-paragraph\"><strong>Mem\u00f2ria i foment de la lectura<\/strong><\/p>\n\n\n\n<p class=\"wp-block-paragraph\">La mem\u00f2ria democr\u00e0tica ha tornat a tindre el seu espai en el ple provincial, amb l&#8217;aprovaci\u00f3 d&#8217;una subvenci\u00f3 d&#8217;una mica m\u00e9s de 12.000 euros a la Fundaci\u00f3 del Llevant UE per a la repatriaci\u00f3 de les restes del fundador del club, Jos\u00e9 Ballester Gozalvo, i la seua esposa, Teresa Molins, que jauen a Par\u00eds des de 1970. Tots els grups menys Vox han recolzat la proposta de la responsable de Mem\u00f2ria, Nat\u00e0lia Enguix, igual que ha succe\u00eft amb la subvenci\u00f3 de 50.000 euros destinada a exposicions temporals en l&#8217;\u00e0mbit de la Mem\u00f2ria.<\/p>\n\n\n\n<p class=\"wp-block-paragraph\">Finalment, s&#8217;ha aprovat tamb\u00e9, sense vots en contra, la proposta de Vox amb motiu del Dia Internacional del Llibre, instant a posar en marxa un pla de foment i promoci\u00f3 de la lectura, al qual s&#8217;ha incorporat l&#8217;esmena d&#8217;Ens Uneix reivindicant la difusi\u00f3 i posada en valor de la lectura en valenci\u00e0.<\/p>\n","protected":false},"excerpt":{"rendered":"<div class=\"mh-excerpt\">El ple aprova una moci\u00f3 conjunta per a retransmetre les sessions per streaming i continuar pujant el contingut al canal Youtube de la instituci\u00f3. Tamb\u00e9 tira avant estudiar el pagament, des de la Diputaci\u00f3, de <a class=\"mh-excerpt-more\" href=\"https:\/\/tucomarca.whitekongsoftware.com\/ca\/la-diputacio-aprova-per-unanimitat-la-retransmissio-en-directe-de-les-sessions-de-la-comissio-destudi-sobre-la-dana\/\" title=\"La Diputaci\u00f3 aprova per unanimitat la retransmissi\u00f3 en directe de les sessions de la comissi\u00f3 d&#8217;estudi sobre la DANA\">[+] <\/a><\/div>\n","protected":false},"author":12,"featured_media":262267,"comment_status":"open","ping_status":"open","sticky":false,"template":"","format":"standard","meta":{"footnotes":""},"categories":[21466,10898,10948,10894,10904,10903,10947,10896,10897],"tags":[15409,11199,21009,11140],"class_list":["post-262269","post","type-post","status-publish","format-standard","has-post-thumbnail","category-dana-ca","category-ventana-ca","category-infraestructuras-ca","category-la-comarca-ca","category-sin-categorizar-ca","category-medio-ambiente-la-comarca-ca","category-politica","category-seccion-ca","category-sucesos-la-comarca-ca","tag-dana-2-ca","tag-la-comunitat-ca","tag-la-diputacio-de-valencia-ca","tag-politica-ca"],"_links":{"self":[{"href":"https:\/\/tucomarca.whitekongsoftware.com\/ca\/wp-json\/wp\/v2\/posts\/262269","targetHints":{"allow":["GET"]}}],"collection":[{"href":"https:\/\/tucomarca.whitekongsoftware.com\/ca\/wp-json\/wp\/v2\/posts"}],"about":[{"href":"https:\/\/tucomarca.whitekongsoftware.com\/ca\/wp-json\/wp\/v2\/types\/post"}],"author":[{"embeddable":true,"href":"https:\/\/tucomarca.whitekongsoftware.com\/ca\/wp-json\/wp\/v2\/users\/12"}],"replies":[{"embeddable":true,"href":"https:\/\/tucomarca.whitekongsoftware.com\/ca\/wp-json\/wp\/v2\/comments?post=262269"}],"version-history":[{"count":0,"href":"https:\/\/tucomarca.whitekongsoftware.com\/ca\/wp-json\/wp\/v2\/posts\/262269\/revisions"}],"wp:featuredmedia":[{"embeddable":true,"href":"https:\/\/tucomarca.whitekongsoftware.com\/ca\/wp-json\/wp\/v2\/media\/262267"}],"wp:attachment":[{"href":"https:\/\/tucomarca.whitekongsoftware.com\/ca\/wp-json\/wp\/v2\/media?parent=262269"}],"wp:term":[{"taxonomy":"category","embeddable":true,"href":"https:\/\/tucomarca.whitekongsoftware.com\/ca\/wp-json\/wp\/v2\/categories?post=262269"},{"taxonomy":"post_tag","embeddable":true,"href":"https:\/\/tucomarca.whitekongsoftware.com\/ca\/wp-json\/wp\/v2\/tags?post=262269"}],"curies":[{"name":"wp","href":"https:\/\/api.w.org\/{rel}","templated":true}]}}