{"id":262251,"date":"2025-04-16T08:30:00","date_gmt":"2025-04-16T06:30:00","guid":{"rendered":"https:\/\/www.tucomarca.com\/wordpress\/segunda\/?p=262251"},"modified":"2025-04-16T20:29:11","modified_gmt":"2025-04-16T18:29:11","slug":"el-consorci-de-museus-i-linstitut-valencia-de-cultura-donen-suport-a-la-celebracio-de-la-12-edicio-de-la-fira-dart-contemporani-marte","status":"publish","type":"post","link":"https:\/\/tucomarca.whitekongsoftware.com\/ca\/el-consorci-de-museus-i-linstitut-valencia-de-cultura-donen-suport-a-la-celebracio-de-la-12-edicio-de-la-fira-dart-contemporani-marte\/","title":{"rendered":"El Consorci de Museus i l\u2019Institut Valenci\u00e0 de Cultura donen suport a la celebraci\u00f3 de la 12 edici\u00f3 de la fira d\u2019art contemporani MARTE"},"content":{"rendered":"\n<h3 class=\"wp-block-heading\">Del 23 al 25\u00a0de maig, MARTE reunir\u00e0 m\u00e9s d\u2019una vintena de galeries nacionals en l\u2019Auditori i Palau de Congressos de Castell\u00f3.<\/h3>\n\n\n\n<p class=\"wp-block-paragraph\">La Conselleria d\u2019Educaci\u00f3, Cultura, Universitats i Ocupaci\u00f3, a trav\u00e9s del Consorci de Museus de la Comunitat Valenciana i l\u2019Institut Valenci\u00e0 de Cultura (IVC) dona suport, un any m\u00e9s, a la celebraci\u00f3 de la Fira d\u2019Art Contemporani de Castell\u00f3, MARTE, que complix la seua dotzena edici\u00f3 del 23 al 25 de maig de 2025.<\/p>\n\n\n\n<p class=\"wp-block-paragraph\">La fira, que se celebrar\u00e0 en l\u2019Auditori i Palau de Congressos de Castell\u00f3, compta enguany amb l\u2019artista valenci\u00e0 Robert Ferrer i Martorell com a artista convidat. Este esdeveniment es consolida com un dels referents culturals m\u00e9s importants de la Comunitat Valenciana, oferint una nova oportunitat per a acostar-se a l\u2019art contemporani i gaudir d\u2019un divers programa d\u2019activitats i exposicions.<\/p>\n\n\n\n<p class=\"wp-block-paragraph\">M\u00e9s d\u2019una vintena de galeries nacionals -des de Madrid, Tenerife, Val\u00e8ncia o Saragossa- exhibiran una \u00e0mplia varietat de propostes art\u00edstiques en MARTE \u2018Curated\u2019, i mostraran exposicions d\u2019artistes individuals i en di\u00e0leg entre creadors.<\/p>\n\n\n\n<p class=\"wp-block-paragraph\">MARTE busca fomentar el col\u00b7leccionisme inicial oferint una selecci\u00f3 d\u2019artistes emergents o en etapes interm\u00e8dies de la seua carrera, els preus dels quals s\u00f3n accessibles. Estos artistes estan en un punt de la seua traject\u00f2ria en el qual es pot advertir un futur prometedor, la qual cosa els convertix en opcions ideals per a comen\u00e7ar una col\u00b7lecci\u00f3 d\u2019art.<\/p>\n\n\n\n<p class=\"wp-block-paragraph\">Dins de les iniciatives d\u2019enguany, s\u2019inclou l\u2019Espai Cer\u00e0mic, dedicat a les obres de la resid\u00e8ncia d\u2019art contemporani CeramicRes, promoguda pel col\u00b7lectiu Co-Net, i situada a l\u2019Alcora. Els assistents podran descobrir les propostes dels artistes emergents en este \u00e0mbit.<\/p>\n\n\n\n<p class=\"wp-block-paragraph\">En el marc de MARTE Social, es desenrotllaran taules redones centrades en temes com el registre de la propietat intel\u00b7lectual o les resid\u00e8ncies art\u00edstiques. Tamb\u00e9 se celebrar\u00e0 l\u2019espai MARTE Orbital, amb la participaci\u00f3 de diverses institucions que presentaran els seus projectes innovadors.<\/p>\n\n\n\n<p class=\"wp-block-paragraph\">MARTE \u00e9s un esdeveniment imprescindible per als apassionats de l\u2019art, siguen col\u00b7leccionistes o simplement interessats. Amb entrada lliure i gratu\u00efta i un variat programa d\u2019activitats, l\u2019esdeveniment es consagra com un punt de trobada imprescindible per a gaudir de l\u2019art contemporani i donar suport a la creaci\u00f3 emergent.<\/p>\n\n\n\n<p class=\"wp-block-paragraph\"><strong>Artista convidat: Robert Ferrer<\/strong><\/p>\n\n\n\n<p class=\"wp-block-paragraph\">Robert Ferrer i Martorell (Val\u00e8ncia, 1978), representat en fira MARTE per la galeria mallorquina Pep Llabr\u00e9s, \u00e9s un artista multidisciplinari, especialitzat en escultura i abstracci\u00f3 geom\u00e8trica. \u00c9s llicenciat en Belles Arts per la Universitat Polit\u00e8cnica de Val\u00e8ncia i ha participat en nombroses exposicions individuals i col\u00b7lectives, entre les quals destaca la seua obra en la Galeria Imaginart de Barcelona i en esdeveniments internacionals com la Fira KIAF a Se\u00fcl.<\/p>\n\n\n\n<p class=\"wp-block-paragraph\">El seu treball ha sigut adquirit per institucions p\u00fabliques, com l\u2019Ajuntament de Calvi\u00e0 i la Universidade do Porto. A m\u00e9s, mant\u00e9 col\u00b7laboraci\u00f3 amb galeries com Espacio Valverde a Madrid, Galeria Pep Llabr\u00e9s a Palma o Galer\u00eda Impakto al Per\u00fa.<\/p>\n\n\n\n<p class=\"wp-block-paragraph\">La seua obra -molt arrelada constructivista- se centra en conceptes com la geometria (aix\u00f2 \u00e9s, la forma), la percepci\u00f3, l\u2019espai (o la seua abs\u00e8ncia) i la llum, i en 2023 va presentar \u2018L\u00ednies Presents\u2019 en la Fundaci\u00f3 Chirivella Soriano de Val\u00e8ncia.<\/p>\n","protected":false},"excerpt":{"rendered":"<div class=\"mh-excerpt\">Del 23 al 25\u00a0de maig, MARTE reunir\u00e0 m\u00e9s d\u2019una vintena de galeries nacionals en l\u2019Auditori i Palau de Congressos de Castell\u00f3. La Conselleria d\u2019Educaci\u00f3, Cultura, Universitats i Ocupaci\u00f3, a trav\u00e9s del Consorci de Museus de <a class=\"mh-excerpt-more\" href=\"https:\/\/tucomarca.whitekongsoftware.com\/ca\/el-consorci-de-museus-i-linstitut-valencia-de-cultura-donen-suport-a-la-celebracio-de-la-12-edicio-de-la-fira-dart-contemporani-marte\/\" title=\"El Consorci de Museus i l\u2019Institut Valenci\u00e0 de Cultura donen suport a la celebraci\u00f3 de la 12 edici\u00f3 de la fira d\u2019art contemporani MARTE\">[+] <\/a><\/div>\n","protected":false},"author":12,"featured_media":262249,"comment_status":"open","ping_status":"open","sticky":false,"template":"","format":"standard","meta":{"footnotes":""},"categories":[10898,10904,11007,10896],"tags":[13274,17761,11199,15856],"class_list":["post-262251","post","type-post","status-publish","format-standard","has-post-thumbnail","category-ventana-ca","category-sin-categorizar-ca","category-ocio-y-cultura-ca","category-seccion-ca","tag-institut-valencia-de-cultura-ca","tag-ivc-ca","tag-la-comunitat-ca","tag-ocio-y-cultura-ca"],"_links":{"self":[{"href":"https:\/\/tucomarca.whitekongsoftware.com\/ca\/wp-json\/wp\/v2\/posts\/262251","targetHints":{"allow":["GET"]}}],"collection":[{"href":"https:\/\/tucomarca.whitekongsoftware.com\/ca\/wp-json\/wp\/v2\/posts"}],"about":[{"href":"https:\/\/tucomarca.whitekongsoftware.com\/ca\/wp-json\/wp\/v2\/types\/post"}],"author":[{"embeddable":true,"href":"https:\/\/tucomarca.whitekongsoftware.com\/ca\/wp-json\/wp\/v2\/users\/12"}],"replies":[{"embeddable":true,"href":"https:\/\/tucomarca.whitekongsoftware.com\/ca\/wp-json\/wp\/v2\/comments?post=262251"}],"version-history":[{"count":0,"href":"https:\/\/tucomarca.whitekongsoftware.com\/ca\/wp-json\/wp\/v2\/posts\/262251\/revisions"}],"wp:featuredmedia":[{"embeddable":true,"href":"https:\/\/tucomarca.whitekongsoftware.com\/ca\/wp-json\/wp\/v2\/media\/262249"}],"wp:attachment":[{"href":"https:\/\/tucomarca.whitekongsoftware.com\/ca\/wp-json\/wp\/v2\/media?parent=262251"}],"wp:term":[{"taxonomy":"category","embeddable":true,"href":"https:\/\/tucomarca.whitekongsoftware.com\/ca\/wp-json\/wp\/v2\/categories?post=262251"},{"taxonomy":"post_tag","embeddable":true,"href":"https:\/\/tucomarca.whitekongsoftware.com\/ca\/wp-json\/wp\/v2\/tags?post=262251"}],"curies":[{"name":"wp","href":"https:\/\/api.w.org\/{rel}","templated":true}]}}