{"id":262205,"date":"2025-04-16T11:30:00","date_gmt":"2025-04-16T09:30:00","guid":{"rendered":"https:\/\/www.tucomarca.com\/wordpress\/segunda\/?p=262205"},"modified":"2025-04-16T20:14:44","modified_gmt":"2025-04-16T18:14:44","slug":"dos-guardies-civils-salven-la-vida-a-un-bebe-a-alberic","status":"publish","type":"post","link":"https:\/\/tucomarca.whitekongsoftware.com\/ca\/dos-guardies-civils-salven-la-vida-a-un-bebe-a-alberic\/","title":{"rendered":"Dos gu\u00e0rdies civils salven la vida a un beb\u00e9 a Alberic"},"content":{"rendered":"\n<h3 class=\"wp-block-heading\">Quan van arribar al lloc, un beb\u00e9 d&#8217;un any d&#8217;edat es trobava inconscient i convulsionant.<\/h3>\n\n\n\n<p class=\"wp-block-paragraph\">Dos agents de la Gu\u00e0rdia Civil de Val\u00e8ncia salven la vida a un beb\u00e9 d&#8217;un any a Alberic. En arribar al lloc el xicotet es trobava inconscient i convulsionant, expulsant l\u00edquids per la boca i amb perill d&#8217;ofegament.<\/p>\n\n\n\n<p class=\"wp-block-paragraph\">Els agents, en rebre l&#8217;av\u00eds, es van despla\u00e7ar amb rapidesa al lloc en el qual es trobava el beb\u00e9 al costat dels seus pares. Ho van trobar inconscient i convulsionant, expulsant l\u00edquids per la boca i amb perill d&#8217;ofegament. Van fer \u00fas de les t\u00e8cniques de primers auxilis i van realitzar les corresponents maniobres per a buidar les vies respirat\u00f2ries del beb\u00e9 fins a normalitzar la respiraci\u00f3 d&#8217;aquest. Ho van col\u00b7locar en posici\u00f3 lateral de seguretat, vigilant atentament la seua evoluci\u00f3 fins a l&#8217;arribada dels Serveis Sanitaris, els qui van manifestar que eixa primera actuaci\u00f3 va ser clau per a evitar un fatal desenlla\u00e7 dels fets.<\/p>\n\n\n\n<p class=\"wp-block-paragraph\">El beb\u00e9 es troba fora de perill.<\/p>\n","protected":false},"excerpt":{"rendered":"<div class=\"mh-excerpt\">Quan van arribar al lloc, un beb\u00e9 d&#8217;un any d&#8217;edat es trobava inconscient i convulsionant. Dos agents de la Gu\u00e0rdia Civil de Val\u00e8ncia salven la vida a un beb\u00e9 d&#8217;un any a Alberic. En arribar <a class=\"mh-excerpt-more\" href=\"https:\/\/tucomarca.whitekongsoftware.com\/ca\/dos-guardies-civils-salven-la-vida-a-un-bebe-a-alberic\/\" title=\"Dos gu\u00e0rdies civils salven la vida a un beb\u00e9 a Alberic\">[+] <\/a><\/div>\n","protected":false},"author":12,"featured_media":262204,"comment_status":"open","ping_status":"open","sticky":false,"template":"","format":"standard","meta":{"footnotes":""},"categories":[10898,10894,10904,10902,10896,10897],"tags":[18684,12176,11356],"class_list":["post-262205","post","type-post","status-publish","format-standard","has-post-thumbnail","category-ventana-ca","category-la-comarca-ca","category-sin-categorizar-ca","category-la-ribera-ca","category-seccion-ca","category-sucesos-la-comarca-ca","tag-alberic-ca","tag-guardia-civil-de-valencia-ca","tag-ribera-alta-ca"],"_links":{"self":[{"href":"https:\/\/tucomarca.whitekongsoftware.com\/ca\/wp-json\/wp\/v2\/posts\/262205","targetHints":{"allow":["GET"]}}],"collection":[{"href":"https:\/\/tucomarca.whitekongsoftware.com\/ca\/wp-json\/wp\/v2\/posts"}],"about":[{"href":"https:\/\/tucomarca.whitekongsoftware.com\/ca\/wp-json\/wp\/v2\/types\/post"}],"author":[{"embeddable":true,"href":"https:\/\/tucomarca.whitekongsoftware.com\/ca\/wp-json\/wp\/v2\/users\/12"}],"replies":[{"embeddable":true,"href":"https:\/\/tucomarca.whitekongsoftware.com\/ca\/wp-json\/wp\/v2\/comments?post=262205"}],"version-history":[{"count":0,"href":"https:\/\/tucomarca.whitekongsoftware.com\/ca\/wp-json\/wp\/v2\/posts\/262205\/revisions"}],"wp:featuredmedia":[{"embeddable":true,"href":"https:\/\/tucomarca.whitekongsoftware.com\/ca\/wp-json\/wp\/v2\/media\/262204"}],"wp:attachment":[{"href":"https:\/\/tucomarca.whitekongsoftware.com\/ca\/wp-json\/wp\/v2\/media?parent=262205"}],"wp:term":[{"taxonomy":"category","embeddable":true,"href":"https:\/\/tucomarca.whitekongsoftware.com\/ca\/wp-json\/wp\/v2\/categories?post=262205"},{"taxonomy":"post_tag","embeddable":true,"href":"https:\/\/tucomarca.whitekongsoftware.com\/ca\/wp-json\/wp\/v2\/tags?post=262205"}],"curies":[{"name":"wp","href":"https:\/\/api.w.org\/{rel}","templated":true}]}}