{"id":262104,"date":"2025-04-15T09:55:00","date_gmt":"2025-04-15T07:55:00","guid":{"rendered":"https:\/\/www.tucomarca.com\/wordpress\/segunda\/?p=262104"},"modified":"2025-04-15T19:44:59","modified_gmt":"2025-04-15T17:44:59","slug":"martinez-mus-confirma-que-la-reforma-dels-ponts-de-la-cv-35-avancen-a-bon-ritme-despres-duna-inversio-de-16-milions-deuros","status":"publish","type":"post","link":"https:\/\/tucomarca.whitekongsoftware.com\/ca\/martinez-mus-confirma-que-la-reforma-dels-ponts-de-la-cv-35-avancen-a-bon-ritme-despres-duna-inversio-de-16-milions-deuros\/","title":{"rendered":"Mart\u00ednez Mus confirma que la reforma dels ponts de la CV-35 \u201cavancen a bon ritme\u201d despr\u00e9s d&#8217;una inversi\u00f3 de 1,6 milions d&#8217;euros"},"content":{"rendered":"\n<h3 class=\"wp-block-heading\">S&#8217;estan col\u00b7locant 355 tones d&#8217;acer per a refor\u00e7ar infraestructures claus en un vial que suporta al dia m\u00e9s de 100.000 vehicles.<\/h3>\n\n\n\n<h3 class=\"wp-block-heading\">Mart\u00ednez Mus destaca que aquestes obres \u201cgarantiran la integritat i els serveis viaris de l&#8217;autovia amb el refor\u00e7 estructural de les bigues existents\u201d.<\/h3>\n\n\n\n<p class=\"wp-block-paragraph\">La Conselleria de Medi Ambient, Infraestructures i Territori avan\u00e7a en les obres de refor\u00e7 i adequaci\u00f3 a la normativa vigent dels ponts de la CV-35, el cost aproximat del qual \u00e9s de 1,6 milions d&#8217;euros.<\/p>\n\n\n\n<p class=\"wp-block-paragraph\">El conseller de Medi Ambient, Infraestructures i Territori, Vicente Mart\u00ednez Mus, ha realitzat una visita a aquest punt de la infraestructura vi\u00e0ria i ha destacat que aquestes obres \u201cavancen a bon ritme\u201d i, ha afegit, que \u201cgarantiran la integritat i els serveis viaris de l&#8217;autovia amb el refor\u00e7 estructural de les bigues existents, aix\u00ed com la incorporaci\u00f3 d&#8217;una subestructura que tinga en compte les c\u00e0rregues s\u00edsmiques\u201d.<\/p>\n\n\n\n<figure class=\"wp-block-image size-large\"><img loading=\"lazy\" decoding=\"async\" width=\"1024\" height=\"768\" src=\"http:\/\/www.tucomarca.com\/wordpress\/segunda\/wp-content\/uploads\/2025\/04\/MED_foto_Cv35-2-1024x768.jpg\" alt=\"\" class=\"wp-image-262101\" srcset=\"https:\/\/tucomarca.whitekongsoftware.com\/wp-content\/uploads\/2025\/04\/MED_foto_Cv35-2-1024x768.jpg 1024w, https:\/\/tucomarca.whitekongsoftware.com\/wp-content\/uploads\/2025\/04\/MED_foto_Cv35-2-300x225.jpg 300w, https:\/\/tucomarca.whitekongsoftware.com\/wp-content\/uploads\/2025\/04\/MED_foto_Cv35-2-768x576.jpg 768w, https:\/\/tucomarca.whitekongsoftware.com\/wp-content\/uploads\/2025\/04\/MED_foto_Cv35-2-1536x1152.jpg 1536w, https:\/\/tucomarca.whitekongsoftware.com\/wp-content\/uploads\/2025\/04\/MED_foto_Cv35-2-2048x1536.jpg 2048w, https:\/\/tucomarca.whitekongsoftware.com\/wp-content\/uploads\/2025\/04\/MED_foto_Cv35-2-678x509.jpg 678w, https:\/\/tucomarca.whitekongsoftware.com\/wp-content\/uploads\/2025\/04\/MED_foto_Cv35-2-326x245.jpg 326w, https:\/\/tucomarca.whitekongsoftware.com\/wp-content\/uploads\/2025\/04\/MED_foto_Cv35-2-80x60.jpg 80w\" sizes=\"auto, (max-width: 1024px) 100vw, 1024px\" \/><\/figure>\n\n\n\n<p class=\"wp-block-paragraph\">Cal recordar que aquesta intervenci\u00f3 forma part de les accions preventives d&#8217;inspecci\u00f3 d&#8217;estructures, que duu a terme peri\u00f2dicament l&#8217;empresa concession\u00e0ria. \u201cEs tracta, doncs, d&#8217;un exemple m\u00e9s de la import\u00e0ncia de la col\u00b7laboraci\u00f3 p\u00fablic-privada\u201d, ha afegit el conseller.<\/p>\n\n\n\n<p class=\"wp-block-paragraph\">Al novembre, la Conselleria, a trav\u00e9s de l&#8217;empresa concession\u00e0ria, va iniciar els treballs de refor\u00e7 i adequaci\u00f3 a la normativa vigent dels taulers dels viaductes que creuen la rambla i que donen continu\u00eftat a la via de servei de la CV-35. Actualment, l&#8217;Autovia del T\u00faria o CV-35, t\u00e9 m\u00e9s de 50 quil\u00f2metres de tram concesionado i es constitueix com a eix vertebrador de la prov\u00edncia de Val\u00e8ncia, connectant la ciutat amb la seua \u00e0rea metropolitana, aix\u00ed com amb els municipis de l&#8217;interior.<\/p>\n\n\n\n<p class=\"wp-block-paragraph\">Mart\u00ednez Mus ha subratllat la import\u00e0ncia d&#8217;aquest eix de connexi\u00f3, ja que \u201cper aquesta autovia circulen m\u00e9s de 100.000 vehicles al dia en l&#8217;\u00e0rea metropolitana i 15.000 vehicles per dia en els trams m\u00e9s allunyats\u201d.<\/p>\n\n\n\n<p class=\"wp-block-paragraph\">El conseller ha estat acompanyat en aquesta visita per la directora general d&#8217;Infraestructures Vi\u00e0ries, M\u00aa Jos\u00e9 Mart\u00ednez Ruzafa i per l&#8217;alcalde de Ll\u00edria, Joan Manuel Miguel.<\/p>\n\n\n\n<p class=\"wp-block-paragraph\"><strong>Refor\u00e7 de l&#8217;estructura<\/strong><\/p>\n\n\n\n<p class=\"wp-block-paragraph\">En aquest sentit, el titular d&#8217;Infraestructures ha recordat que per als treballs de refor\u00e7 i adequaci\u00f3 s&#8217;empraran un total de 355 tones d&#8217;acer estructural en cintres met\u00e0l\u00b7liques, a trav\u00e9s d&#8217;una maniobra minuciosa de col\u00b7locaci\u00f3 \u201cper a garantir la seguretat i integritat dels treballadors com de la pr\u00f2pia estructura\u201d.<\/p>\n\n\n\n<p class=\"wp-block-paragraph\">En definitiva, Mart\u00ednez Mus ha insistit que \u201caquestes obres reafirmen el comprom\u00eds de la Generalitat amb la millora cont\u00ednua de les infraestructures\u201d. I ha afegit que \u201ccontinuem treballant, encara que la urg\u00e8ncia ens va portar a intervindre amb celeritat en la reparaci\u00f3 de carreteres i ponts per a assegurar, aix\u00ed, la mobilitat en els municipis afectats\u201d, ha concl\u00f2s el conseller.<\/p>\n","protected":false},"excerpt":{"rendered":"<div class=\"mh-excerpt\">S&#8217;estan col\u00b7locant 355 tones d&#8217;acer per a refor\u00e7ar infraestructures claus en un vial que suporta al dia m\u00e9s de 100.000 vehicles. Mart\u00ednez Mus destaca que aquestes obres \u201cgarantiran la integritat i els serveis viaris de <a class=\"mh-excerpt-more\" href=\"https:\/\/tucomarca.whitekongsoftware.com\/ca\/martinez-mus-confirma-que-la-reforma-dels-ponts-de-la-cv-35-avancen-a-bon-ritme-despres-duna-inversio-de-16-milions-deuros\/\" title=\"Mart\u00ednez Mus confirma que la reforma dels ponts de la CV-35 \u201cavancen a bon ritme\u201d despr\u00e9s d&#8217;una inversi\u00f3 de 1,6 milions d&#8217;euros\">[+] <\/a><\/div>\n","protected":false},"author":12,"featured_media":262100,"comment_status":"open","ping_status":"open","sticky":false,"template":"","format":"standard","meta":{"footnotes":""},"categories":[10892,21466,10898,10948,10894,10904,10928,10903,10947,10896,10897],"tags":[10899,13234,15409,21479],"class_list":["post-262104","post","type-post","status-publish","format-standard","has-post-thumbnail","category-camp-de-turia-ca","category-dana-ca","category-ventana-ca","category-infraestructuras-ca","category-la-comarca-ca","category-sin-categorizar-ca","category-lliria-ca","category-medio-ambiente-la-comarca-ca","category-politica","category-seccion-ca","category-sucesos-la-comarca-ca","tag-camp-de-turia-ca","tag-cv-35-ca","tag-dana-2-ca","tag-reconstruccion-de-puentes-ca"],"_links":{"self":[{"href":"https:\/\/tucomarca.whitekongsoftware.com\/ca\/wp-json\/wp\/v2\/posts\/262104","targetHints":{"allow":["GET"]}}],"collection":[{"href":"https:\/\/tucomarca.whitekongsoftware.com\/ca\/wp-json\/wp\/v2\/posts"}],"about":[{"href":"https:\/\/tucomarca.whitekongsoftware.com\/ca\/wp-json\/wp\/v2\/types\/post"}],"author":[{"embeddable":true,"href":"https:\/\/tucomarca.whitekongsoftware.com\/ca\/wp-json\/wp\/v2\/users\/12"}],"replies":[{"embeddable":true,"href":"https:\/\/tucomarca.whitekongsoftware.com\/ca\/wp-json\/wp\/v2\/comments?post=262104"}],"version-history":[{"count":0,"href":"https:\/\/tucomarca.whitekongsoftware.com\/ca\/wp-json\/wp\/v2\/posts\/262104\/revisions"}],"wp:featuredmedia":[{"embeddable":true,"href":"https:\/\/tucomarca.whitekongsoftware.com\/ca\/wp-json\/wp\/v2\/media\/262100"}],"wp:attachment":[{"href":"https:\/\/tucomarca.whitekongsoftware.com\/ca\/wp-json\/wp\/v2\/media?parent=262104"}],"wp:term":[{"taxonomy":"category","embeddable":true,"href":"https:\/\/tucomarca.whitekongsoftware.com\/ca\/wp-json\/wp\/v2\/categories?post=262104"},{"taxonomy":"post_tag","embeddable":true,"href":"https:\/\/tucomarca.whitekongsoftware.com\/ca\/wp-json\/wp\/v2\/tags?post=262104"}],"curies":[{"name":"wp","href":"https:\/\/api.w.org\/{rel}","templated":true}]}}