{"id":262068,"date":"2025-04-15T09:50:00","date_gmt":"2025-04-15T07:50:00","guid":{"rendered":"https:\/\/www.tucomarca.com\/wordpress\/segunda\/?p=262068"},"modified":"2025-04-15T19:38:56","modified_gmt":"2025-04-15T17:38:56","slug":"el-pla-ara-empreses-obri-el-termini-perque-les-pimes-industrials-comercos-hostaleria-i-servicis-afectats-per-la-dana-presenten-les-seues-sollicituds-dajuda","status":"publish","type":"post","link":"https:\/\/tucomarca.whitekongsoftware.com\/ca\/el-pla-ara-empreses-obri-el-termini-perque-les-pimes-industrials-comercos-hostaleria-i-servicis-afectats-per-la-dana-presenten-les-seues-sollicituds-dajuda\/","title":{"rendered":"El pla Ara Empreses obri el termini perqu\u00e8 les pimes industrials, comer\u00e7os, hostaleria i servicis afectats per la DANA presenten les seues sol\u00b7licituds d\u2019ajuda"},"content":{"rendered":"\n<h3 class=\"wp-block-heading\">Les empreses podran requerir a Ivace+i en el moment de la sol\u00b7licitud un acompte del 50 % de la subvenci\u00f3.<\/h3>\n\n\n\n<h3 class=\"wp-block-heading\">Les sol\u00b7licituds s\u2019aniran resolent segons l\u2019orde d\u2019arribada, sempre que la documentaci\u00f3 estiga completa.<\/h3>\n\n\n\n<h3 class=\"wp-block-heading\">El termini est\u00e0 obert fins al pr\u00f2xim 30 de juny.<\/h3>\n\n\n\n<p class=\"wp-block-paragraph\">El pla Ara Empreses que gestiona i tramita l\u2019Institut Valenci\u00e0 de Competitivitat i Innovaci\u00f3 (Ivace+i) obri a partir de hui el termini perqu\u00e8 pimes industrials, comer\u00e7os, hostaleria i servicis que hagen resultat damnificats per la DANA presenten les seues sol\u00b7licituds d\u2019ajudes.<\/p>\n\n\n\n<p class=\"wp-block-paragraph\">L\u2019objectiu d\u2019este pla \u00e9s donar suport a la recuperaci\u00f3 i reactivaci\u00f3 del teixit empresarial \u201ci donar una resposta directa i efectiva a les empreses afectades perqu\u00e8 puguen recobrar com m\u00e9s prompte millor la seua productivitat, al mateix temps que accelerar la reactivaci\u00f3 econ\u00f2mica i recuperar la nostra activitat industrial\u201d, ha assenyalat la consellera d\u2019Innovaci\u00f3 i presidenta d\u2019Ivace+i, Mari\u00e1n Cano.<\/p>\n\n\n\n<p class=\"wp-block-paragraph\">El pla Ara Empreses \u00e9s el tercer pla d\u2019ajudes que ha posat en marxa la Generalitat despr\u00e9s de la riuada del 29 d\u2019octubre. Est\u00e0 dotat amb un pressupost de 127,4 milions d\u2019euros, dels quals 47,8 milions d\u2019euros van dirigits a la recuperaci\u00f3 i reactivaci\u00f3 de les xicotetes i mitjanes empreses industrials, i 79,6 milions d\u2019euros a comer\u00e7os, hostaleria i servicis.<\/p>\n\n\n\n<p class=\"wp-block-paragraph\">A trav\u00e9s d\u2019este pla, l\u2019Institut Valenci\u00e0 de Competitivitat i Innovaci\u00f3 oferix ajudes directes per a cobrir les inversions i els gastos ja realitzats o pendents de realitzar per part de les empreses sol\u00b7licitants.<\/p>\n\n\n\n<p class=\"wp-block-paragraph\">Nom\u00e9s s\u2019admetr\u00e0 una sol\u00b7licitud per empresa i les inversions presentades hauran d\u2019haver-se realitzat en el per\u00edode compr\u00e9s entre el 29 d\u2019octubre de 2024 i el 30 d\u2019octubre de 2025.<\/p>\n\n\n\n<p class=\"wp-block-paragraph\">Les sol\u00b7licituds es realitzen de manera telem\u00e0tica fins al pr\u00f2xim 30 de juny en la&nbsp;<a href=\"https:\/\/www.ivace.es\/index.php\/val\/ajudes\/ara-empreses-val\">p\u00e0gina web d\u2019IVACE+i<\/a>&nbsp;i s\u2019aniran resolent segons l\u2019orde d\u2019arribada, sempre que la documentaci\u00f3 estiga completa.<\/p>\n\n\n\n<p class=\"wp-block-paragraph\"><strong>Ajudes i acompte<\/strong><\/p>\n\n\n\n<p class=\"wp-block-paragraph\">El pla Ara Empreses cobrix l\u2019adquisici\u00f3 i la reparaci\u00f3 de maquin\u00e0ria o equips directament vinculats a l\u2019activitat empresarial, la reparaci\u00f3, l\u2019adaptaci\u00f3 i la millora d\u2019instal\u00b7lacions, aix\u00ed com els gastos generats per les labors d\u2019auditoria per a la preparaci\u00f3 dels comptes justificatius de subvenci\u00f3.<\/p>\n\n\n\n<p class=\"wp-block-paragraph\">En el cas de les pimes industrials, l\u2019ajuda podr\u00e0 arribar fins al 50 % dels costos subvencionables, amb un m\u00e0xim de 100.000 euros d\u2019ajudes.<\/p>\n\n\n\n<p class=\"wp-block-paragraph\">En el cas dels propietaris de naus industrials en les quals s\u2019estava desenrotllant activitat industrial el 28 d\u2019octubre de 2024, el m\u00e0xim de l\u2019ajuda ser\u00e0 de 20.000 euros.<\/p>\n\n\n\n<p class=\"wp-block-paragraph\">Per a comer\u00e7os, hostaleria i servicis, l\u2019ajuda ser\u00e0 de fins al 70 % dels costos subvencionables, amb un m\u00e0xim de 50.000 euros d\u2019ajuda per expedient.<\/p>\n\n\n\n<p class=\"wp-block-paragraph\">Les empreses interessades podran sol\u00b7licitar un acompte del 50 % de l\u2019ajuda concedida en el moment de la presentaci\u00f3 de la sol\u00b7licitud amb la finalitat de poder reprendre la seua activitat i agilitzar la seua recuperaci\u00f3.<\/p>\n","protected":false},"excerpt":{"rendered":"<div class=\"mh-excerpt\">Les empreses podran requerir a Ivace+i en el moment de la sol\u00b7licitud un acompte del 50 % de la subvenci\u00f3. Les sol\u00b7licituds s\u2019aniran resolent segons l\u2019orde d\u2019arribada, sempre que la documentaci\u00f3 estiga completa. El termini <a class=\"mh-excerpt-more\" href=\"https:\/\/tucomarca.whitekongsoftware.com\/ca\/el-pla-ara-empreses-obri-el-termini-perque-les-pimes-industrials-comercos-hostaleria-i-servicis-afectats-per-la-dana-presenten-les-seues-sollicituds-dajuda\/\" title=\"El pla Ara Empreses obri el termini perqu\u00e8 les pimes industrials, comer\u00e7os, hostaleria i servicis afectats per la DANA presenten les seues sol\u00b7licituds d\u2019ajuda\">[+] <\/a><\/div>\n","protected":false},"author":13,"featured_media":262066,"comment_status":"open","ping_status":"open","sticky":false,"template":"","format":"standard","meta":{"footnotes":""},"categories":[21466,10898,10948,10894,10904,10903,10947,10896,10897],"tags":[15409,12903,11199],"class_list":["post-262068","post","type-post","status-publish","format-standard","has-post-thumbnail","category-dana-ca","category-ventana-ca","category-infraestructuras-ca","category-la-comarca-ca","category-sin-categorizar-ca","category-medio-ambiente-la-comarca-ca","category-politica","category-seccion-ca","category-sucesos-la-comarca-ca","tag-dana-2-ca","tag-infraestructuras-ca","tag-la-comunitat-ca"],"_links":{"self":[{"href":"https:\/\/tucomarca.whitekongsoftware.com\/ca\/wp-json\/wp\/v2\/posts\/262068","targetHints":{"allow":["GET"]}}],"collection":[{"href":"https:\/\/tucomarca.whitekongsoftware.com\/ca\/wp-json\/wp\/v2\/posts"}],"about":[{"href":"https:\/\/tucomarca.whitekongsoftware.com\/ca\/wp-json\/wp\/v2\/types\/post"}],"author":[{"embeddable":true,"href":"https:\/\/tucomarca.whitekongsoftware.com\/ca\/wp-json\/wp\/v2\/users\/13"}],"replies":[{"embeddable":true,"href":"https:\/\/tucomarca.whitekongsoftware.com\/ca\/wp-json\/wp\/v2\/comments?post=262068"}],"version-history":[{"count":0,"href":"https:\/\/tucomarca.whitekongsoftware.com\/ca\/wp-json\/wp\/v2\/posts\/262068\/revisions"}],"wp:featuredmedia":[{"embeddable":true,"href":"https:\/\/tucomarca.whitekongsoftware.com\/ca\/wp-json\/wp\/v2\/media\/262066"}],"wp:attachment":[{"href":"https:\/\/tucomarca.whitekongsoftware.com\/ca\/wp-json\/wp\/v2\/media?parent=262068"}],"wp:term":[{"taxonomy":"category","embeddable":true,"href":"https:\/\/tucomarca.whitekongsoftware.com\/ca\/wp-json\/wp\/v2\/categories?post=262068"},{"taxonomy":"post_tag","embeddable":true,"href":"https:\/\/tucomarca.whitekongsoftware.com\/ca\/wp-json\/wp\/v2\/tags?post=262068"}],"curies":[{"name":"wp","href":"https:\/\/api.w.org\/{rel}","templated":true}]}}