{"id":262014,"date":"2025-04-15T10:00:00","date_gmt":"2025-04-15T08:00:00","guid":{"rendered":"https:\/\/www.tucomarca.com\/wordpress\/segunda\/?p=262014"},"modified":"2025-04-15T11:35:30","modified_gmt":"2025-04-15T09:35:30","slug":"pilar-bernabe-reconoce-que-el-cecopi-solo-estaba-atendiendo-al-magro-y-que-no-se-reparo-en-la-riada-del-barranco-del-poyo-hasta-las-7-de-la-tarde","status":"publish","type":"post","link":"https:\/\/tucomarca.whitekongsoftware.com\/ca\/pilar-bernabe-reconoce-que-el-cecopi-solo-estaba-atendiendo-al-magro-y-que-no-se-reparo-en-la-riada-del-barranco-del-poyo-hasta-las-7-de-la-tarde\/","title":{"rendered":"Pilar Bernab\u00e9 reconeix que el CECOPI nom\u00e9s estava atenent el Magre i que no es va reparar en la riuada del barranc del Poyo fins a les 7 de la vesprada"},"content":{"rendered":"\n<h3 class=\"wp-block-heading\">La delegada del Govern ha reconegut davant la jutgessa de Catarroja que el CECOPI es va centrar \u00fanicament en la presa de Forata i no va reparar fins a les set de la vesprada en la rambla del Poyo, a Xiva i aig\u00fces avall, aix\u00ed com en els barrancs afluents de Horteta i Gallego.<\/h3>\n\n\n\n<h3 class=\"wp-block-heading\">Pilar Bernab\u00e9 mant\u00e9 que l&#8217;\u00c9s Alert nom\u00e9s anava a enviar-se a la zona del Magre fins que ella va advertir del desbordament del Poyo.<\/h3>\n\n\n\n<p class=\"wp-block-paragraph\">La delegada del Govern, Pilar Bernab\u00e9, va declarar aquest dilluns davant la jutgessa durant quasi set hores \u2014amb diversos recessos\u2014 davant qui va assegurar que l&#8217;\u00c9s Alert enviat el 29 d&#8217;octubre a les 20,11 hores estava inicialment previst nom\u00e9s per als municipis del riu Magre. Segons va explicar, va ser la seua intervenci\u00f3 en el CECOPI (el Centre de Coordinaci\u00f3 Operativa Integrada) la que va fer que es considerara tamb\u00e9 la situaci\u00f3 del barranc del Poyo, aix\u00ed com en els barrancs afluents de Horteta i Gallego.<\/p>\n\n\n\n<p class=\"wp-block-paragraph\">Pilar Bernab\u00e9 va declarar aquest dilluns que fins a les 19,00 hores del 29 d&#8217;octubre, el focus del CECOPI estava posat exclusivament en la presa de Forata, on preocupava un possible trencament per l&#8217;entrada de 2.200 m\u00b3\/s d&#8217;aigua; i que no va ser fins que ella va compartir l&#8217;av\u00eds de l&#8217;alcaldessa de Paiporta sobre el desbordament del Poyo quan aquest barranc va passar a ser tingut en compte.<\/p>\n\n\n\n<p class=\"wp-block-paragraph\">Des de la Generalitat Valenciana han interpretat aquestes declaracions com una confirmaci\u00f3 del &#8220;silenci&#8221; de la Confederaci\u00f3 Hidrogr\u00e0fica del X\u00faquer (CHJ) respecte al barranc del Pedr\u00eds. El president de la Generalitat, Carlos Maz\u00f3n, ha insistit a m\u00e9s en l'&#8221;apagada informativa&#8221; per part de les ag\u00e8ncies estatals presents en el CECOPI sobre una conca hidrogr\u00e0fica \u2014la del barranc el Poyo\u2014 que va ser la que m\u00e9s v\u00edctimes mortals i danys va provocar.<\/p>\n\n\n\n<p class=\"wp-block-paragraph\">Fonts del Partit Popular tamb\u00e9 han subratllat que les paraules de Pilar Bernab\u00e9 acrediten que, &#8220;fins a eixe moment ning\u00fa va parlar del Poyo&#8221;, una responsabilitat que, asseguren, corresponia a la CHJ.<\/p>\n\n\n\n<p class=\"wp-block-paragraph\">Per part seua, l&#8217;advocat de la exconsellera Salom\u00e9 Pradas tamb\u00e9 ha valorat el testimoniatge de la delegada del Govern, Pilar Bernab\u00e9, del qual ha subratllat que la Confederaci\u00f3 Hidrogr\u00e0fica del X\u00faquer &#8220;mai va emetre av\u00eds previ sobre la crescuda i desbordament del barranc del Poyo&#8221;.<\/p>\n","protected":false},"excerpt":{"rendered":"<div class=\"mh-excerpt\">La delegada del Govern ha reconegut davant la jutgessa de Catarroja que el CECOPI es va centrar \u00fanicament en la presa de Forata i no va reparar fins a les set de la vesprada en <a class=\"mh-excerpt-more\" href=\"https:\/\/tucomarca.whitekongsoftware.com\/ca\/pilar-bernabe-reconoce-que-el-cecopi-solo-estaba-atendiendo-al-magro-y-que-no-se-reparo-en-la-riada-del-barranco-del-poyo-hasta-las-7-de-la-tarde\/\" title=\"Pilar Bernab\u00e9 reconeix que el CECOPI nom\u00e9s estava atenent el Magre i que no es va reparar en la riuada del barranc del Poyo fins a les 7 de la vesprada\">[+] <\/a><\/div>\n","protected":false},"author":12,"featured_media":242247,"comment_status":"open","ping_status":"open","sticky":false,"template":"","format":"standard","meta":{"footnotes":""},"categories":[21466,10898,10948,10894,10904,10912,10903,10947,10909,10896,10897,10974,10975],"tags":[15409,12335,11498],"class_list":["post-262014","post","type-post","status-publish","format-standard","has-post-thumbnail","category-dana-ca","category-ventana-ca","category-infraestructuras-ca","category-la-comarca-ca","category-sin-categorizar-ca","category-la-hoya-ca","category-medio-ambiente-la-comarca-ca","category-politica","category-requena-utiel-ca","category-seccion-ca","category-sucesos-la-comarca-ca","category-cheste-ca","category-chiva-ca","tag-dana-2-ca","tag-delegacion-del-gobierno-ca","tag-generalitat-valenciana-ca"],"_links":{"self":[{"href":"https:\/\/tucomarca.whitekongsoftware.com\/ca\/wp-json\/wp\/v2\/posts\/262014","targetHints":{"allow":["GET"]}}],"collection":[{"href":"https:\/\/tucomarca.whitekongsoftware.com\/ca\/wp-json\/wp\/v2\/posts"}],"about":[{"href":"https:\/\/tucomarca.whitekongsoftware.com\/ca\/wp-json\/wp\/v2\/types\/post"}],"author":[{"embeddable":true,"href":"https:\/\/tucomarca.whitekongsoftware.com\/ca\/wp-json\/wp\/v2\/users\/12"}],"replies":[{"embeddable":true,"href":"https:\/\/tucomarca.whitekongsoftware.com\/ca\/wp-json\/wp\/v2\/comments?post=262014"}],"version-history":[{"count":0,"href":"https:\/\/tucomarca.whitekongsoftware.com\/ca\/wp-json\/wp\/v2\/posts\/262014\/revisions"}],"wp:featuredmedia":[{"embeddable":true,"href":"https:\/\/tucomarca.whitekongsoftware.com\/ca\/wp-json\/wp\/v2\/media\/242247"}],"wp:attachment":[{"href":"https:\/\/tucomarca.whitekongsoftware.com\/ca\/wp-json\/wp\/v2\/media?parent=262014"}],"wp:term":[{"taxonomy":"category","embeddable":true,"href":"https:\/\/tucomarca.whitekongsoftware.com\/ca\/wp-json\/wp\/v2\/categories?post=262014"},{"taxonomy":"post_tag","embeddable":true,"href":"https:\/\/tucomarca.whitekongsoftware.com\/ca\/wp-json\/wp\/v2\/tags?post=262014"}],"curies":[{"name":"wp","href":"https:\/\/api.w.org\/{rel}","templated":true}]}}