{"id":261965,"date":"2025-04-15T06:00:00","date_gmt":"2025-04-15T04:00:00","guid":{"rendered":"https:\/\/www.tucomarca.com\/wordpress\/segunda\/?p=261965"},"modified":"2025-04-14T21:35:10","modified_gmt":"2025-04-14T19:35:10","slug":"membres-del-gera-rescaten-en-helicopter-a-dos-joves-que-shavien-desorientat-fent-una-ruta-a-dosaigues","status":"publish","type":"post","link":"https:\/\/tucomarca.whitekongsoftware.com\/ca\/membres-del-gera-rescaten-en-helicopter-a-dos-joves-que-shavien-desorientat-fent-una-ruta-a-dosaigues\/","title":{"rendered":"Membres del GERA rescaten en helic\u00f2pter a dos joves que s&#8217;havien desorientat fent una ruta a Dosaig\u00fces"},"content":{"rendered":"\n<p class=\"wp-block-paragraph\">Efectius del Grup de Rescat a Altura (GERA) amb l&#8217;helic\u00f2pter V-990 del Consorci Provincial de Bombers, dotat amb un amb metge, van rescatar aquest passat dissabte a dos joves a Dosaig\u00fces, l&#8217;av\u00eds dels quals es va rebre a les 20,02 hores.&nbsp;<\/p>\n\n\n\n<p class=\"wp-block-paragraph\">Els joves s&#8217;havien desorientat de la ruta i havien acabat en una zona de dif\u00edcil acc\u00e9s de la qual no podien eixir pels seus mitjans. Tots dos van ser evacuats per via a\u00e8ria fins a una zona segura en bon estat.<\/p>\n\n\n\n<figure class=\"wp-block-gallery has-nested-images columns-1 is-cropped wp-block-gallery-1 is-layout-flex wp-block-gallery-is-layout-flex\">\n<figure class=\"wp-block-image size-large\"><img loading=\"lazy\" decoding=\"async\" width=\"1024\" height=\"768\" data-id=\"261960\" src=\"https:\/\/www.tucomarca.com\/wordpress\/segunda\/wp-content\/uploads\/2025\/04\/DosAguasRescatados2-1024x768.jpg\" alt=\"\" class=\"wp-image-261960\" srcset=\"https:\/\/tucomarca.whitekongsoftware.com\/wp-content\/uploads\/2025\/04\/DosAguasRescatados2-1024x768.jpg 1024w, https:\/\/tucomarca.whitekongsoftware.com\/wp-content\/uploads\/2025\/04\/DosAguasRescatados2-300x225.jpg 300w, https:\/\/tucomarca.whitekongsoftware.com\/wp-content\/uploads\/2025\/04\/DosAguasRescatados2-768x576.jpg 768w, https:\/\/tucomarca.whitekongsoftware.com\/wp-content\/uploads\/2025\/04\/DosAguasRescatados2-1536x1152.jpg 1536w, https:\/\/tucomarca.whitekongsoftware.com\/wp-content\/uploads\/2025\/04\/DosAguasRescatados2-678x509.jpg 678w, https:\/\/tucomarca.whitekongsoftware.com\/wp-content\/uploads\/2025\/04\/DosAguasRescatados2-326x245.jpg 326w, https:\/\/tucomarca.whitekongsoftware.com\/wp-content\/uploads\/2025\/04\/DosAguasRescatados2-80x60.jpg 80w, https:\/\/tucomarca.whitekongsoftware.com\/wp-content\/uploads\/2025\/04\/DosAguasRescatados2.jpg 1920w\" sizes=\"auto, (max-width: 1024px) 100vw, 1024px\" \/><\/figure>\n\n\n\n<figure class=\"wp-block-image size-large\"><img loading=\"lazy\" decoding=\"async\" width=\"1024\" height=\"768\" data-id=\"261962\" src=\"https:\/\/www.tucomarca.com\/wordpress\/segunda\/wp-content\/uploads\/2025\/04\/DosAguasRescatados3-1024x768.jpg\" alt=\"\" class=\"wp-image-261962\" srcset=\"https:\/\/tucomarca.whitekongsoftware.com\/wp-content\/uploads\/2025\/04\/DosAguasRescatados3-1024x768.jpg 1024w, https:\/\/tucomarca.whitekongsoftware.com\/wp-content\/uploads\/2025\/04\/DosAguasRescatados3-300x225.jpg 300w, https:\/\/tucomarca.whitekongsoftware.com\/wp-content\/uploads\/2025\/04\/DosAguasRescatados3-768x576.jpg 768w, https:\/\/tucomarca.whitekongsoftware.com\/wp-content\/uploads\/2025\/04\/DosAguasRescatados3-1536x1152.jpg 1536w, https:\/\/tucomarca.whitekongsoftware.com\/wp-content\/uploads\/2025\/04\/DosAguasRescatados3-678x509.jpg 678w, https:\/\/tucomarca.whitekongsoftware.com\/wp-content\/uploads\/2025\/04\/DosAguasRescatados3-326x245.jpg 326w, https:\/\/tucomarca.whitekongsoftware.com\/wp-content\/uploads\/2025\/04\/DosAguasRescatados3-80x60.jpg 80w, https:\/\/tucomarca.whitekongsoftware.com\/wp-content\/uploads\/2025\/04\/DosAguasRescatados3.jpg 1920w\" sizes=\"auto, (max-width: 1024px) 100vw, 1024px\" \/><\/figure>\n<\/figure>\n","protected":false},"excerpt":{"rendered":"<div class=\"mh-excerpt\">Efectius del Grup de Rescat a Altura (GERA) amb l&#8217;helic\u00f2pter V-990 del Consorci Provincial de Bombers, dotat amb un amb metge, van rescatar aquest passat dissabte a dos joves a Dosaig\u00fces, l&#8217;av\u00eds dels quals es <a class=\"mh-excerpt-more\" href=\"https:\/\/tucomarca.whitekongsoftware.com\/ca\/membres-del-gera-rescaten-en-helicopter-a-dos-joves-que-shavien-desorientat-fent-una-ruta-a-dosaigues\/\" title=\"Membres del GERA rescaten en helic\u00f2pter a dos joves que s&#8217;havien desorientat fent una ruta a Dosaig\u00fces\">[+] <\/a><\/div>\n","protected":false},"author":1,"featured_media":261959,"comment_status":"open","ping_status":"open","sticky":false,"template":"","format":"gallery","meta":{"footnotes":""},"categories":[10976,10898,10948,10894,10904,10912,10903,10896,10897],"tags":[20371,11132,22173,10914,13578,17142],"class_list":["post-261965","post","type-post","status-publish","format-gallery","has-post-thumbnail","category-dos-aguas-ca","category-ventana-ca","category-infraestructuras-ca","category-la-comarca-ca","category-sin-categorizar-ca","category-la-hoya-ca","category-medio-ambiente-la-comarca-ca","category-seccion-ca","category-sucesos-la-comarca-ca","tag-consorcio-provincial-de-bomberos-ca","tag-dos-aguas","tag-helicoptero-ca","tag-la-hoya-de-bunol-chiva-ca","tag-rescate-ca","tag-rescate-aereo-ca","post_format-post-format-gallery"],"_links":{"self":[{"href":"https:\/\/tucomarca.whitekongsoftware.com\/ca\/wp-json\/wp\/v2\/posts\/261965","targetHints":{"allow":["GET"]}}],"collection":[{"href":"https:\/\/tucomarca.whitekongsoftware.com\/ca\/wp-json\/wp\/v2\/posts"}],"about":[{"href":"https:\/\/tucomarca.whitekongsoftware.com\/ca\/wp-json\/wp\/v2\/types\/post"}],"author":[{"embeddable":true,"href":"https:\/\/tucomarca.whitekongsoftware.com\/ca\/wp-json\/wp\/v2\/users\/1"}],"replies":[{"embeddable":true,"href":"https:\/\/tucomarca.whitekongsoftware.com\/ca\/wp-json\/wp\/v2\/comments?post=261965"}],"version-history":[{"count":0,"href":"https:\/\/tucomarca.whitekongsoftware.com\/ca\/wp-json\/wp\/v2\/posts\/261965\/revisions"}],"wp:featuredmedia":[{"embeddable":true,"href":"https:\/\/tucomarca.whitekongsoftware.com\/ca\/wp-json\/wp\/v2\/media\/261959"}],"wp:attachment":[{"href":"https:\/\/tucomarca.whitekongsoftware.com\/ca\/wp-json\/wp\/v2\/media?parent=261965"}],"wp:term":[{"taxonomy":"category","embeddable":true,"href":"https:\/\/tucomarca.whitekongsoftware.com\/ca\/wp-json\/wp\/v2\/categories?post=261965"},{"taxonomy":"post_tag","embeddable":true,"href":"https:\/\/tucomarca.whitekongsoftware.com\/ca\/wp-json\/wp\/v2\/tags?post=261965"}],"curies":[{"name":"wp","href":"https:\/\/api.w.org\/{rel}","templated":true}]}}