{"id":261810,"date":"2025-04-14T11:50:00","date_gmt":"2025-04-14T09:50:00","guid":{"rendered":"https:\/\/www.tucomarca.com\/wordpress\/segunda\/?p=261810"},"modified":"2025-04-14T14:30:38","modified_gmt":"2025-04-14T12:30:38","slug":"la-generalitat-posa-en-marxa-el-nou-servei-public-dautobusos-per-a-connectar-municipis-dels-serrans-rincon-dademus-i-camp-de-turia","status":"publish","type":"post","link":"https:\/\/tucomarca.whitekongsoftware.com\/ca\/la-generalitat-posa-en-marxa-el-nou-servei-public-dautobusos-per-a-connectar-municipis-dels-serrans-rincon-dademus-i-camp-de-turia\/","title":{"rendered":"La Generalitat posa en marxa el nou servei p\u00fablic d&#8217;autobusos per a connectar municipis dels Serrans, Rinc\u00f3n d&#8217;Adem\u00fas i Camp de T\u00faria"},"content":{"rendered":"\n<h3 class=\"wp-block-heading\">A partir d&#8217;aquest dimarts la nova connexi\u00f3, estructurada en 14 rutes,\u00a0atendr\u00e0 a prop de 59.000 habitants.<\/h3>\n\n\n\n<h3 class=\"wp-block-heading\">Les rutes milloraran freq\u00fc\u00e8ncies i serveis i connectaran amb nodes de transport i amb l&#8217;Hospital de Ll\u00edria, el campus universitari de Burjassot o parades de Metrovalencia.<\/h3>\n\n\n\n<p class=\"wp-block-paragraph\">La Conselleria de Medi Ambient, Infraestructures i Territori posa en marxa a partir d&#8217;aquest dimarts, 15 d&#8217;abril, el nou servei p\u00fablic d&#8217;autobusos per al transport de viatgers per carretera que connectar\u00e0 municipis de les comarques dels Serrans, Rinc\u00f3n d&#8217;Adem\u00fas i Camp de T\u00faria.<\/p>\n\n\n\n<p class=\"wp-block-paragraph\">La concessi\u00f3 CV-101 La Regi\u00f3 muntanyenca-Val\u00e8ncia suposar\u00e0 per a la Generalitat un cost de 378.543 euros anuals. Aquesta aportaci\u00f3 se suma als ingressos ordinaris que rep la concession\u00e0ria per part dels usuaris i que contribueix al manteniment del servei.<\/p>\n\n\n\n<p class=\"wp-block-paragraph\">El nou corredor d&#8217;autobusos atendr\u00e0 58.982 habitants residents dels municipis d&#8217;Adem\u00fas, Cases Altes, Cases Baixes, Castielfabib, la Pobla de Sant Miquel, Torrebaixa, Vallanca, les Alcubles, Alpont, Andilla, Aras de los Olmos, Calles, Xelva, Xulilla, Domenyo, Figueroles de Domenyo, la Llosa del Bisbe, Sot de Xera, Titaig\u00fces, Toixa, el Villar, la Yesa, Casinos, G\u00e0tova, Marines, Olocau, Ll\u00edria, Sant Antoni de Benaixeve, Santa Cruz de Moya, Abejuela i Arcos de las Salinas.<\/p>\n\n\n\n<p class=\"wp-block-paragraph\">El servei connectar\u00e0 amb nodes de transport i centres de refer\u00e8ncia com l&#8217;Hospital de Ll\u00edria, el campus universitari de Burjassot, parades de Metrovalencia de Ll\u00edria, Beniferri o Campanar i l&#8217;estaci\u00f3 d&#8217;autobusos de Val\u00e8ncia, entre altres. A m\u00e9s, es milloren les freq\u00fc\u00e8ncies i els horaris del servei.<\/p>\n\n\n\n<p class=\"wp-block-paragraph\">La nova connexi\u00f3 s&#8217;estructura en les seg\u00fcents l\u00ednies: &nbsp;400a: Adem\u00fas &#8211; Val\u00e8ncia;&nbsp;400b: el Villar &#8211; Val\u00e8ncia;&nbsp;400c: Toixa &#8211; Val\u00e8ncia;&nbsp;400d: Aras de los Olmos &#8211; Val\u00e8ncia;&nbsp;401d: la Pobla de Sant Miquel &#8211; Adem\u00fas;&nbsp;401f: Costa de l&#8217;Estona \u2013 Adem\u00fas;&nbsp;401g: Vallanca \u2013 Torrebaixa;&nbsp;402: Arcos de las Salinas \u2013 Titaig\u00fces;&nbsp;403a: Figueroles de Domenyo \u2013 el Villar;&nbsp;403b: La Pobleta \u2013 el Villar;&nbsp;403c: Sot de Xera \u2013 el Villar;&nbsp;405a: G\u00e0tova \u2013 Ll\u00edria;&nbsp;405b: Marines \u2013 Ll\u00edria; i 406: les Alcubles\u2013 Ll\u00edria.<\/p>\n\n\n\n<p class=\"wp-block-paragraph\">Respecte als vehicles, la concessi\u00f3 comptar\u00e0 amb una dotaci\u00f3 m\u00ednima de deu autobusos que realitzaran m\u00e9s de 333.000 quil\u00f2metres anuals i 7.260 expedicions a l&#8217;any, la qual cosa equival a una mitjana de 19 di\u00e0ries.<\/p>\n\n\n\n<p class=\"wp-block-paragraph\"><strong>Est\u00e0ndards de qualitat<\/strong><\/p>\n\n\n\n<p class=\"wp-block-paragraph\">L&#8217;adjudicaci\u00f3 de serveis de transport \u00e9s part de la reordenaci\u00f3 de la xarxa auton\u00f2mica de transport p\u00fablic interurb\u00e0. Amb la posada en servei de la concessi\u00f3 CV-101, estan en funcionament 11 projectes de la nova xarxa, i un altre est\u00e0 contractat i en tr\u00e0mit per a la seua posada en servei. L&#8217;objectiu \u00e9s millorar la qualitat del servei, augmentar l&#8217;accessibilitat i promoure la integraci\u00f3 dels diferents modes de transport per a satisfer millor les necessitats de mobilitat de la poblaci\u00f3.<\/p>\n\n\n\n<p class=\"wp-block-paragraph\">Els nous serveis de transport p\u00fablic estableixen est\u00e0ndards tecnol\u00f2gics i d&#8217;accessibilitat, aix\u00ed com criteris mediambientals i d&#8217;efici\u00e8ncia energ\u00e8tica. Tots els vehicles compliran amb la normativa d&#8217;accessibilitat i estaran equipats amb un Sistema d&#8217;Ajuda a l&#8217;Explotaci\u00f3 (SAE) per a oferir informaci\u00f3 en temps real sobre localitzaci\u00f3 i horaris.<\/p>\n","protected":false},"excerpt":{"rendered":"<div class=\"mh-excerpt\">A partir d&#8217;aquest dimarts la nova connexi\u00f3, estructurada en 14 rutes,\u00a0atendr\u00e0 a prop de 59.000 habitants. Les rutes milloraran freq\u00fc\u00e8ncies i serveis i connectaran amb nodes de transport i amb l&#8217;Hospital de Ll\u00edria, el campus <a class=\"mh-excerpt-more\" href=\"https:\/\/tucomarca.whitekongsoftware.com\/ca\/la-generalitat-posa-en-marxa-el-nou-servei-public-dautobusos-per-a-connectar-municipis-dels-serrans-rincon-dademus-i-camp-de-turia\/\" title=\"La Generalitat posa en marxa el nou servei p\u00fablic d&#8217;autobusos per a connectar municipis dels Serrans, Rinc\u00f3n d&#8217;Adem\u00fas i Camp de T\u00faria\">[+] <\/a><\/div>\n","protected":false},"author":13,"featured_media":261768,"comment_status":"open","ping_status":"open","sticky":false,"template":"","format":"standard","meta":{"footnotes":""},"categories":[10926,10890,11045,11044,11043,11042,11038,10892,10923,10924,10930,10925,11039,11036,11035,11046,10898,10929,11033,10948,10894,10904,10960,11023,10928,11024,10932,10935,10947,10934,10896,11026,11027,10961,11028,10962,11029],"tags":[11097,11078,11187,11188,11201,11923,10899,11870,11871,13925,17521,11083,11084,15612,15523,15325,19853,12903,16539,12177,11070,11080,13042,16173,12359,11147,17643,12925,13926,11173,18256,11119],"class_list":["post-261810","post","type-post","status-publish","format-standard","has-post-thumbnail","category-ademus-ca","category-ademus","category-alcublas-ca","category-alpuente-ca","category-andilla-ca","category-aras-de-olmos-ca","category-calles-ca","category-camp-de-turia-ca","category-cases-altes","category-cases-baixes","category-casinos-ca","category-castielfabib-ca","category-chelva-ca","category-chulilla-ca","category-domeno-ca","category-los-serranos-ca","category-ventana-ca","category-gatova-ca","category-higueruelas-ca","category-infraestructuras-ca","category-la-comarca-ca","category-sin-categorizar-ca","category-la-puebla-de-san-miguel-ca","category-la-yesa-ca","category-lliria-ca","category-losa-del-obispo-ca","category-marines-ca","category-olocau-ca","category-politica","category-san-antonio-de-benageber-ca","category-seccion-ca","category-sot-de-chera-ca","category-titaguas-ca","category-torrebaja-ca","category-tuejar-ca","category-vallanca-ca","category-villar-del-arzobispo-ca","tag-ademuz-ca","tag-alcublas-ca","tag-alpuente-ca","tag-andilla-ca","tag-aras-de-olmos-ca","tag-calles-2-ca","tag-camp-de-turia-ca","tag-casas-altas-ca","tag-casas-bajas-ca","tag-casinos-ca","tag-castielfabib-ca","tag-chelva-ca","tag-chulilla-ca","tag-domeno-ca","tag-gatova-ca","tag-gva-ca","tag-higueruelas-ca","tag-infraestructuras-ca","tag-la-puebla-de-san-miguel-ca","tag-la-yesa-ca","tag-lliria-ca","tag-los-serranos-ca","tag-losa-del-obispo-ca","tag-marines-ca","tag-olocau-ca","tag-san-antoni-de-benageber","tag-sot-de-chera-ca","tag-titaguas-ca","tag-torrebaja-ca","tag-tuejar-ca","tag-vallanca-ca","tag-villar-del-arzobispo-ca"],"_links":{"self":[{"href":"https:\/\/tucomarca.whitekongsoftware.com\/ca\/wp-json\/wp\/v2\/posts\/261810","targetHints":{"allow":["GET"]}}],"collection":[{"href":"https:\/\/tucomarca.whitekongsoftware.com\/ca\/wp-json\/wp\/v2\/posts"}],"about":[{"href":"https:\/\/tucomarca.whitekongsoftware.com\/ca\/wp-json\/wp\/v2\/types\/post"}],"author":[{"embeddable":true,"href":"https:\/\/tucomarca.whitekongsoftware.com\/ca\/wp-json\/wp\/v2\/users\/13"}],"replies":[{"embeddable":true,"href":"https:\/\/tucomarca.whitekongsoftware.com\/ca\/wp-json\/wp\/v2\/comments?post=261810"}],"version-history":[{"count":0,"href":"https:\/\/tucomarca.whitekongsoftware.com\/ca\/wp-json\/wp\/v2\/posts\/261810\/revisions"}],"wp:featuredmedia":[{"embeddable":true,"href":"https:\/\/tucomarca.whitekongsoftware.com\/ca\/wp-json\/wp\/v2\/media\/261768"}],"wp:attachment":[{"href":"https:\/\/tucomarca.whitekongsoftware.com\/ca\/wp-json\/wp\/v2\/media?parent=261810"}],"wp:term":[{"taxonomy":"category","embeddable":true,"href":"https:\/\/tucomarca.whitekongsoftware.com\/ca\/wp-json\/wp\/v2\/categories?post=261810"},{"taxonomy":"post_tag","embeddable":true,"href":"https:\/\/tucomarca.whitekongsoftware.com\/ca\/wp-json\/wp\/v2\/tags?post=261810"}],"curies":[{"name":"wp","href":"https:\/\/api.w.org\/{rel}","templated":true}]}}