{"id":261708,"date":"2025-04-14T12:00:00","date_gmt":"2025-04-14T10:00:00","guid":{"rendered":"https:\/\/www.tucomarca.com\/wordpress\/segunda\/?p=261708"},"modified":"2025-04-14T13:09:50","modified_gmt":"2025-04-14T11:09:50","slug":"video-cau-una-perillosa-banda-responsable-duna-onada-de-violents-robatoris-a-requena-setaigues-godelleta-xera-i-riba-roja","status":"publish","type":"post","link":"https:\/\/tucomarca.whitekongsoftware.com\/ca\/video-cau-una-perillosa-banda-responsable-duna-onada-de-violents-robatoris-a-requena-setaigues-godelleta-xera-i-riba-roja\/","title":{"rendered":"V\u00eddeo: cau una perillosa banda responsable d&#8217;una onada de violents robatoris a Requena, Setaig\u00fces, Godelleta, Xera i Riba-roja"},"content":{"rendered":"\n<h3 class=\"wp-block-heading\">Tres persones ha sigut detingudes per la Gu\u00e0rdia Civil acusades de la comissi\u00f3 de huit robatoris amb gran viol\u00e8ncia i intimidaci\u00f3 perpetrats en les localitats de Requena, Setaig\u00fces, Xera, Godelleta i Riba-roja de T\u00faria.<\/h3>\n\n\n\n<h3 class=\"wp-block-heading\">Els arrestats actuaven amb extrema viol\u00e8ncia, amena\u00e7aven amb ganivets de grans dimensions i agredien a les seues v\u00edctimes sense objeccions.<\/h3>\n\n\n\n<figure class=\"wp-block-embed is-type-video is-provider-youtube wp-block-embed-youtube wp-embed-aspect-16-9 wp-has-aspect-ratio\"><div class=\"wp-block-embed__wrapper\">\n<iframe loading=\"lazy\" title=\"V\u00eddeo: 3 detenidos por 8 robos con violencia en Requena, Siete Aguas, Chera, Godelleta y Riba-roja\" width=\"500\" height=\"281\" src=\"https:\/\/www.youtube.com\/embed\/cMgMPa6Kk_s?feature=oembed\" frameborder=\"0\" allow=\"accelerometer; autoplay; clipboard-write; encrypted-media; gyroscope; picture-in-picture; web-share\" referrerpolicy=\"strict-origin-when-cross-origin\" allowfullscreen><\/iframe>\n<\/div><\/figure>\n\n\n\n<p class=\"wp-block-paragraph\">La Gu\u00e0rdia Civil ha desarticulat un grup criminal integrat per tres individus responsables d&#8217;una s\u00e8rie de robatoris amb viol\u00e8ncia i intimidaci\u00f3 que van sembrar el p\u00e0nic en diverses localitats de la prov\u00edncia de Val\u00e8ncia, entre elles Godelleta, Riba-roja, Xera, Requena i Setaig\u00fces. L&#8217;operaci\u00f3, fruit d&#8217;una intensa labor investigadora, ha perm\u00e9s esclarir almenys huit delictes greus comeses en els \u00faltims mesos.<\/p>\n\n\n\n<p class=\"wp-block-paragraph\">El cas m\u00e9s alarmant es remunta al passat 19 d&#8217;octubre, quan un matrimoni d&#8217;octogenaris va ser brutalment agredit en el seu habitatge a Xera. Els assaltants no sols van sostraure 2.000 euros en efectiu, sin\u00f3 que van arrancar les arracades de la dona, provocant-li greus esquin\u00e7aments en els l\u00f2buls de les orelles.<\/p>\n\n\n\n<p class=\"wp-block-paragraph\">Dies despr\u00e9s, a Requena, una altra v\u00edctima va ser abordada dins del seu vehicle, que va ser robat pels delinq\u00fcents. El cotxe va apar\u00e9ixer poc despr\u00e9s a Benaguasil, la qual cosa va permetre als investigadors obtindre imatges clau de les c\u00e0meres de seguretat de la zona. En elles, s&#8217;identificava als sospitosos, les caracter\u00edstiques dels quals coincidien amb les descrites en l&#8217;assalt de Xera.<\/p>\n\n\n\n<p class=\"wp-block-paragraph\">La cadena de delictes va continuar al desembre en un bar de Setaig\u00fces, on els mateixos individus van protagonitzar un altre robatori violent. Gr\u00e0cies a la revisi\u00f3 de c\u00e0meres i a l&#8217;an\u00e0lisi dels moviments dels tel\u00e8fons m\u00f2bils, els agents van aconseguir vincular als detinguts amb una s\u00e8rie de robatoris en altres localitats, incloent-hi una farm\u00e0cia a Riba-roja de T\u00faria i un supermercat a Godelleta.<\/p>\n\n\n\n<p class=\"wp-block-paragraph\">En aquest \u00faltim cas, els lladres es van portar m\u00e9s de 1.200 euros en efectiu i un tel\u00e8fon m\u00f2bil despr\u00e9s d&#8217;amena\u00e7ar amb una arma blanca. En la farm\u00e0cia, el bot\u00ed va ser de 82,35 euros i una impressora de tiquets, despr\u00e9s d&#8217;un assalt llampec perpetrat amb el rostre cobert.<\/p>\n\n\n\n<p class=\"wp-block-paragraph\">Els detinguts operaven preferentment a hora foscant i durant la nit, utilitzant ganivets de gran grand\u00e0ria per a amena\u00e7ar a les seues v\u00edctimes, als qui no dubtaven a agredir f\u00edsicament si ho consideraven necessari.<\/p>\n\n\n\n<p class=\"wp-block-paragraph\">Finalment, la Gu\u00e0rdia Civil va aconseguir identificar i detindre als tres membres del grup, als qui se&#8217;ls imputen delictes de robatori amb viol\u00e8ncia, lesions, robatori de vehicles, i altres relacionats amb la seguretat vi\u00e0ria. L&#8217;operaci\u00f3 ha sigut desenvolupada per l&#8217;Equip de Policia Judicial de Requena, en col\u00b7laboraci\u00f3 amb agents de Riba-roja de T\u00faria, Xiva i Benaguasil, i sota la direcci\u00f3 del Jutjat de Primera Inst\u00e0ncia i Instrucci\u00f3 n\u00famero 1 de Requena.<\/p>\n","protected":false},"excerpt":{"rendered":"<div class=\"mh-excerpt\">Tres persones ha sigut detingudes per la Gu\u00e0rdia Civil acusades de la comissi\u00f3 de huit robatoris amb gran viol\u00e8ncia i intimidaci\u00f3 perpetrats en les localitats de Requena, Setaig\u00fces, Xera, Godelleta i Riba-roja de T\u00faria. Els <a class=\"mh-excerpt-more\" href=\"https:\/\/tucomarca.whitekongsoftware.com\/ca\/video-cau-una-perillosa-banda-responsable-duna-onada-de-violents-robatoris-a-requena-setaigues-godelleta-xera-i-riba-roja\/\" title=\"V\u00eddeo: cau una perillosa banda responsable d&#8217;una onada de violents robatoris a Requena, Setaig\u00fces, Godelleta, Xera i Riba-roja\">[+] <\/a><\/div>\n","protected":false},"author":13,"featured_media":261704,"comment_status":"open","ping_status":"open","sticky":false,"template":"","format":"video","meta":{"footnotes":""},"categories":[10892,11046,10898,10977,10894,10912,10908,10909,10906,10896,10979,10897,11062,11037],"tags":[10899,11318,11087,10914,11080,11099,10910,11102,11157,10901,13938],"class_list":["post-261708","post","type-post","status-publish","format-video","has-post-thumbnail","category-camp-de-turia-ca","category-los-serranos-ca","category-ventana-ca","category-godelleta-ca","category-la-comarca-ca","category-la-hoya-ca","category-requena-ca","category-requena-utiel-ca","category-riba-roja-ca","category-seccion-ca","category-siete-aguas-ca","category-sucesos-la-comarca-ca","category-videos","category-chera-los-serranos-ca","tag-camp-de-turia-ca","tag-chera-ca","tag-godelleta-ca","tag-la-hoya-de-bunol-chiva-ca","tag-los-serranos-ca","tag-requena-ca","tag-requena-utiel-ca","tag-riba-roja-2-ca","tag-siete-aguas-ca","tag-sucesos-ca","tag-video-3-ca","post_format-post-format-video"],"_links":{"self":[{"href":"https:\/\/tucomarca.whitekongsoftware.com\/ca\/wp-json\/wp\/v2\/posts\/261708","targetHints":{"allow":["GET"]}}],"collection":[{"href":"https:\/\/tucomarca.whitekongsoftware.com\/ca\/wp-json\/wp\/v2\/posts"}],"about":[{"href":"https:\/\/tucomarca.whitekongsoftware.com\/ca\/wp-json\/wp\/v2\/types\/post"}],"author":[{"embeddable":true,"href":"https:\/\/tucomarca.whitekongsoftware.com\/ca\/wp-json\/wp\/v2\/users\/13"}],"replies":[{"embeddable":true,"href":"https:\/\/tucomarca.whitekongsoftware.com\/ca\/wp-json\/wp\/v2\/comments?post=261708"}],"version-history":[{"count":0,"href":"https:\/\/tucomarca.whitekongsoftware.com\/ca\/wp-json\/wp\/v2\/posts\/261708\/revisions"}],"wp:featuredmedia":[{"embeddable":true,"href":"https:\/\/tucomarca.whitekongsoftware.com\/ca\/wp-json\/wp\/v2\/media\/261704"}],"wp:attachment":[{"href":"https:\/\/tucomarca.whitekongsoftware.com\/ca\/wp-json\/wp\/v2\/media?parent=261708"}],"wp:term":[{"taxonomy":"category","embeddable":true,"href":"https:\/\/tucomarca.whitekongsoftware.com\/ca\/wp-json\/wp\/v2\/categories?post=261708"},{"taxonomy":"post_tag","embeddable":true,"href":"https:\/\/tucomarca.whitekongsoftware.com\/ca\/wp-json\/wp\/v2\/tags?post=261708"}],"curies":[{"name":"wp","href":"https:\/\/api.w.org\/{rel}","templated":true}]}}